{"id":685782,"date":"2026-01-24T10:16:10","date_gmt":"2026-01-24T10:16:10","guid":{"rendered":"https:\/\/www.europesays.com\/fr\/685782\/"},"modified":"2026-01-24T10:16:10","modified_gmt":"2026-01-24T10:16:10","slug":"date-et-heure-de-sortie-episode-11","status":"publish","type":"post","link":"https:\/\/www.europesays.com\/fr\/685782\/","title":{"rendered":"date et heure de sortie \u00e9pisode 11"},"content":{"rendered":"<p>Apr\u00e8s avoir offert l\u2019un de ses \u00e9pisodes les plus tendus depuis<br \/>\nle d\u00e9but de la saison, High Potential ne cesse de captiver<br \/>\nson public avec un savant m\u00e9lange d\u2019humour, de suspense et de<br \/>\nconflits internes. Morgan, toujours aussi brillante<br \/>\nqu\u2019impr\u00e9visible, continue de bousculer les r\u00e8gles du LAPD, quitte \u00e0<br \/>\nen payer le prix fort. Alors que les tensions atteignent un nouveau<br \/>\nsommet, une question br\u00fble toutes les l\u00e8vres : \u00e0 quand la suite ?<br \/>\nEt surtout, que va-t-il se passer maintenant que les cartes ont \u00e9t\u00e9<br \/>\nredistribu\u00e9es ?<\/p>\n<p>R\u00e9sum\u00e9 de l\u2019\u00e9pisode pr\u00e9c\u00e9dent : Morgan vir\u00e9e\u2026 et<br \/>\nr\u00e9int\u00e9gr\u00e9e<\/p>\n<p>L\u2019\u00e9pisode 10 de la saison 2, intitul\u00e9 \u00ab\u00a0Grounded\u00a0\u00bb, a marqu\u00e9 un<br \/>\ntournant dans la s\u00e9rie. <a href=\"https:\/\/www.melty.fr\/series\/high-potential-saison-2-fin-de-lepisode-10-expliquee-2291347.html\" target=\"_blank\" rel=\"noopener\"><br \/>\nMorgan a \u00e9t\u00e9 sanctionn\u00e9e<\/a> pour ses entorses r\u00e9p\u00e9t\u00e9es au<br \/>\nr\u00e8glement en \u00e9tant envoy\u00e9e en formation. Mais fid\u00e8le \u00e0 elle-m\u00eame,<br \/>\nelle ne peut s\u2019emp\u00eacher de s\u2019impliquer dans l\u2019enqu\u00eate sur la mort<br \/>\nmyst\u00e9rieuse d\u2019un th\u00e9rapeute de l\u2019arm\u00e9e, assassin\u00e9 en plein saut en<br \/>\nparachute.<\/p>\n<p>Malgr\u00e9 sa mise \u00e0 l\u2019\u00e9cart, Morgan r\u00e9sout l\u2019affaire, identifiant<br \/>\nle coupable : un ing\u00e9nieur li\u00e9 \u00e0 un prototype d\u2019avion d\u00e9fectueux.<br \/>\nMais cela ne suffit pas \u00e0 \u00e9viter son renvoi par les Affaires<br \/>\ninternes. Heureusement, Selena intervient dans l\u2019ombre, faisant<br \/>\nchanter Solomon avec des photos compromettantes pour sauver le<br \/>\nposte de Morgan. Un retour discret\u2026 mais risqu\u00e9. \u00ab\u00a0Votre<br \/>\ninsubordination n\u00a0\u00bbest pas une simple excentricit\u00e9, Morgan, c&rsquo;est un<br \/>\nhandicap\u00a0\u00bb<\/p>\n<p>Quand sort le prochain \u00e9pisode de High Potential saison 2<br \/>\n?<\/p>\n<p>Bonne nouvelle pour les fans impatients : <a href=\"https:\/\/www.melty.fr\/series\/high-potential-saison-2-calendrier-de-diffusion-des-episodes-2269493.html\" target=\"_blank\" rel=\"noopener\"><br \/>\nle prochain \u00e9pisode de High Potential saison 2<\/a>, l\u2019\u00e9pisode 11,<br \/>\nsera diffus\u00e9 le <strong>mardi 27 janvier 2026 \u00e0 21h00 HNE sur<br \/>\nABC<\/strong>. Comme chaque semaine, la s\u00e9rie conserve son cr\u00e9neau<br \/>\nhabituel du mardi soir.<\/p>\n<p>Cet \u00e9pisode sera crucial, car il ouvrira le dernier arc narratif<br \/>\nde la saison, \u00e0 seulement quelques chapitres de la conclusion.<br \/>\nApr\u00e8s les r\u00e9v\u00e9lations sur Wagner et les tensions internes au sein<br \/>\nde l\u2019\u00e9quipe, la suite s\u2019annonce particuli\u00e8rement mouvement\u00e9e.<\/p>\n<p>Que va-t-il se passer dans l\u2019\u00e9pisode 11<br \/>\n? Nos premi\u00e8res hypoth\u00e8ses<\/p>\n<p>L\u2019\u00e9pisode 10 a laiss\u00e9 plusieurs intrigues en suspens. La<br \/>\nconfrontation entre Karadec et Wagner en fin d\u2019\u00e9pisode a sem\u00e9 le<br \/>\ndoute : \u00ab\u00a0Voyez-vous, un type comme vous n&rsquo;accepte pas un travail<br \/>\nqui l&rsquo;\u00e9loignera de ce qu&rsquo;il aime le plus : \u00eatre sur le terrain. \u00c0<br \/>\nmoins, bien s\u00fbr, que quelqu&rsquo;un ne vous y ait forc\u00e9\u00a0\u00bb. La piste de la<br \/>\nfamille de Wagner, et surtout de son p\u00e8re, comme influence cach\u00e9e,<br \/>\nsemble de plus en plus probable.<\/p>\n<p>Il est donc possible que l\u2019\u00e9pisode 11 s\u2019attarde sur cette lign\u00e9e<br \/>\nfamiliale myst\u00e9rieuse, tout en d\u00e9veloppant les cons\u00e9quences du<br \/>\nchantage orchestr\u00e9 par Selena. Morgan d\u00e9couvrira-t-elle la v\u00e9rit\u00e9<br \/>\nsur la mani\u00e8re dont elle a \u00e9t\u00e9 r\u00e9int\u00e9gr\u00e9e ? Karadec ira-t-il plus<br \/>\nloin dans ses investigations sur Wagner ? La s\u00e9rie pourrait aussi<br \/>\nlancer une nouvelle affaire criminelle plus personnelle, impliquant<br \/>\npeut-\u00eatre Roman ou Arthur.<\/p>\n","protected":false},"excerpt":{"rendered":"Apr\u00e8s avoir offert l\u2019un de ses \u00e9pisodes les plus tendus depuis le d\u00e9but de la saison, High Potential&hellip;\n","protected":false},"author":2,"featured_media":685783,"comment_status":"","ping_status":"","sticky":false,"template":"","format":"standard","meta":{"footnotes":""},"categories":[1356],"tags":[520,58,59,1011,27,252,1364],"class_list":{"0":"post-685782","1":"post","2":"type-post","3":"status-publish","4":"format-standard","5":"has-post-thumbnail","7":"category-television","8":"tag-disney","9":"tag-divertissement","10":"tag-entertainment","11":"tag-fr","12":"tag-france","13":"tag-television","14":"tag-tv"},"share_on_mastodon":{"url":"https:\/\/pubeurope.com\/@fr\/115949560360532585","error":""},"_links":{"self":[{"href":"https:\/\/www.europesays.com\/fr\/wp-json\/wp\/v2\/posts\/685782","targetHints":{"allow":["GET"]}}],"collection":[{"href":"https:\/\/www.europesays.com\/fr\/wp-json\/wp\/v2\/posts"}],"about":[{"href":"https:\/\/www.europesays.com\/fr\/wp-json\/wp\/v2\/types\/post"}],"author":[{"embeddable":true,"href":"https:\/\/www.europesays.com\/fr\/wp-json\/wp\/v2\/users\/2"}],"replies":[{"embeddable":true,"href":"https:\/\/www.europesays.com\/fr\/wp-json\/wp\/v2\/comments?post=685782"}],"version-history":[{"count":0,"href":"https:\/\/www.europesays.com\/fr\/wp-json\/wp\/v2\/posts\/685782\/revisions"}],"wp:featuredmedia":[{"embeddable":true,"href":"https:\/\/www.europesays.com\/fr\/wp-json\/wp\/v2\/media\/685783"}],"wp:attachment":[{"href":"https:\/\/www.europesays.com\/fr\/wp-json\/wp\/v2\/media?parent=685782"}],"wp:term":[{"taxonomy":"category","embeddable":true,"href":"https:\/\/www.europesays.com\/fr\/wp-json\/wp\/v2\/categories?post=685782"},{"taxonomy":"post_tag","embeddable":true,"href":"https:\/\/www.europesays.com\/fr\/wp-json\/wp\/v2\/tags?post=685782"}],"curies":[{"name":"wp","href":"https:\/\/api.w.org\/{rel}","templated":true}]}}