{"id":685800,"date":"2026-01-24T10:25:11","date_gmt":"2026-01-24T10:25:11","guid":{"rendered":"https:\/\/www.europesays.com\/fr\/685800\/"},"modified":"2026-01-24T10:25:11","modified_gmt":"2026-01-24T10:25:11","slug":"direct-crues-la-laita-a-lassaut-des-quais-en-basse-ville-de-quimperle-letelegramme-fr","status":"publish","type":"post","link":"https:\/\/www.europesays.com\/fr\/685800\/","title":{"rendered":"DIRECT &#8211; Crues : la La\u00efta \u00e0 l&#039;assaut des quais en basse ville de Quimperl\u00e9 &#8211; letelegramme.fr"},"content":{"rendered":"<ol>\n<li><a href=\"https:\/\/news.google.com\/rss\/articles\/CBMi4gFBVV95cUxPUzVIdDhrWm9MalB2WDd0WDYzOVVObHpQOG5ONTFRWkM1b21nTkFybkxkLUdLcDUtM09VMzhnV2J6MWphdlMxWmh1MmMyRnJYZS1ERUlDTHFvY0h3QzJoUzU0dlRIRFlZSXdDamUydTViMmZ6eHZhclk3QldZSnlGc3lMUXY4aVU1ODlIR3MyM1BJS3J1MmNQUzlLUWRybS05T2FfSmFoZXRQVDdRazdac1Z4STBGTHg1MjM1cVlfRzc3ODVaRlp2ZFlWSzluLVRteWgwbFVJbFVyakRvc1JjeVJ3?oc=5\" target=\"_blank\" rel=\"noopener\">DIRECT &#8211; Crues : la La\u00efta \u00e0 l&rsquo;assaut des quais en basse ville de Quimperl\u00e9<\/a>&nbsp;&nbsp;letelegramme.fr<\/li>\n<li><a href=\"https:\/\/news.google.com\/rss\/articles\/CBMivwFBVV95cUxNejh6a2doTk9MLTdOX2NUbkpsTG5MMlJtVHNBNUkwNlZWOWtpZ1RSQ2JnR2JUd3lQMFZpdXJ0ZXNGOEJwV29YRnAzNUp4dGFxTGpjMjA1QjFiRzlLZXRGdC1tc2dkMHltd2pDT2xhb3BBcm85eWNqdlRCdHBlLV9RUXFIS0ZoRW9ab3pxME5ybkh6c0EwVmJBbFpHWHhfOXU3QVhnd1ZqOTY0cTQyTEtoUkg0LTZSWU9mX2Rsazhjcw?oc=5\" target=\"_blank\" rel=\"noopener\">Le drame n\u2019est pas pass\u00e9 loin \u00bb : un train Brest-Quimper percut\u00e9 par un arbre, plusieurs passagers bless\u00e9s [En images]<\/a>&nbsp;&nbsp;letelegramme.fr<\/li>\n<li><a href=\"https:\/\/news.google.com\/rss\/articles\/CBMiiwJBVV95cUxOZVBKRWpjTFR2dFZWbVFIc1BzSGJZWGYwblhYUjBWMmtyeUhQYnRsLWo5TkVqM2VCM1BIdWpLTjY3V2xtaEt4Q3VqRGxKTUNzdExydlVscFJ4OEI3RW5JSXYyWG9adE9qRmxlbDEybFIwU3FKZWkxZ01nUzJHZGpsNFFOdjJGa3U4V25UdlI3RVZiclE1Szl4Ync0aHNLQW8xSExVOWVoVkZYQ24zZVFHYXJ6aHhMVXlYY1VybzI4VGNQWFE0QkN5MHJBTkpxcV95Z2VDSU9Xbkw0YzVNWWdLQ1UtSkhJZmFPNV9UMlVkaGI4c2hyUUZjbFlVdG1UQjI5dW0wU2hsbUZDMzQ?oc=5\" target=\"_blank\" rel=\"noopener\">Temp\u00eate Ingrid . Des rafales de vent \u00e0 124 km\/h relev\u00e9es en Bretagne dans la nuit de vendredi \u00e0 samedi<\/a>&nbsp;&nbsp;Ouest-France<\/li>\n<li><a href=\"https:\/\/news.google.com\/rss\/articles\/CBMilgJBVV95cUxQVXlTZjdlZEljXzRHU0g3VTE0NVpkWjIyNnhWU3lVTXRCWExqXzBMZ1hKeV90M1E0OE1vcktwVk5MMEFMU0N2c3h3NFdQUGRGb0pFM2g4cEJmYjVobWdUbzR5TlVzTGpjQXpXMzFUMXJqdFZlTUVHWHpsaTR4ZTJsNkp2aG4zLVZKN29zeWRLS0JnSnFuTWtURzE1SlNWZnBwQ0FKS3BPV2I1ZU00bjljZXJhcEZYakNLd1RoeDY2NnF6dnpQN1NxRnpSeFpOU2NoTkFRTFhsUkJaa29MQXpzZXlhMWFUVnpIbFd5SEF1LWw4bXZWRTh3dHBIWkdzNWdaelFEUUhFVmNVRHRoUWtQWHd3MUphQQ?oc=5\" target=\"_blank\" rel=\"noopener\">\u00ab\u00a0On a eu plus de 1,20 m\u00e8tre d&rsquo;eau de haut\u00a0\u00bb: apr\u00e8s le passage de la temp\u00eate Ingrid en Bretagne, les habitants constatent les d\u00e9g\u00e2ts<\/a>&nbsp;&nbsp;BFM<\/li>\n<li><a href=\"https:\/\/news.google.com\/rss\/articles\/CBMipgFBVV95cUxQMVdubHdDZWJMUUhheHZPSkpLRV9HYklUVENfTUE0ank4VHA3bG5pVmJkQnpPRGxYN0FoMEg1OHJsQ0p1YXVQTVdnYVZzNjRNdmJkVGJCcTVXS2RmU2duMTQxa3MtblNNb2NuVzUxN0ZDUlR6VVJGTncxZHJMelY3ODhfRlQ3VUw5aFRlTzlPdUhqeDdsbEVCMDZRTDNqWmdIU0dJZW93?oc=5\" target=\"_blank\" rel=\"noopener\">\u00c9rosion : dans le Finist\u00e8re, faut-il dire adieu \u00e0 la mythique route du Vent solaire ?<\/a>&nbsp;&nbsp;Reporterre, le m\u00e9dia de l&rsquo;\u00e9cologie<\/li>\n<\/ol>\n","protected":false},"excerpt":{"rendered":"DIRECT &#8211; Crues : la La\u00efta \u00e0 l&rsquo;assaut des quais en basse ville de Quimperl\u00e9&nbsp;&nbsp;letelegramme.fr Le drame n\u2019est&hellip;\n","protected":false},"author":2,"featured_media":685801,"comment_status":"","ping_status":"","sticky":false,"template":"","format":"standard","meta":{"footnotes":""},"categories":[4],"tags":[11,829,765,3321,1011,27,848,2839,2487,21570,3729,12,6099,11878,25,18089],"class_list":{"0":"post-685800","1":"post","2":"type-post","3":"status-publish","4":"format-standard","5":"has-post-thumbnail","7":"category-france","8":"tag-actualites","9":"tag-bretagne","10":"tag-en-continu","11":"tag-finistere","12":"tag-fr","13":"tag-france","14":"tag-ille-et-vilaine","15":"tag-inondations","16":"tag-meteo","17":"tag-meteo-en-bretagne","18":"tag-morbihan","19":"tag-news","20":"tag-pontivy","21":"tag-quimperle","22":"tag-republique-francaise","23":"tag-selection-showcase"},"share_on_mastodon":{"url":"https:\/\/pubeurope.com\/@fr\/115949595810136151","error":""},"_links":{"self":[{"href":"https:\/\/www.europesays.com\/fr\/wp-json\/wp\/v2\/posts\/685800","targetHints":{"allow":["GET"]}}],"collection":[{"href":"https:\/\/www.europesays.com\/fr\/wp-json\/wp\/v2\/posts"}],"about":[{"href":"https:\/\/www.europesays.com\/fr\/wp-json\/wp\/v2\/types\/post"}],"author":[{"embeddable":true,"href":"https:\/\/www.europesays.com\/fr\/wp-json\/wp\/v2\/users\/2"}],"replies":[{"embeddable":true,"href":"https:\/\/www.europesays.com\/fr\/wp-json\/wp\/v2\/comments?post=685800"}],"version-history":[{"count":0,"href":"https:\/\/www.europesays.com\/fr\/wp-json\/wp\/v2\/posts\/685800\/revisions"}],"wp:featuredmedia":[{"embeddable":true,"href":"https:\/\/www.europesays.com\/fr\/wp-json\/wp\/v2\/media\/685801"}],"wp:attachment":[{"href":"https:\/\/www.europesays.com\/fr\/wp-json\/wp\/v2\/media?parent=685800"}],"wp:term":[{"taxonomy":"category","embeddable":true,"href":"https:\/\/www.europesays.com\/fr\/wp-json\/wp\/v2\/categories?post=685800"},{"taxonomy":"post_tag","embeddable":true,"href":"https:\/\/www.europesays.com\/fr\/wp-json\/wp\/v2\/tags?post=685800"}],"curies":[{"name":"wp","href":"https:\/\/api.w.org\/{rel}","templated":true}]}}