{"id":685818,"date":"2026-01-24T10:38:13","date_gmt":"2026-01-24T10:38:13","guid":{"rendered":"https:\/\/www.europesays.com\/fr\/685818\/"},"modified":"2026-01-24T10:38:13","modified_gmt":"2026-01-24T10:38:13","slug":"cuvee-grenobloise-douze-groupes-laureats-pour-ledition-2026","status":"publish","type":"post","link":"https:\/\/www.europesays.com\/fr\/685818\/","title":{"rendered":"Cuv\u00e9e grenobloise : douze groupes laur\u00e9ats pour l&rsquo;\u00e9dition 2026"},"content":{"rendered":"<p>Depuis main\u00adte\u00adnant vingt-cinq ans, la <a href=\"https:\/\/www.placegrenet.fr\/?s=cuv%C3%A9e\" target=\"_blank\" rel=\"noopener\">Cuv\u00e9e gre\u00adno\u00adbloise<\/a> fonc\u00adtionne comme un sis\u00admo\u00adgraphe de la sc\u00e8ne musi\u00adcale is\u00e9\u00adroise. Chaque \u00e9di\u00adtion enre\u00adgistre les secousses, glis\u00adse\u00adments et renou\u00advel\u00adle\u00adments de cette der\u00adni\u00e8re, gr\u00e2ce au tra\u00advail de l\u2019as\u00adso\u00adcia\u00adtion de musiques actuelle <a href=\"https:\/\/www.retourdescene.net\/\" target=\"_blank\" rel=\"noopener\">Retour de sc\u00e8ne<\/a>.<\/p>\n<p><a href=\"https:\/\/www.youtube.com\/playlist?list=PLY0WXBezek7GfCqnMV-zMrUx364fRik5F\" target=\"_blank\" rel=\"noopener\">La play\u00adlist<\/a> du cru anni\u00adver\u00adsaire 2026 ne d\u00e9roge pas \u00e0 la r\u00e8gle et r\u00e9v\u00e8le toute une \u00e9vo\u00adlu\u00adtion des esth\u00e9\u00adtiques, for\u00admats et tra\u00adjec\u00adtoires artis\u00adtiques. World music, pop, rock, rap, \u00e9lec\u00adtro ou post-punk\u2026 \u00ab\u00a0<a href=\"https:\/\/www.retourdescene.net\/cuvee\/\" target=\"_blank\" rel=\"noopener\">Douze for\u00adma\u00adtions musi\u00adcales<\/a> aux styles vari\u00e9s rejoignent cette ini\u00adtia\u00adtive qui, depuis 25 ans, met en avant le meilleur de la sc\u00e8ne is\u00e9\u00adroise\u00a0\u00bb, sou\u00adligne ainsi l\u2019as\u00adso\u00adcia\u00adtion d\u00e9cou\u00advreuse de talents.<\/p>\n<p><a href=\"https:\/\/www.europesays.com\/fr\/wp-content\/uploads\/2026\/01\/nachave.-credit_photo_maxime_reynaud-scaled.png\"><img fetchpriority=\"high\" decoding=\"async\" aria-describedby=\"caption-attachment-669333\" class=\"wp-image-669333 size-full\" src=\"data:image\/svg+xml,%3Csvg%20xmlns=\" http:=\"\" alt=\"Le groupe Nachave fait partie des heureux laur\u00e9ats de la Cuv\u00e9e grenobloise 2026. \u00a9 Maxime Reynaud\" width=\"2048\" height=\"1536\" data-lazy- data-lazy- data-lazy-src=\"https:\/\/www.europesays.com\/fr\/wp-content\/uploads\/2026\/01\/nachave.-credit_photo_maxime_reynaud-scaled.png\"\/><\/a><\/p>\n<p id=\"caption-attachment-669333\" class=\"wp-caption-text\">Le groupe Nachave (post-punk) fait par\u00adtie des heu\u00adreux lau\u00adr\u00e9ats de la Cuv\u00e9e gre\u00adno\u00adbloise 2026. \u00a9 Maxime Reynaud<\/p>\n<p>Les chiffres livr\u00e9s par Retour de sc\u00e8ne confirment par ailleurs une ten\u00addance de fond. La part des pro\u00adjets por\u00adt\u00e9s en solo ou en duo pro\u00adgresse sen\u00adsi\u00adble\u00adment, tan\u00addis que les for\u00adma\u00adtions \u00e0 plu\u00adsieurs se font plus rares. \u00ab\u00a0On observe une r\u00e9duc\u00adtion du nombre d\u2019artistes par groupe au fil des ann\u00e9es\u00a0\u00bb, note ainsi l\u2019association.<\/p>\n","protected":false},"excerpt":{"rendered":"Depuis main\u00adte\u00adnant vingt-cinq ans, la Cuv\u00e9e gre\u00adno\u00adbloise fonc\u00adtionne comme un sis\u00admo\u00adgraphe de la sc\u00e8ne musi\u00adcale is\u00e9\u00adroise. Chaque \u00e9di\u00adtion&hellip;\n","protected":false},"author":2,"featured_media":685819,"comment_status":"","ping_status":"","sticky":false,"template":"","format":"standard","meta":{"footnotes":""},"categories":[9566],"tags":[9269,1111,11,2430,78269,1777,674,1011,27,2731,23198,873,12,25,938,78270,1650],"class_list":{"0":"post-685818","1":"post","2":"type-post","3":"status-publish","4":"format-standard","5":"has-post-thumbnail","7":"category-grenoble","8":"tag-accompagnement","9":"tag-actu","10":"tag-actualites","11":"tag-auvergne-rhone-alpes","12":"tag-cuvee-grenobloise","13":"tag-eu","14":"tag-europe","15":"tag-fr","16":"tag-france","17":"tag-grenoble","18":"tag-groupes","19":"tag-musique","20":"tag-news","21":"tag-republique-francaise","22":"tag-reseaux-sociaux","23":"tag-retour-de-scene","24":"tag-selection"},"share_on_mastodon":{"url":"https:\/\/pubeurope.com\/@fr\/115949646852249404","error":""},"_links":{"self":[{"href":"https:\/\/www.europesays.com\/fr\/wp-json\/wp\/v2\/posts\/685818","targetHints":{"allow":["GET"]}}],"collection":[{"href":"https:\/\/www.europesays.com\/fr\/wp-json\/wp\/v2\/posts"}],"about":[{"href":"https:\/\/www.europesays.com\/fr\/wp-json\/wp\/v2\/types\/post"}],"author":[{"embeddable":true,"href":"https:\/\/www.europesays.com\/fr\/wp-json\/wp\/v2\/users\/2"}],"replies":[{"embeddable":true,"href":"https:\/\/www.europesays.com\/fr\/wp-json\/wp\/v2\/comments?post=685818"}],"version-history":[{"count":0,"href":"https:\/\/www.europesays.com\/fr\/wp-json\/wp\/v2\/posts\/685818\/revisions"}],"wp:featuredmedia":[{"embeddable":true,"href":"https:\/\/www.europesays.com\/fr\/wp-json\/wp\/v2\/media\/685819"}],"wp:attachment":[{"href":"https:\/\/www.europesays.com\/fr\/wp-json\/wp\/v2\/media?parent=685818"}],"wp:term":[{"taxonomy":"category","embeddable":true,"href":"https:\/\/www.europesays.com\/fr\/wp-json\/wp\/v2\/categories?post=685818"},{"taxonomy":"post_tag","embeddable":true,"href":"https:\/\/www.europesays.com\/fr\/wp-json\/wp\/v2\/tags?post=685818"}],"curies":[{"name":"wp","href":"https:\/\/api.w.org\/{rel}","templated":true}]}}