{"id":685824,"date":"2026-01-24T10:43:19","date_gmt":"2026-01-24T10:43:19","guid":{"rendered":"https:\/\/www.europesays.com\/fr\/685824\/"},"modified":"2026-01-24T10:43:19","modified_gmt":"2026-01-24T10:43:19","slug":"sncf-de-nouveaux-trajets-en-tgv-depuis-la-gare-de-strasbourg-des-cette-annee-voici-lesquels","status":"publish","type":"post","link":"https:\/\/www.europesays.com\/fr\/685824\/","title":{"rendered":"SNCF. De nouveaux trajets en TGV depuis la gare de Strasbourg d\u00e8s cette ann\u00e9e : voici lesquels"},"content":{"rendered":"<p>                    Par<br \/>\n        <strong><br \/>\n            <a href=\"https:\/\/actu.fr\/auteur\/thomas-blanc\" title=\"Consulter tous les articles de Thomas Blanc\" target=\"_blank\" rel=\"noopener\">Thomas Blanc<\/a><br \/>\n                    <\/strong><\/p>\n<p>        Publi\u00e9 le<\/p>\n<p>            24 janv. 2026 \u00e0 7h00        <\/p>\n<p>D\u00e8s<strong> d\u00e9cembre\u00a02026<\/strong>, la <a href=\"https:\/\/actu.fr\/grand-est\/strasbourg_67482\/insolite-un-concert-avec-de-grands-noms-de-l-electro-bientot-organise-a-la-gare-de-strasbourg_63565104.html\" target=\"_blank\" rel=\"noopener\">gare de Strasbourg<\/a> accueillera <strong>deux nouvelles liaisons<\/strong> grande vitesse <a href=\"https:\/\/actu.fr\/provence-alpes-cote-d-azur\/marseille_13055\/la-sncf-lance-un-ouigo-direct-strasbourg-marseille-voici-la-date-de-lancement_63724341.html\" target=\"_blank\" rel=\"noopener\">Ouigo<\/a> de la <a href=\"https:\/\/actu.fr\/societe\/plus-de-confort-la-sncf-lance-en-toute-discretion-des-espaces-no-kids-dans-ses-tgv-et-ca-fait-reagir_63732022.html\" target=\"_blank\" rel=\"noopener\">SNCF<\/a>. Elles permettront aux voyageurs de se rendre dans plusieurs <strong>grandes villes de France<\/strong>.<\/p>\n<p>Plus de trajets vers Paris propos\u00e9s<\/p>\n<p class=\" wall-content\">Il y avait des doutes mais <strong>c\u2019est d\u00e9sormais officiel<\/strong>, <a href=\"https:\/\/actu.fr\/grand-est\/strasbourg_67482\/la-sncf-envisage-un-3e-aller-retour-quotidien-ouigo-entre-paris-et-strasbourg-ce-qu-il-faut-savoir_63513143.html\" target=\"_blank\" rel=\"noopener\">un nouvel aller-retour quotidien Ouigo entre Paris et Strasbourg<\/a> s\u2019ajoute aux deux allers-retours d\u00e9j\u00e0 existants.<\/p>\n<p class=\" wall-content\">Ce nouveau trajet fera halte tous les jours en gare de <strong>Metz<\/strong>, <strong>Nancy<\/strong> et <strong>Champagne-Ardenne TGV<\/strong> pour ensuite rejoindre <strong>Paris Gare de l\u2019Est<\/strong>.<\/p>\n<p>Une liaison vers le sud s\u2019ajoute \u00e9galement<\/p>\n<p class=\" wall-content\">Dans un communiqu\u00e9, la SNCF explique qu\u2019elle souhaite \u00e9galement d\u00e9velopper \u00ab\u2009son offre entre le Grand Est et la M\u00e9diterran\u00e9e\u2009\u00bb. Un nouveau trajet, <strong>d\u2019une dur\u00e9e de six heures<\/strong> permettra donc de se rendre \u00e0 <a href=\"https:\/\/actu.fr\/marseille\/\" target=\"_blank\" rel=\"noopener\">Marseille<\/a> depuis la capitale alsacienne d\u00e8s d\u00e9cembre\u00a02026.<\/p>\n<p class=\" wall-content\">Il desservira les gares de <strong>Colmar<\/strong>, <strong>Mulhouse<\/strong>, <strong>Belfort-Montb\u00e9liard TGV<\/strong>, <strong>Besan\u00e7on Franche-Comt\u00e9 TGV<\/strong>,<strong> Dijon Ville<\/strong>, <strong>Lyon Part-Dieu<\/strong>, <strong>Avignon TGV<\/strong> et <strong>Aix-en-Provence TGV<\/strong>. Actuellement, un seul train Ouigo circule entre les deux villes, uniquement dans le sens Marseille-Strasbourg.<\/p>\n<p class=\" wall-content\">\u00c0 noter qu\u2019une offre TGV Inoui au d\u00e9part de <a href=\"https:\/\/actu.fr\/grand-est\/nancy_54395\/sncf-la-ligne-tgv-nancy-nice-va-disparaitre-en-2026-voici-la-liaison-qui-va-la-remplacer_63724715.html\" target=\"_blank\" rel=\"noopener\">Nancy vers Marseille<\/a> sera \u00e9galement mise en place les week-ends et pendant les vacances d\u2019\u00e9t\u00e9 et de <a href=\"https:\/\/actu.fr\/tag\/noel\" target=\"_blank\" rel=\"noopener\">No\u00ebl<\/a>.<\/p>\n<p class=\" wall-content\">Personnalisez votre actualit\u00e9 en ajoutant vos villes et m\u00e9dias en favori avec <a href=\"https:\/\/moncompte.actu.fr\" title=\"D\u00e9couvez Mon Actu\" rel=\"nofollow noopener\" data-trk=\"{&quot;cta&quot;:{&quot;action&quot;:&quot;https:\\\/\\\/moncompte.actu.fr&quot;,&quot;category&quot;:&quot;mon compte&quot;,&quot;from&quot;:&quot;article footer&quot;,&quot;name&quot;:&quot;Mon actu&quot;,&quot;type&quot;:&quot;cta&quot;}}\" target=\"_blank\">Mon Actu<\/a>.<\/p>\n","protected":false},"excerpt":{"rendered":"Par Thomas Blanc Publi\u00e9 le 24 janv. 2026 \u00e0 7h00 D\u00e8s d\u00e9cembre\u00a02026, la gare de Strasbourg accueillera deux&hellip;\n","protected":false},"author":2,"featured_media":685825,"comment_status":"","ping_status":"","sticky":false,"template":"","format":"standard","meta":{"footnotes":""},"categories":[2820],"tags":[1111,11,1777,674,1011,27,20526,775,12,23443,25,2215,104,640],"class_list":{"0":"post-685824","1":"post","2":"type-post","3":"status-publish","4":"format-standard","5":"has-post-thumbnail","7":"category-strasbourg","8":"tag-actu","9":"tag-actualites","10":"tag-eu","11":"tag-europe","12":"tag-fr","13":"tag-france","14":"tag-gare-de-strasbourg","15":"tag-grand-est","16":"tag-news","17":"tag-ouigo","18":"tag-republique-francaise","19":"tag-sncf","20":"tag-societe","21":"tag-strasbourg"},"share_on_mastodon":{"url":"https:\/\/pubeurope.com\/@fr\/115949666541594036","error":""},"_links":{"self":[{"href":"https:\/\/www.europesays.com\/fr\/wp-json\/wp\/v2\/posts\/685824","targetHints":{"allow":["GET"]}}],"collection":[{"href":"https:\/\/www.europesays.com\/fr\/wp-json\/wp\/v2\/posts"}],"about":[{"href":"https:\/\/www.europesays.com\/fr\/wp-json\/wp\/v2\/types\/post"}],"author":[{"embeddable":true,"href":"https:\/\/www.europesays.com\/fr\/wp-json\/wp\/v2\/users\/2"}],"replies":[{"embeddable":true,"href":"https:\/\/www.europesays.com\/fr\/wp-json\/wp\/v2\/comments?post=685824"}],"version-history":[{"count":0,"href":"https:\/\/www.europesays.com\/fr\/wp-json\/wp\/v2\/posts\/685824\/revisions"}],"wp:featuredmedia":[{"embeddable":true,"href":"https:\/\/www.europesays.com\/fr\/wp-json\/wp\/v2\/media\/685825"}],"wp:attachment":[{"href":"https:\/\/www.europesays.com\/fr\/wp-json\/wp\/v2\/media?parent=685824"}],"wp:term":[{"taxonomy":"category","embeddable":true,"href":"https:\/\/www.europesays.com\/fr\/wp-json\/wp\/v2\/categories?post=685824"},{"taxonomy":"post_tag","embeddable":true,"href":"https:\/\/www.europesays.com\/fr\/wp-json\/wp\/v2\/tags?post=685824"}],"curies":[{"name":"wp","href":"https:\/\/api.w.org\/{rel}","templated":true}]}}