{"id":685846,"date":"2026-01-24T10:55:10","date_gmt":"2026-01-24T10:55:10","guid":{"rendered":"https:\/\/www.europesays.com\/fr\/685846\/"},"modified":"2026-01-24T10:55:10","modified_gmt":"2026-01-24T10:55:10","slug":"tout-comprendre-a-la-colere-de-la-diaspora-apres-les-violences-des-derniers-jours","status":"publish","type":"post","link":"https:\/\/www.europesays.com\/fr\/685846\/","title":{"rendered":"tout comprendre \u00e0 la col\u00e8re de la diaspora apr\u00e8s les violences des derniers jours"},"content":{"rendered":"<p>Pour Adnan \u00c7elik, docteur en anthropologie sociale et ethnologie de l&rsquo;\u00c9cole des hautes \u00e9tudes en sciences sociales \u00e0 Paris (EHESS), la mobilisation s&rsquo;inscrit d&rsquo;abord dans une urgence vitale. \u00ab\u00a0Tous les gens qui sont dans la rue essayent de se faire entendre contre un g\u00e9nocide imminent\u00a0\u00bb, explique-t-il.<\/p>\n<p>En cause : l&rsquo;encerclement progressif du Rojava, territoire situ\u00e9 en Syrie, menac\u00e9 apr\u00e8s le retrait progressif du soutien am\u00e9ricain aux forces kurdes et l&rsquo;avanc\u00e9e des forces syriennes appuy\u00e9es par Ankara. La prise de Raqqa et la fermeture imm\u00e9diate de l&rsquo;universit\u00e9 locale ont agi comme un \u00e9lectrochoc dans la diaspora.<\/p>\n<p>\u00c0 Marseille, cette inqui\u00e9tude trouve un \u00e9cho particulier. La ville est devenue \u00ab\u00a0le deuxi\u00e8me p\u00f4le des Kurdes en France\u00a0\u00bb et un \u00ab\u00a0des plus importants en Europe\u00a0\u00bb, selon\u00a0le chercheur au CNRS Yoann Morvan, membre du centre Mesopolhis de l&rsquo;Universit\u00e9 d&rsquo;Aix Marseille. Leur nombre a doubl\u00e9 en vingt ans, passant d&rsquo;environ 7 000 \u00e0 plus de 15 000 personnes aujourd&rsquo;hui. Une pr\u00e9sence visible dans les quartiers nord, o\u00f9 la communaut\u00e9 a largement contribu\u00e9 \u00e0 la revitalisation commerciale. \u00ab\u00a0Ils ont un r\u00f4le plut\u00f4t de pacification, ils ne sont pas pris dans les r\u00e9seaux de drogue, ils ont m\u00eame r\u00e9ussi \u00e0 faire sauter un point de deal. Ils sont vraiment l\u00e0 comme un groupe qui permet finalement qu&rsquo;il y ait une vie normale dans les quartiers nord\u00a0\u00bb, souligne-t-il.\u00a0<\/p>\n<p>\u00ab\u00a0Un sentiment de trahison de l&rsquo;Occident\u00a0\u00bb<\/p>\n<p>Cette int\u00e9gration n&rsquo;efface pas pour autant une m\u00e9moire collective lourde. \u00ab\u00a0Il y a une m\u00e9moire de violence, de r\u00e9sistance, et cette m\u00e9moire s&rsquo;est transmise \u00e0 travers les g\u00e9n\u00e9rations\u00a0\u00bb, insiste Adnan \u00c7elik. Une m\u00e9moire particuli\u00e8rement vive, m\u00eame chez les plus jeunes, souvent n\u00e9s en France, mais profond\u00e9ment politis\u00e9s. \u00ab\u00a0Cette nouvelle g\u00e9n\u00e9ration est tr\u00e8s politis\u00e9e. Ils ont un engagement tr\u00e8s tr\u00e8s fort, tr\u00e8s tr\u00e8s \u00e9motionnel, et ils essaient de faire quelque chose pour la cause kurde\u00a0\u00bb, observe le chercheur install\u00e9 \u00e0 Berlin.<\/p>\n<p>Les r\u00e9cents \u00e9v\u00e9nements en Syrie ont raviv\u00e9 ces traumatismes anciens. Certains symboles ont servi de d\u00e9clencheurs, comme la diffusion d&rsquo;une vid\u00e9o montrant un combattant affili\u00e9 \u00e0 Damas humilier et couper la tresse d&rsquo;une militante kurde. \u00ab\u00a0Des fois, il y a quelques violences qui peuvent \u00eatre un d\u00e9clencheur de m\u00e9moire collective\u00a0\u00bb, analyse Adnan \u00c7elik, \u00e9voquant les mobilisations des femmes kurdes qui se sont film\u00e9es en se tressant les cheveux dans les jours qui ont suivi.<\/p>\n<p>Pour Yoann Morvan,<a href=\"https:\/\/www.laprovence.com\/article\/faits-divers-justice\/2148725853757114\/manifestation-pro-kurde-9-policiers-blesses-a-marignane-et-la-tour-france-televisions-investie-a-marseille\" target=\"_blank\" rel=\"noopener\"> la radicalit\u00e9 observ\u00e9e \u00e0 Marseille <\/a>rel\u00e8ve avant tout d&rsquo;un moment de rupture : \u00ab\u00a0C&rsquo;est un moment de col\u00e8re qui est tout \u00e0 fait l\u00e9gitime vu la situation internationale\u00a0\u00bb. Une col\u00e8re nourrie par un sentiment largement partag\u00e9 de trahison : \u00ab\u00a0Ils ont rendu un certain nombre de services \u00e0 l&rsquo;Occident, et l&rsquo;Occident les l\u00e2che \u00e0 un moment donn\u00e9 o\u00f9 la situation est r\u00e9ellement instable en Syrie\u00a0\u00bb.<\/p>\n<p>Reste la question de l&rsquo;avenir. Cette violence marque-t-elle un tournant du militantisme kurde \u00e0 Marseille ? Les chercheurs restent prudents. \u00ab\u00a0C&rsquo;est trop t\u00f4t pour le dire. Il faut regarder \u00e7a sur un temps un peu plus long\u00a0\u00bb, temp\u00e8re Yoann Morvan, rappelant que les structures communautaires elles-m\u00eames ont \u00e9t\u00e9 \u00ab\u00a0d\u00e9bord\u00e9es\u00a0\u00bb par l&rsquo;\u00e9motion.<\/p>\n","protected":false},"excerpt":{"rendered":"Pour Adnan \u00c7elik, docteur en anthropologie sociale et ethnologie de l&rsquo;\u00c9cole des hautes \u00e9tudes en sciences sociales \u00e0&hellip;\n","protected":false},"author":2,"featured_media":685847,"comment_status":"","ping_status":"","sticky":false,"template":"","format":"standard","meta":{"footnotes":""},"categories":[2814],"tags":[5734,1111,11,3254,12635,12376,1777,674,1011,27,38913,1272,884,12,882,25,104,3585],"class_list":{"0":"post-685846","1":"post","2":"type-post","3":"status-publish","4":"format-standard","5":"has-post-thumbnail","7":"category-marseille","8":"tag-5734","9":"tag-actu","10":"tag-actualites","11":"tag-colere","12":"tag-comprendre","13":"tag-diaspora","14":"tag-eu","15":"tag-europe","16":"tag-fr","17":"tag-france","18":"tag-kurdes","19":"tag-manifestations","20":"tag-marseille","21":"tag-news","22":"tag-provence-alpes-cote-dazur","23":"tag-republique-francaise","24":"tag-societe","25":"tag-tout"},"share_on_mastodon":{"url":"https:\/\/pubeurope.com\/@fr\/115949713722884766","error":""},"_links":{"self":[{"href":"https:\/\/www.europesays.com\/fr\/wp-json\/wp\/v2\/posts\/685846","targetHints":{"allow":["GET"]}}],"collection":[{"href":"https:\/\/www.europesays.com\/fr\/wp-json\/wp\/v2\/posts"}],"about":[{"href":"https:\/\/www.europesays.com\/fr\/wp-json\/wp\/v2\/types\/post"}],"author":[{"embeddable":true,"href":"https:\/\/www.europesays.com\/fr\/wp-json\/wp\/v2\/users\/2"}],"replies":[{"embeddable":true,"href":"https:\/\/www.europesays.com\/fr\/wp-json\/wp\/v2\/comments?post=685846"}],"version-history":[{"count":0,"href":"https:\/\/www.europesays.com\/fr\/wp-json\/wp\/v2\/posts\/685846\/revisions"}],"wp:featuredmedia":[{"embeddable":true,"href":"https:\/\/www.europesays.com\/fr\/wp-json\/wp\/v2\/media\/685847"}],"wp:attachment":[{"href":"https:\/\/www.europesays.com\/fr\/wp-json\/wp\/v2\/media?parent=685846"}],"wp:term":[{"taxonomy":"category","embeddable":true,"href":"https:\/\/www.europesays.com\/fr\/wp-json\/wp\/v2\/categories?post=685846"},{"taxonomy":"post_tag","embeddable":true,"href":"https:\/\/www.europesays.com\/fr\/wp-json\/wp\/v2\/tags?post=685846"}],"curies":[{"name":"wp","href":"https:\/\/api.w.org\/{rel}","templated":true}]}}