{"id":685870,"date":"2026-01-24T11:08:10","date_gmt":"2026-01-24T11:08:10","guid":{"rendered":"https:\/\/www.europesays.com\/fr\/685870\/"},"modified":"2026-01-24T11:08:10","modified_gmt":"2026-01-24T11:08:10","slug":"la-gale-quest-ce-que-cette-maladie-parasitaire-et-pourquoi-les-cas-augmentent-au-royaume-uni-2","status":"publish","type":"post","link":"https:\/\/www.europesays.com\/fr\/685870\/","title":{"rendered":"La gale : qu&rsquo;est-ce que cette maladie parasitaire et pourquoi les cas augmentent au Royaume-Uni\u00a0?"},"content":{"rendered":"<p>Quand on pense \u00e0 la gale, on imagine souvent le Londres du XIXe si\u00e8cle : des rues sombres, bond\u00e9es de personnes couvertes d\u2019\u00e9ruptions qui se grattent avec acharnement. <\/p>\n<p>Mais la gale est loin d\u2019\u00eatre un cauchemar d\u2019antan. En r\u00e9alit\u00e9, les cas de cette maladie cutan\u00e9e infectieuse seraient en augmentation au Royaume-Uni. <\/p>\n<p>Les taux actuels de gale restent sup\u00e9rieurs \u00e0 la moyenne glissante sur cinq ans, selon le Centre de recherche et de surveillance du Coll\u00e8ge royal des m\u00e9decins g\u00e9n\u00e9ralistes, tandis que des hausses annuelles ont \u00e9galement \u00e9t\u00e9 enregistr\u00e9es entre 2021 et 2025 par l\u2019<a href=\"https:\/\/www.gov.uk\/government\/publications\/health-protection-report-volume-19-2025\/hpr-volume-19-issue-10-news-30-october-2025#:~:text=Although%20there%20is%20limited%20data,Regions%20of%20England%20%285%29\" target=\"_blank\" rel=\"noreferrer noopener\"><strong>Agence britannique de s\u00e9curit\u00e9 sanitaire (UKHSA)<\/strong><\/a>, avec une flamb\u00e9e significative depuis 2023. <\/p>\n<p>Un tableau similaire se dessine dans toute l\u2019Europe, avec une augmentation de 99 \u00e0 1 341 cas de gale pour 100 000 habitants entre 2014 et 2023, selon la revue <a href=\"https:\/\/bjgpopen.org\/content\/9\/4\/BJGPO.2025.0037\" target=\"_blank\" rel=\"noreferrer noopener\">BJGP Open<\/a>.<\/p>\n<p>La maladie doit son nom au mot latin signifiant \u00ab gratter \u00bb, attribu\u00e9 par l\u2019auteur romain Aulus Cornelius Celsus en 25 apr. J.-C. Elle est caus\u00e9e par des acariens microscopiques qui s\u2019enfouissent dans la couche externe de la peau, provoquant des \u00e9ruptions ou des boutons en relief et des d\u00e9mangeaisons intenses qui s\u2019aggravent la nuit, selon le service national de sant\u00e9 britannique (NHS).<\/p>\n<p>\u00c0 l\u2019exception du visage et du cou, l\u2019\u00e9ruption peut s\u2019\u00e9tendre \u00e0 l\u2019ensemble du corps, touchant le plus souvent les zones chaudes et humides comme l\u2019aine, la peau sous les seins et les espaces entre les doigts et les orteils. Elle se transmet principalement par un contact cutan\u00e9 direct et prolong\u00e9 avec une personne porteuse de l\u2019infection. <\/p>\n<p>\u00ab Dans de rares cas, elle peut aussi se transmettre par des serviettes, des v\u00eatements ou de la literie infest\u00e9s. Les animaux de compagnie ne sont pas porteurs des acariens de la gale humaine, la maladie ne se transmet donc pas des animaux aux humains \u00bb, a indiqu\u00e9 \u00e0 Euronews Health le Dr Aleksandar Godic, dermatologue consultant \u00e0 la Harley Street Dermatology Clinic \u00e0 Londres. <\/p>\n<p>Pourquoi les cas de gale augmentent-ils ?<\/p>\n<p>Pr\u00e9sente depuis l\u2019Antiquit\u00e9, la gale a toujours connu des hauts et des bas, mais les chiffres d\u00e9clar\u00e9s n\u2019ont jamais \u00e9t\u00e9 totalement fiables, en raison d\u2019un m\u00e9lange de m\u00e9connaissance et de stigmatisation sociale. <\/p>\n<p>\u00ab Beaucoup de personnes n\u2019iront pas consulter un m\u00e9decin pour cela, se contenteront de se traiter elles-m\u00eames \u00e0 la pharmacie, ou ne sauront m\u00eame pas qu\u2019elles l\u2019ont \u00bb, a d\u00e9clar\u00e9 \u00e0 Euronews Health Tess McPherson, professeure \u00e0 l\u2019Association britannique de dermatologie. <\/p>\n<p>Elle indique toutefois que, ces quatre \u00e0 cinq derni\u00e8res ann\u00e9es, les dermatologues ont constat\u00e9 une hausse notable des cas de gale, en particulier chez les plus jeunes. Cela pourrait \u00eatre li\u00e9 au retour des personnes dans des espaces communs en pr\u00e9sentiel apr\u00e8s la pand\u00e9mie de COVID-19, mais aussi \u00e0 une m\u00e9connaissance plus g\u00e9n\u00e9rale de ce qu\u2019est la gale. <\/p>\n<p>\u00ab Je pense qu\u2019il y a beaucoup de d\u00e9sinformation, les gens ne savent pas ce que c\u2019est et il y a beaucoup de stigmatisation. Ainsi, m\u00eame s\u2019ils savent qu\u2019ils l\u2019ont, ils ne le disent pas, ce qui est probablement un probl\u00e8me persistant \u00bb, a ajout\u00e9 McPherson. <\/p>\n<p>Elle \u00e9voque aussi des probl\u00e8mes d\u2019approvisionnement pour certains traitements en 2021-2022, et le fait que les patients ne se traitaient pas correctement, ni ne traitaient leurs proches potentiellement infect\u00e9s comme il faut. <\/p>\n<p>\u00ab Nous pensons que beaucoup de probl\u00e8mes venaient du fait que les gens n\u2019utilisaient tout simplement pas [les traitements] correctement ou que leurs contacts ne les utilisaient pas tous au m\u00eame moment. Cela cr\u00e9e ensuite de plus en plus de gale et davantage de personnes qui se r\u00e9infestent. \u00bb <\/p>\n<p>Comment savoir si une \u00e9ruption est li\u00e9e \u00e0 la gale ?<\/p>\n<p>De nombreuses affections cutan\u00e9es peuvent provoquer des \u00e9ruptions prurigineuses, comme l\u2019ecz\u00e9ma, le psoriasis ou l\u2019urticaire. La tendance de la gale \u00e0 se loger au niveau de l\u2019aine a aussi conduit \u00e0 la confondre fr\u00e9quemment avec des infections sexuellement transmissibles comme les poux du pubis. <\/p>\n<p>Cette difficult\u00e9 \u00e0 poser le diagnostic, et la persistance de la gale sur le long terme, ont m\u00eame inspir\u00e9, au d\u00e9but des ann\u00e9es 1800, l\u2019expression \u00ab d\u00e9mangeaison de sept ans \u00bb. <\/p>\n<p>La caract\u00e9ristique la plus parlante \u00e0 surveiller, selon Godic, est la pr\u00e9sence de petits sillons courbes sur la peau. <\/p>\n<p>\u00ab Parmi les autres sympt\u00f4mes fr\u00e9quents figurent de petites l\u00e9sions suintantes, des rougeurs et des gonflements, des d\u00e9mangeaisons intenses, surtout la nuit ou en milieu chaud, des traces de grattage inflammatoires et squameuses, ressemblant souvent \u00e0 un ecz\u00e9ma s\u00e9v\u00e8re \u00bb, a-t-il pr\u00e9cis\u00e9. <\/p>\n<p>\u00ab La gale peut \u00eatre difficile \u00e0 diagnostiquer, car ses sympt\u00f4mes miment d\u2019autres affections cutan\u00e9es. Sans traitement, elle peut persister des mois, voire des ann\u00e9es, et se transmettre aux membres de la famille, aux amis et aux partenaires intimes. \u00bb <\/p>\n<p>Bien qu\u2019inconfortable, la gale n\u2019est pas mortelle et constitue rarement un motif d\u2019inqui\u00e9tude grave. <\/p>\n<p>Comment traite-t-on la gale ?<\/p>\n<p>La gale est le plus souvent trait\u00e9e par des cr\u00e8mes ou lotions m\u00e9dicamenteuses contenant de la perm\u00e9thrine ou du malathion pour tuer les acariens. Les formes plus s\u00e9v\u00e8res, comme la gale cro\u00fbteuse (\u00e9galement appel\u00e9e gale norv\u00e9gienne), n\u00e9cessitent parfois la prescription d\u2019ivermectine par voie orale (un antiparasitaire), selon Godic. <\/p>\n<p>\u00ab Comme les d\u00e9mangeaisons sont dues \u00e0 une r\u00e9action allergique, les sympt\u00f4mes peuvent persister m\u00eame apr\u00e8s l\u2019\u00e9limination des acariens. Pour soulager l\u2019inconfort, les m\u00e9decins peuvent prescrire des cr\u00e8mes cortico\u00efdes topiques contre l\u2019inflammation et les d\u00e9mangeaisons \u00bb, a-t-il expliqu\u00e9. <\/p>\n<p>L\u2019\u00e9ruption peut \u00e9galement persister jusqu\u2019\u00e0 deux mois apr\u00e8s le traitement. Toute la literie et les v\u00eatements doivent aussi \u00eatre lav\u00e9s \u00e0 60 degr\u00e9s Celsius ou davantage, ou laiss\u00e9s dans un sac ferm\u00e9 pendant au moins trois jours, pr\u00e9cise le NHS. <\/p>\n<p>Comme pour toute maladie infectieuse, toute personne avec laquelle vous avez \u00e9t\u00e9 en contact \u00e9troit doit \u00e9galement \u00eatre trait\u00e9e, m\u00eame en l\u2019absence de sympt\u00f4mes. La gale peut mettre jusqu\u2019\u00e0 8 semaines \u00e0 se manifester, ce qui la rend facile \u00e0 passer inaper\u00e7ue au d\u00e9but. <\/p>\n<p>\u00ab Il est important de vous traiter si vous avez des d\u00e9mangeaisons, si vous avez \u00e9t\u00e9 en contact avec la gale, si vous pensez pouvoir en \u00eatre atteint \u00bb, a d\u00e9clar\u00e9 McPherson. \u00ab Les traitements fonctionnent si vous les utilisez correctement et il n\u2019y a aucune raison d\u2019en avoir honte. \u00bb<\/p>\n","protected":false},"excerpt":{"rendered":"Quand on pense \u00e0 la gale, on imagine souvent le Londres du XIXe si\u00e8cle : des rues sombres,&hellip;\n","protected":false},"author":2,"featured_media":685871,"comment_status":"","ping_status":"","sticky":false,"template":"","format":"standard","meta":{"footnotes":""},"categories":[1588],"tags":[11,1777,674,13849,226,12,473,1853,71,1851,1850,1852],"class_list":{"0":"post-685870","1":"post","2":"type-post","3":"status-publish","4":"format-standard","5":"has-post-thumbnail","7":"category-royaume-uni","8":"tag-actualites","9":"tag-eu","10":"tag-europe","11":"tag-infection","12":"tag-maladie","13":"tag-news","14":"tag-royaume-uni","15":"tag-royaume-uni-de-grande-bretagne-et-dirlande-du-nord","16":"tag-sante","17":"tag-uk","18":"tag-united-kingdom","19":"tag-united-kingdom-of-great-britain-and-northern-ireland"},"share_on_mastodon":{"url":"https:\/\/pubeurope.com\/@fr\/115949764798594790","error":""},"_links":{"self":[{"href":"https:\/\/www.europesays.com\/fr\/wp-json\/wp\/v2\/posts\/685870","targetHints":{"allow":["GET"]}}],"collection":[{"href":"https:\/\/www.europesays.com\/fr\/wp-json\/wp\/v2\/posts"}],"about":[{"href":"https:\/\/www.europesays.com\/fr\/wp-json\/wp\/v2\/types\/post"}],"author":[{"embeddable":true,"href":"https:\/\/www.europesays.com\/fr\/wp-json\/wp\/v2\/users\/2"}],"replies":[{"embeddable":true,"href":"https:\/\/www.europesays.com\/fr\/wp-json\/wp\/v2\/comments?post=685870"}],"version-history":[{"count":0,"href":"https:\/\/www.europesays.com\/fr\/wp-json\/wp\/v2\/posts\/685870\/revisions"}],"wp:featuredmedia":[{"embeddable":true,"href":"https:\/\/www.europesays.com\/fr\/wp-json\/wp\/v2\/media\/685871"}],"wp:attachment":[{"href":"https:\/\/www.europesays.com\/fr\/wp-json\/wp\/v2\/media?parent=685870"}],"wp:term":[{"taxonomy":"category","embeddable":true,"href":"https:\/\/www.europesays.com\/fr\/wp-json\/wp\/v2\/categories?post=685870"},{"taxonomy":"post_tag","embeddable":true,"href":"https:\/\/www.europesays.com\/fr\/wp-json\/wp\/v2\/tags?post=685870"}],"curies":[{"name":"wp","href":"https:\/\/api.w.org\/{rel}","templated":true}]}}