{"id":685892,"date":"2026-01-24T11:25:21","date_gmt":"2026-01-24T11:25:21","guid":{"rendered":"https:\/\/www.europesays.com\/fr\/685892\/"},"modified":"2026-01-24T11:25:21","modified_gmt":"2026-01-24T11:25:21","slug":"encore-plus-sublime-en-seine-maritime-un-artiste-rend-hommage-a-jean-pierre-pernaut-avec-une-fresque-murale-xxl","status":"publish","type":"post","link":"https:\/\/www.europesays.com\/fr\/685892\/","title":{"rendered":"\u00ab\u00a0Encore plus sublime\u00a0\u00bb : en Seine-Maritime, un artiste rend hommage \u00e0 Jean-Pierre Pernaut avec une fresque murale XXL"},"content":{"rendered":"<ul class=\"jsx-862013697 ArticleChapo__List\">\n<li class=\"jsx-862013697 ArticleChapo__List_Item flex\">Dans le village de Ponts-et-Marais, en Seine-Maritime, les habitants peuvent admirer une fresque rendant hommage \u00e0 Jean-Pierre Pernaut.<\/li>\n<li class=\"jsx-862013697 ArticleChapo__List_Item flex\">Il s&rsquo;agit d&rsquo;une \u0153uvre sign\u00e9e par l&rsquo;artiste Made In Graffiti.<\/li>\n<li class=\"jsx-862013697 ArticleChapo__List_Item flex\">Les d\u00e9tails avec Maud Descamps dans \u00ab\u00a0Bonjour ! La Matinale TF1\u00a0\u00bb.<\/li>\n<\/ul>\n<p><a href=\"https:\/\/www.tf1info.fr\/actualite\/automobile-10107\/\" rel=\"noopener\" class=\"jsx-484472199 Link jsx-1428418400 jsx-2254318789\" target=\"_blank\"><\/p>\n<p style=\"font-weight:400\" class=\"jsx-1837267516\">Suivez la couverture compl\u00e8te<\/p>\n<p style=\"font-weight:800\" class=\"jsx-1837267516\">Auto<\/p>\n<p><\/a><\/p>\n<p data-module=\"article-paragraph\" class=\"jsx-157965717 Paragraph Paragraph__End\">C&rsquo;est un visage que les t\u00e9l\u00e9spectateurs de TF1 ont bien connu : <a href=\"https:\/\/www.tf1info.fr\/culture\/video-le-plateau-des-jt-de-tf1-porte-desormais-le-nom-de-jean-pierre-pernaut-apres-une-ceremonie-avec-gilles-bouleau-anne-claire-coudray-et-marie-sophie-lacarrau-2262444.html\" target=\"_blank\" rel=\"noopener\">Jean-Pierre Pernaut<\/a> nous a quitt\u00e9s en 2022 et, depuis quelques jours, dans le village de Ponts-et-Marais, en Seine-Maritime, les habitants peuvent admirer une fresque XXL rendant hommage au journaliste. L&rsquo;\u0153uvre a \u00e9t\u00e9 r\u00e9alis\u00e9e par Johann Grenier, alias Made In Graffiti, et ce n&rsquo;est pas la premi\u00e8re fois qu&rsquo;il peint le portrait de Jean-Pierre Pernaut. En effet, il y a quelques ann\u00e9es, il avait d\u00e9j\u00e0 r\u00e9alis\u00e9 une fresque sur le mur de la Ferme Ni\u00e7oise. Malheureusement, ce mur a \u00e9t\u00e9 abattu, il y a quelques semaines. La nouvelle \u0153uvre, cette fois, prend place sur un mur sp\u00e9cialement construit pour elle. Mais l&rsquo;artiste pr\u00e9cise qu&rsquo;il ne s&rsquo;agit pas d&rsquo;un copier-coller. Certes, les \u00e9tangs de Bouvaincourt-sur-Bresle sont encore \u00e0 l&rsquo;honneur, mais le d\u00e9cor et le visage du journaliste ont \u00e9t\u00e9 retravaill\u00e9s.\u00a0<\/p>\n<p><a href=\"https:\/\/www.tf1info.fr\/culture\/mort-jean-pierre-pernaut-le-bel-hommage-de-son-village-d-enfance-trois-ans-apres-son-deces-2356975.html\" rel=\"noopener\" class=\"jsx-3308031228 Link flex\" target=\"_blank\"><img decoding=\"async\" src=\"https:\/\/www.europesays.com\/fr\/wp-content\/uploads\/2026\/01\/pernaut-afp-2015-0a5132-0@1x.jpeg\" alt=\"AFP\" loading=\"lazy\" importance=\"low\" fetchpriority=\"low\" class=\"\" aria-hidden=\"true\"\/><\/p>\n<p class=\"jsx-3657663356 ReadMoreArticle__Title\">Lire aussi<\/p>\n<p class=\"jsx-3657663356\">Jean-Pierre Pernaut : le bel hommage de son village d&rsquo;enfance, trois ans apr\u00e8s son d\u00e9c\u00e8s<\/p>\n<p><\/a>Le sourire de JPP \u00e0 l&rsquo;entr\u00e9e de la Somme<\/p>\n<p data-module=\"article-paragraph\" class=\"jsx-157965717 Paragraph\">Autre changement : la fresque est plus petite que la pr\u00e9c\u00e9dente, un d\u00e9fi pour l&rsquo;artiste qui peint \u00e0 la bombe, notamment en mati\u00e8re de traits du visage et de d\u00e9tails. Elle est \u00e9galement en couleur, quand la pr\u00e9c\u00e9dente \u00e9tait en noir et blanc. Des changements mis en place \u00e0 la suite de remarques \u00e9mises par les habitants : \u00ab\u00a0On m\u2019a beaucoup dit que Jean-Pierre Pernaut n\u2019\u00e9tait pas souriant et qu\u2019il \u00e9tait en noir et blanc. J\u2019ai pris en compte ces remarques : cette fois, il est souriant et en couleurs\u00a0\u00bb, d\u00e9clare Made In Graffiti au m\u00e9dia <a href=\"https:\/\/actu.fr\/societe\/4-ans-apres-made-in-graffiti-realise-une-nouvelle-fresque-en-hommage-a-jean-pierre-pernaut-a-ponts-et-marais_63733817.html\" target=\"_blank\" rel=\"nofollow noopener\">Actu.fr (nouvelle fen\u00eatre)<\/a>.<\/p>\n<p data-module=\"article-paragraph\" class=\"jsx-157965717 Paragraph Paragraph__End\">L&rsquo;\u0153uvre est situ\u00e9e \u00e0 l&rsquo;entr\u00e9e de la Somme, \u00ab\u00a0c&rsquo;est un peu comme si on disait aux gens qu&rsquo;ils entrent dans le pays de Jean-Pierre Pernaut\u00a0\u00bb, une r\u00e9gion qu&rsquo;il affectionnait particuli\u00e8rement. Commenc\u00e9e ce lundi 19 janvier, il devrait pouvoir l&rsquo;achever \u00e0 la fin de la semaine, si la m\u00e9t\u00e9o le lui permet. En attendant, sur la page <a href=\"https:\/\/www.facebook.com\/madeingraffiti\/?locale=fr_FR\" target=\"_blank\" rel=\"noopener\">Facebook  (nouvelle fen\u00eatre)<\/a>de l&rsquo;artiste, les habitants de la commune n&rsquo;h\u00e9sitent pas \u00e0 partager leur bonheur de retrouver leur JPP. \u00ab\u00a0Trop bien ce nouveau JP plus souriant\u00a0\u00bb, \u00ab\u00a0Ce qui est cool, c&rsquo;est d&rsquo;avoir pens\u00e9 \u00e0 cr\u00e9er un mur d\u00e9di\u00e9 pour la fresque\u00a0\u00bb, \u00ab\u00a0Vivement que les travaux finissent pour le voir de nouveau\u00a0\u00bb, \u00ab\u00a0Je suis ravie de voir de nouveau ce portrait en cours de r\u00e9novation. Il me semble encore plus sublime\u00a0\u00bb, peut-on lire sur la publication d\u00e9voilant la fresque.\u00a0<\/p>\n<p>Sabine BOUCHOUL | Chronique : Maud DESCAMP<\/p>\n","protected":false},"excerpt":{"rendered":"Dans le village de Ponts-et-Marais, en Seine-Maritime, les habitants peuvent admirer une fresque rendant hommage \u00e0 Jean-Pierre Pernaut.&hellip;\n","protected":false},"author":2,"featured_media":685893,"comment_status":"","ping_status":"","sticky":false,"template":"","format":"standard","meta":{"footnotes":""},"categories":[1358],"tags":[1111,11,1921,1348,1384,1385,1977,6778,1386,58,59,1011,27,1922,3350,78278,78279,133,5010],"class_list":{"0":"post-685892","1":"post","2":"type-post","3":"status-publish","4":"format-standard","5":"has-post-thumbnail","7":"category-arts-et-design","8":"tag-actu","9":"tag-actualites","10":"tag-article-video","11":"tag-arts","12":"tag-arts-and-design","13":"tag-arts-et-design","14":"tag-auto","15":"tag-bonjour-la-matinale-tf1","16":"tag-design","17":"tag-divertissement","18":"tag-entertainment","19":"tag-fr","20":"tag-france","21":"tag-info","22":"tag-jean-pierre-pernaut","23":"tag-lexpresso","24":"tag-maud-descamps","25":"tag-video","26":"tag-video-sujets-de-societe"},"share_on_mastodon":{"url":"https:\/\/pubeurope.com\/@fr\/115949831670090785","error":""},"_links":{"self":[{"href":"https:\/\/www.europesays.com\/fr\/wp-json\/wp\/v2\/posts\/685892","targetHints":{"allow":["GET"]}}],"collection":[{"href":"https:\/\/www.europesays.com\/fr\/wp-json\/wp\/v2\/posts"}],"about":[{"href":"https:\/\/www.europesays.com\/fr\/wp-json\/wp\/v2\/types\/post"}],"author":[{"embeddable":true,"href":"https:\/\/www.europesays.com\/fr\/wp-json\/wp\/v2\/users\/2"}],"replies":[{"embeddable":true,"href":"https:\/\/www.europesays.com\/fr\/wp-json\/wp\/v2\/comments?post=685892"}],"version-history":[{"count":0,"href":"https:\/\/www.europesays.com\/fr\/wp-json\/wp\/v2\/posts\/685892\/revisions"}],"wp:featuredmedia":[{"embeddable":true,"href":"https:\/\/www.europesays.com\/fr\/wp-json\/wp\/v2\/media\/685893"}],"wp:attachment":[{"href":"https:\/\/www.europesays.com\/fr\/wp-json\/wp\/v2\/media?parent=685892"}],"wp:term":[{"taxonomy":"category","embeddable":true,"href":"https:\/\/www.europesays.com\/fr\/wp-json\/wp\/v2\/categories?post=685892"},{"taxonomy":"post_tag","embeddable":true,"href":"https:\/\/www.europesays.com\/fr\/wp-json\/wp\/v2\/tags?post=685892"}],"curies":[{"name":"wp","href":"https:\/\/api.w.org\/{rel}","templated":true}]}}