{"id":685949,"date":"2026-01-24T11:57:11","date_gmt":"2026-01-24T11:57:11","guid":{"rendered":"https:\/\/www.europesays.com\/fr\/685949\/"},"modified":"2026-01-24T11:57:11","modified_gmt":"2026-01-24T11:57:11","slug":"cette-nouvelle-decheterie-ouvre-apres-deux-ans-de-travaux","status":"publish","type":"post","link":"https:\/\/www.europesays.com\/fr\/685949\/","title":{"rendered":"cette nouvelle d\u00e9ch\u00e8terie ouvre apr\u00e8s deux ans de travaux"},"content":{"rendered":"<p>                    Par<br \/>\n        <strong><br \/>\n            <a href=\"https:\/\/actu.fr\/auteur\/laure-gentil\" title=\"Consulter tous les articles de Laure Gentil\" target=\"_blank\" rel=\"noopener\">Laure Gentil<\/a><br \/>\n                    <\/strong><\/p>\n<p>        Publi\u00e9 le<\/p>\n<p>            24 janv. 2026 \u00e0 12h06        <\/p>\n<p>Ferm\u00e9e depuis octobre 2024, la d\u00e9ch\u00e8terie de <b>La Chapelle-sur-Erdre<\/b>, pr\u00e8s de Nantes, a \u00e9t\u00e9 modernis\u00e9e. Elle va rouvrir le 2 f\u00e9vrier 2026. Cette <a href=\"https:\/\/actu.fr\/pays-de-la-loire\/la-chapelle-sur-erdre_44035\/pres-de-nantes-ou-en-sont-les-travaux-de-cette-decheterie-nouvelle-generation_62780693.html\" target=\"_blank\" rel=\"noopener\">d\u00e9ch\u00e8terie nouvelle g\u00e9n\u00e9ration<\/a> dite \u00ab\u00a0\u00e0 plat\u00a0\u00bb permettra de collecter <b>23 flux de d\u00e9chets<\/b> au sein de l\u2019\u00e9quipement, contre 14 avant.\u00a0<\/p>\n<p>16 500 passages par mois<\/p>\n<p class=\" wall-content\">Les travaux ont permis d\u2019augmenter la capacit\u00e9 de la d\u00e9ch\u00e8terie. Elle pourra accueillir<b> 16 500 passages par mois<\/b> contre 13 500 passages mensuels avec l\u2019ancienne d\u00e9ch\u00e8terie. Elle comprend :\u00a0\u00a0<\/p>\n<ul class=\" wall-content\">\n<li>un b\u00e2timent couvert d\u2019une surface d\u2019environ 300 m\u00b2 toutes fonctions confondues (bureaux des agents et locaux de vie, local d\u2019outillage, locaux d\u00e9di\u00e9s au r\u00e9emploi, aux d\u00e9chets sensibles et valorisables, pr\u00e9au) ;<\/li>\n<li>230 m\u00b2 de plateformes modulables pour le d\u00e9p\u00f4t des d\u00e9chets verts, des gravats et DEA (meubles) ;<\/li>\n<li>250 m\u00b2 pour les bennes compactrices ;<\/li>\n<li>45 m\u00b2 pour les bornes de point d\u2019apport volontaire pour le verre et le papier.<\/li>\n<\/ul>\n<p class=\" wall-content\">Le co\u00fbt des travaux s\u2019\u00e9l\u00e8ve \u00e0 <b>3,2 millions d\u2019euros.\u00a0<\/b><\/p>\n<p>Ouverture 7 jours sur 7, sauf jours f\u00e9ri\u00e9s, de 10h \u00e0 17h45.\u00a0<\/p>\n<p class=\" wall-content\">Personnalisez votre actualit\u00e9 en ajoutant vos villes et m\u00e9dias en favori avec <a href=\"https:\/\/moncompte.actu.fr\" title=\"D\u00e9couvez Mon Actu\" rel=\"nofollow noopener\" data-trk=\"{&quot;cta&quot;:{&quot;action&quot;:&quot;https:\\\/\\\/moncompte.actu.fr&quot;,&quot;category&quot;:&quot;mon compte&quot;,&quot;from&quot;:&quot;article footer&quot;,&quot;name&quot;:&quot;Mon actu&quot;,&quot;type&quot;:&quot;cta&quot;}}\" target=\"_blank\">Mon Actu<\/a>.<\/p>\n","protected":false},"excerpt":{"rendered":"Par Laure Gentil Publi\u00e9 le 24 janv. 2026 \u00e0 12h06 Ferm\u00e9e depuis octobre 2024, la d\u00e9ch\u00e8terie de La&hellip;\n","protected":false},"author":2,"featured_media":685950,"comment_status":"","ping_status":"","sticky":false,"template":"","format":"standard","meta":{"footnotes":""},"categories":[2818],"tags":[1111,11,3008,1777,674,1011,27,766,12,2636,25,104],"class_list":{"0":"post-685949","1":"post","2":"type-post","3":"status-publish","4":"format-standard","5":"has-post-thumbnail","7":"category-nantes","8":"tag-actu","9":"tag-actualites","10":"tag-dechets","11":"tag-eu","12":"tag-europe","13":"tag-fr","14":"tag-france","15":"tag-nantes","16":"tag-news","17":"tag-pays-de-la-loire","18":"tag-republique-francaise","19":"tag-societe"},"share_on_mastodon":{"url":"https:\/\/pubeurope.com\/@fr\/115949957505449673","error":""},"_links":{"self":[{"href":"https:\/\/www.europesays.com\/fr\/wp-json\/wp\/v2\/posts\/685949","targetHints":{"allow":["GET"]}}],"collection":[{"href":"https:\/\/www.europesays.com\/fr\/wp-json\/wp\/v2\/posts"}],"about":[{"href":"https:\/\/www.europesays.com\/fr\/wp-json\/wp\/v2\/types\/post"}],"author":[{"embeddable":true,"href":"https:\/\/www.europesays.com\/fr\/wp-json\/wp\/v2\/users\/2"}],"replies":[{"embeddable":true,"href":"https:\/\/www.europesays.com\/fr\/wp-json\/wp\/v2\/comments?post=685949"}],"version-history":[{"count":0,"href":"https:\/\/www.europesays.com\/fr\/wp-json\/wp\/v2\/posts\/685949\/revisions"}],"wp:featuredmedia":[{"embeddable":true,"href":"https:\/\/www.europesays.com\/fr\/wp-json\/wp\/v2\/media\/685950"}],"wp:attachment":[{"href":"https:\/\/www.europesays.com\/fr\/wp-json\/wp\/v2\/media?parent=685949"}],"wp:term":[{"taxonomy":"category","embeddable":true,"href":"https:\/\/www.europesays.com\/fr\/wp-json\/wp\/v2\/categories?post=685949"},{"taxonomy":"post_tag","embeddable":true,"href":"https:\/\/www.europesays.com\/fr\/wp-json\/wp\/v2\/tags?post=685949"}],"curies":[{"name":"wp","href":"https:\/\/api.w.org\/{rel}","templated":true}]}}