{"id":685957,"date":"2026-01-24T12:01:09","date_gmt":"2026-01-24T12:01:09","guid":{"rendered":"https:\/\/www.europesays.com\/fr\/685957\/"},"modified":"2026-01-24T12:01:09","modified_gmt":"2026-01-24T12:01:09","slug":"ils-reviennent-avec-une-autre-forme-de-mobilisation","status":"publish","type":"post","link":"https:\/\/www.europesays.com\/fr\/685957\/","title":{"rendered":"ils reviennent avec une autre forme de mobilisation"},"content":{"rendered":"<p>                    Par<br \/>\n        <strong><br \/>\n            <a href=\"https:\/\/actu.fr\/auteur\/mareva-laville-actu-fr\" title=\"Consulter tous les articles de Mar\u00e9va Laville\" target=\"_blank\" rel=\"noopener\">Mar\u00e9va Laville<\/a><br \/>\n                    <\/strong><\/p>\n<p>        Publi\u00e9 le<\/p>\n<p>            24 janv. 2026 \u00e0 12h35        <\/p>\n<p>La pression se maintient chez les <strong>agriculteurs de Haute-Garonne<\/strong>. Si le mouvement a connu une mini-pause forc\u00e9e par les<a href=\"https:\/\/actu.fr\/occitanie\/villefranche-de-lauragais_31582\/colere-des-agriculteurs-en-haute-garonne-pourquoi-sont-ils-postes-devant-une-gendarmerie-a-l-est-de-toulouse_63702092.html\" target=\"_blank\" rel=\"noopener\"> interpellations de repr\u00e9sentants syndicaux<\/a> et <a href=\"https:\/\/actu.fr\/occitanie\/toulouse_31555\/direct-agriculteurs-en-colere-les-premiers-tracteurs-sont-rentres-dans-toulouse-cette-nuit-le-point-sur-la-manif_63691175.html\" target=\"_blank\" rel=\"noopener\">plusieurs autres manifestants,<\/a> les agriculteurs innovent pour continuer de faire valoir leurs revendications.<\/p>\n<p class=\" wall-content\">Apr\u00e8s une <a href=\"https:\/\/actu.fr\/occitanie\/toulouse_31555\/toulouse-les-agriculteurs-vont-mener-une-action-sur-la-place-du-capitole-ce-qui-est-prevu_63727407.html\" target=\"_blank\" rel=\"noopener\">r\u00e9cente mobilisation place du Capitole<\/a> \u00e0 <strong>Toulouse<\/strong>, jeudi 22\u00a0janvier, qui a rencontr\u00e9 son petit succ\u00e8s aupr\u00e8s des Toulousains, nous confie Jonathan Kirchner, le secr\u00e9taire g\u00e9n\u00e9ral de la Conf\u00e9d\u00e9ration paysanne de Haute-Garonne, le syndicat appelle \u00e0 une autre <strong>manifestation dans le centre<\/strong> de la Ville rose. Un peu diff\u00e9rente des pr\u00e9c\u00e9dentes\u2026<\/p>\n<p>Un cort\u00e8ge \u00e0 pied en centre-ville<\/p>\n<p class=\" wall-content\"><a href=\"https:\/\/actu.fr\/occitanie\/toulouse_31555\/un-nouveau-blocage-de-toulouse-annonce-les-agriculteurs-se-donnent-rendez-vous-en-centre-ville_63736873.html\" target=\"_blank\" rel=\"noopener\"><strong>Mardi 27\u00a0janvier<\/strong>, \u00ab\u2009une grosse mobilisation et manifestation\u2009\u00bb est pr\u00e9vue <\/a>\u00e0 partir de 10h dans le centre de Toulouse. S\u2019il \u00e9tait question initialement de ressortir les tracteurs \u00ab\u2009et tous les moyens possibles\u2009\u00bb, finalement, la manifestation aura une allure plus classique. \u00ab\u2009Nous avons eu une discussion <a href=\"https:\/\/actu.fr\/occitanie\/toulouse_31555\/toulouse-interdiction-de-la-manifestation-des-agriculteurs-voici-les-mesures-de-securite-mises-en-oeuvre_63693702.html#:~:text=Le%20pr%C3%A9fet%20de%20la%20Haute,drones%20pourront%20notamment%20%C3%AAtre%20d%C3%A9ploy%C3%A9s.&amp;text=Les%20agriculteurs%20ont%20pr%C3%A9vu%20de,Garonne%20mercredi%2014%20janvier%202026.\" target=\"_blank\" rel=\"noopener\">avec la <strong>pr\u00e9fecture<\/strong><\/a>, qui a autoris\u00e9 la manifestation. <strong>Nous serons \u00e0 pied.<\/strong>Un circuit a \u00e9t\u00e9 d\u00e9fini\u2009<strong>\u00bb<\/strong>, assure Jonathan Kirchner aupr\u00e8s d\u2019Actu Toulouse.<\/p>\n<p class=\" wall-content\">Le cort\u00e8ge partir \u00e0<strong> 10h des all\u00e9es Jean-Jaur\u00e8s<\/strong> pour se terminer sur la place Emile Blouin, \u00e0 c\u00f4t\u00e9 de la pr\u00e9fecture, quartier Saint-Etienne.<\/p>\n<p>    <a href=\"https:\/\/www.google.com\/maps\/embed?pb=!1m18!1m12!1m3!1d2888.9586887934715!2d1.4488341734216845!3d43.60740175539584!2m3!1f0!2f0!3f0!3m2!1i1024!2i768!4f13.1!3m3!1m2!1s0x12aebc985ad02c0b%3A0x4116dc9a8172d468!2sAll.%20Jean%20Jaur%C3%A8s%2C%2031000%20Toulouse!5e0!3m2!1sfr!2sfr!4v1769254401594!5m2!1sfr!2sfr\" title=\"Ouvrie le lien\" target=\"_blank\" rel=\"noopener\">Cliquez ici pour visualiser le contenu<\/a><\/p>\n<p>Les citoyens aussi appel\u00e9s \u00e0 se mobiliser<\/p>\n<p class=\" wall-content\">Via cette forme, r\u00e9guli\u00e8rement emprunt\u00e9e \u00e0 Toulouse, les agriculteurs du d\u00e9partement comptent <strong>rassembler le plus grand monde<\/strong> autour de leur cause. La Coordination rurale r\u00e9gionale est d\u00e9j\u00e0 mobilis\u00e9e et l\u2019intersyndicale regroupant notamment la Fdsea, les Jeunes agriculteurs ou encore la Conf\u00e9d\u00e9ration paysanne appelle \u00e9galement \u00e0 manifester. \u00ab\u2009De mon c\u00f4t\u00e9, je sollicite \u00e9galement les syndicats d\u2019autres d\u00e9partements d\u2019Occitanie\u2009\u00bb, assure Jonathan Kirchner.<\/p>\n<p>Vid\u00e9os : en ce moment sur Actu<\/p>\n<p class=\" wall-content\">Mais ce n\u2019est pas tout. \u00ab\u2009J\u2019appelle aussi plus largement, <strong>y compris les associations citoyennes.<\/strong> La mobilisation s\u2019\u00e9largit sur la question de la souverainet\u00e9 agricole\u2009\u00bb, assure Jonathan Kirchner qui invite donc l\u2019ensemble des habitants de Toulouse, du d\u00e9partement voire de la r\u00e9gion \u00e0 soutenir les agriculteurs et ce \u00ab\u2009besoin croissant d\u2019avoir un vrai travail sur cette<strong> souverainet\u00e9 alimentaire fran\u00e7aise\u2009<\/strong>\u00bb.<\/p>\n<p>Des revendications communes<\/p>\n<p class=\" wall-content\">Depuis les <a href=\"https:\/\/actu.fr\/occitanie\/les-bordes-sur-arize_09061\/dermatose-nodulaire-un-eleveur-refuse-l-abattage-de-son-troupeau-300-agriculteurs-mobilises_63561536.html\" target=\"_blank\" rel=\"noopener\">fortes tensions entre les forces de l\u2019ordre et les agriculteurs,<\/a> \u00e0 l\u2019\u00e9poque mobilis\u00e9s contre <a href=\"https:\/\/actu.fr\/occitanie\/toulouse_31555\/dermatose-nodulaire-a-toulouse-jerome-bayle-demande-a-changer-de-strategie-sur-l-abattage-des-bovins_63555599.html\" target=\"_blank\" rel=\"noopener\">l\u2019abattage du troupeau<\/a> touch\u00e9 par la dermatose nodulaire \u00e0 Bordes-sur-Arize (Ari\u00e8ge), \u00ab\u2009la goutte d\u2019eau qui a fait d\u00e9border le vase\u2009\u00bb, rappelle Jonathan Kirchner, les syndicats sont regroup\u00e9s depuis des mois autour de six revendications communes tels que la simplification administrative, l\u2019arr\u00eat des abattages de troupeaux malades, ou encore celui du Mercosur.<\/p>\n<p>Votre r\u00e9gion, votre actu !<\/p>\n<p>Recevez chaque jour les infos qui comptent pour vous.<\/p>\n<p>\t<a href=\"https:\/\/actu.fr\/newsletter\" class=\"ac-btn ac-btn--corner ac-btn--medium ac-btn--blue800\" target=\"_blank\" rel=\"noopener\">S&rsquo;incrire<\/a><\/p>\n<p class=\" wall-content\">Ce dernier a certes \u00e9t\u00e9 suspendu, mais \u00ab\u2009on ne sait pas pour combien de mois et d\u2019autres discussions ont \u00e9t\u00e9 lanc\u00e9es entre l\u2019Allemagne et l\u2019Inde donc ce n\u2019est pas la fin des accords de libre-\u00e9change\u2009\u00bb, alerte le secr\u00e9taire g\u00e9n\u00e9ral de la Conf\u00e9d\u00e9ration paysanne.<\/p>\n<p class=\" wall-content\">Personnalisez votre actualit\u00e9 en ajoutant vos villes et m\u00e9dias en favori avec <a href=\"https:\/\/moncompte.actu.fr\" title=\"D\u00e9couvez Mon Actu\" rel=\"nofollow noopener\" data-trk=\"{&quot;cta&quot;:{&quot;action&quot;:&quot;https:\\\/\\\/moncompte.actu.fr&quot;,&quot;category&quot;:&quot;mon compte&quot;,&quot;from&quot;:&quot;article footer&quot;,&quot;name&quot;:&quot;Mon actu&quot;,&quot;type&quot;:&quot;cta&quot;}}\" target=\"_blank\">Mon Actu<\/a>.<\/p>\n","protected":false},"excerpt":{"rendered":"Par Mar\u00e9va Laville Publi\u00e9 le 24 janv. 2026 \u00e0 12h35 La pression se maintient chez les agriculteurs de&hellip;\n","protected":false},"author":2,"featured_media":685958,"comment_status":"","ping_status":"","sticky":false,"template":"","format":"standard","meta":{"footnotes":""},"categories":[2816],"tags":[1111,11,327,1777,674,1011,27,1272,12,2680,25,104,2312],"class_list":{"0":"post-685957","1":"post","2":"type-post","3":"status-publish","4":"format-standard","5":"has-post-thumbnail","7":"category-toulouse","8":"tag-actu","9":"tag-actualites","10":"tag-agriculture","11":"tag-eu","12":"tag-europe","13":"tag-fr","14":"tag-france","15":"tag-manifestations","16":"tag-news","17":"tag-occitanie","18":"tag-republique-francaise","19":"tag-societe","20":"tag-toulouse"},"share_on_mastodon":{"url":"https:\/\/pubeurope.com\/@fr\/115949973242272232","error":""},"_links":{"self":[{"href":"https:\/\/www.europesays.com\/fr\/wp-json\/wp\/v2\/posts\/685957","targetHints":{"allow":["GET"]}}],"collection":[{"href":"https:\/\/www.europesays.com\/fr\/wp-json\/wp\/v2\/posts"}],"about":[{"href":"https:\/\/www.europesays.com\/fr\/wp-json\/wp\/v2\/types\/post"}],"author":[{"embeddable":true,"href":"https:\/\/www.europesays.com\/fr\/wp-json\/wp\/v2\/users\/2"}],"replies":[{"embeddable":true,"href":"https:\/\/www.europesays.com\/fr\/wp-json\/wp\/v2\/comments?post=685957"}],"version-history":[{"count":0,"href":"https:\/\/www.europesays.com\/fr\/wp-json\/wp\/v2\/posts\/685957\/revisions"}],"wp:featuredmedia":[{"embeddable":true,"href":"https:\/\/www.europesays.com\/fr\/wp-json\/wp\/v2\/media\/685958"}],"wp:attachment":[{"href":"https:\/\/www.europesays.com\/fr\/wp-json\/wp\/v2\/media?parent=685957"}],"wp:term":[{"taxonomy":"category","embeddable":true,"href":"https:\/\/www.europesays.com\/fr\/wp-json\/wp\/v2\/categories?post=685957"},{"taxonomy":"post_tag","embeddable":true,"href":"https:\/\/www.europesays.com\/fr\/wp-json\/wp\/v2\/tags?post=685957"}],"curies":[{"name":"wp","href":"https:\/\/api.w.org\/{rel}","templated":true}]}}