{"id":686046,"date":"2026-01-24T12:54:10","date_gmt":"2026-01-24T12:54:10","guid":{"rendered":"https:\/\/www.europesays.com\/fr\/686046\/"},"modified":"2026-01-24T12:54:10","modified_gmt":"2026-01-24T12:54:10","slug":"rugby-top-14-le-match-toulon","status":"publish","type":"post","link":"https:\/\/www.europesays.com\/fr\/686046\/","title":{"rendered":"Rugby &#8211; Top 14 : Le match Toulon"},"content":{"rendered":"<p>Apr\u00e8s le match <a href=\"https:\/\/www.laprovence.com\/article\/sports\/1166400830695215\/rugby-top-14-la-rochelle-ne-boycottera-finalement-pas-la-rencontre-contre-toulon\" target=\"_blank\" rel=\"noopener\">contre La Rochelle<\/a>, le RC Toulon conna\u00eet <a href=\"https:\/\/www.laprovence.com\/article\/sports\/5764480157157514\/rugby-top-14-le-match-toulon-la-rochelle-maintenu-par-la-prefecture-mais-retarde-par-l-arbitre\" target=\"_blank\" rel=\"noopener\">un nouveau report cette saison<\/a>. Alors qu&rsquo;il devait affronter Montpellier aujourd&rsquo;hui \u00e0 16h35 pour la quinzi\u00e8me journ\u00e9e de championnat, le club varois voit sa rencontre d\u00e9cal\u00e9e \u00e0 demain (15h30) \u00e0 cause des conditions m\u00e9t\u00e9orologiques.<\/p>\n<p>\u00ab\u00a0Au vu du retour d&rsquo;exp\u00e9rience du match de rugby du 21 septembre dernier, compte tenu de la situation g\u00e9ographique en bord de mer du stade Mayol et de ses caract\u00e9ristiques techniques, ainsi que de l&rsquo;\u00e9tat du terrain, le match pr\u00e9vu ce samedi 24 janvier est report\u00e9 au dimanche 25 janvier \u00e0 15h30\u00a0\u00bb explique le pr\u00e9fet du Var au sein d&rsquo;un communiqu\u00e9, faisant r\u00e9f\u00e9rence au fameux match face au Stade Rochelais qui avait \u00e9t\u00e9 annul\u00e9 au moment du coup d&rsquo;envoi. \u00ab\u00a0M\u00e9t\u00e9o France a plac\u00e9 le Var en vigilance jaune orages \u00e0 partir de 16h. Des pr\u00e9cipitations jusqu&rsquo;\u00e0 40mm sont attendues lors de cet \u00e9pisode, accompagn\u00e9es d&rsquo;une forte activit\u00e9 \u00e9lectrique et de rafales de vent jusqu&rsquo;\u00e0 70km\/h sur une zone de Toulon \u00e0 Hy\u00e8res\u00a0\u00bb, pr\u00e9cise le communiqu\u00e9.<\/p>\n<p>Contrairement au pr\u00e9c\u00e9dent report, le Rugby Club Toulonnais n&rsquo;aura pas besoin d&rsquo;attendre plusieurs semaines avant de retrouver son adversaire puisque la Ligue Nationale de Rugby a annonc\u00e9 la reprogrammation de la rencontre \u00e0 ce dimanche apr\u00e8s une \u00ab\u00a0r\u00e9union en urgence\u00a0\u00bb du Comit\u00e9 Comp\u00e9titions. Une d\u00e9cision rapide qui permet <a href=\"https:\/\/www.laprovence.com\/article\/sports\/41865120332027\/rugby-pierre-mignoni-prolonge-a-toulon-jusquen-2029\" target=\"_blank\" rel=\"noopener\">aux hommes de Pierre Mignoni<\/a> de conserver leur calendrier intact pour le reste de la saison.<\/p>\n","protected":false},"excerpt":{"rendered":"Apr\u00e8s le match contre La Rochelle, le RC Toulon conna\u00eet un nouveau report cette saison. Alors qu&rsquo;il devait&hellip;\n","protected":false},"author":2,"featured_media":686047,"comment_status":"","ping_status":"","sticky":false,"template":"","format":"standard","meta":{"footnotes":""},"categories":[9619],"tags":[5734,1111,11,1444,1777,674,1011,27,2208,12,882,3461,5486,17516,25,479,60,3030,2310],"class_list":{"0":"post-686046","1":"post","2":"type-post","3":"status-publish","4":"format-standard","5":"has-post-thumbnail","7":"category-toulon","8":"tag-5734","9":"tag-actu","10":"tag-actualites","11":"tag-contre","12":"tag-eu","13":"tag-europe","14":"tag-fr","15":"tag-france","16":"tag-montpellier","17":"tag-news","18":"tag-provence-alpes-cote-dazur","19":"tag-rct","20":"tag-rencontre","21":"tag-reporte","22":"tag-republique-francaise","23":"tag-rugby","24":"tag-sports","25":"tag-top","26":"tag-toulon"},"share_on_mastodon":{"url":"https:\/\/pubeurope.com\/@fr\/115950181674429699","error":""},"_links":{"self":[{"href":"https:\/\/www.europesays.com\/fr\/wp-json\/wp\/v2\/posts\/686046","targetHints":{"allow":["GET"]}}],"collection":[{"href":"https:\/\/www.europesays.com\/fr\/wp-json\/wp\/v2\/posts"}],"about":[{"href":"https:\/\/www.europesays.com\/fr\/wp-json\/wp\/v2\/types\/post"}],"author":[{"embeddable":true,"href":"https:\/\/www.europesays.com\/fr\/wp-json\/wp\/v2\/users\/2"}],"replies":[{"embeddable":true,"href":"https:\/\/www.europesays.com\/fr\/wp-json\/wp\/v2\/comments?post=686046"}],"version-history":[{"count":0,"href":"https:\/\/www.europesays.com\/fr\/wp-json\/wp\/v2\/posts\/686046\/revisions"}],"wp:featuredmedia":[{"embeddable":true,"href":"https:\/\/www.europesays.com\/fr\/wp-json\/wp\/v2\/media\/686047"}],"wp:attachment":[{"href":"https:\/\/www.europesays.com\/fr\/wp-json\/wp\/v2\/media?parent=686046"}],"wp:term":[{"taxonomy":"category","embeddable":true,"href":"https:\/\/www.europesays.com\/fr\/wp-json\/wp\/v2\/categories?post=686046"},{"taxonomy":"post_tag","embeddable":true,"href":"https:\/\/www.europesays.com\/fr\/wp-json\/wp\/v2\/tags?post=686046"}],"curies":[{"name":"wp","href":"https:\/\/api.w.org\/{rel}","templated":true}]}}