{"id":686105,"date":"2026-01-24T13:34:12","date_gmt":"2026-01-24T13:34:12","guid":{"rendered":"https:\/\/www.europesays.com\/fr\/686105\/"},"modified":"2026-01-24T13:34:12","modified_gmt":"2026-01-24T13:34:12","slug":"varsovie-va-se-doter-dun-bouclier-aerien","status":"publish","type":"post","link":"https:\/\/www.europesays.com\/fr\/686105\/","title":{"rendered":"Varsovie va se doter d&rsquo;un bouclier a\u00e9rien"},"content":{"rendered":"<p>Le ministre polonais de la D\u00e9fense a annonc\u00e9 la signature prochaine d&rsquo;un contrat visant \u00e0 mettre en place dans ce pays membre de l&rsquo;Otan \u00ab le plus important syst\u00e8me antidrones en Europe \u00bb. Varsovie, qui d\u00e9pense d\u00e9j\u00e0 pr\u00e8s de 5% de son PIB dans le renforcement de ses syst\u00e8mes de d\u00e9fense, a estim\u00e9 r\u00e9cemment qu&rsquo;un \u00ab bouclier \u00bb antidrones \u00e0 sa fronti\u00e8re orientale pourrait co\u00fbter environ deux milliards d&rsquo;euros.<\/p>\n<p>Selon le ministre polonais de la D\u00e9fense, Wladyslaw Kosiniak-Kamysz, le contrat entre Varsovie et un consortium international cr\u00e9\u00e9 pour satisfaire \u00ab un besoin op\u00e9rationnel urgent \u00bb devrait \u00eatre sign\u00e9 d&rsquo;ici fin janvier.\u00a0 \u00ab Les n\u00e9gociations entre l\u2019Agence polonaise de l\u2019armement et le consortium mont\u00e9 en vue de ce projet (&#8230;) sont d\u00e9j\u00e0 termin\u00e9es \u00bb, a d\u00e9clar\u00e9 le ministre au quotidien Gazeta Wyborcza, sans mentionner le montant de l&rsquo;investissement.<\/p>\n<p>  Int\u00e9r\u00eat pour les drones ukrainiens<\/p>\n<p>Le nouveau syst\u00e8me sera bas\u00e9 sur \u00ab diff\u00e9rents types d&rsquo;armements \u00bb livr\u00e9s principalement par des fournisseurs locaux, mais en coop\u00e9ration avec des groupes \u00e9trangers, a ajout\u00e9 le ministre.\u00a0Wladyslaw Kosiniak-Kamysz a rappel\u00e9 la signature l&rsquo;an dernier d&rsquo;un contrat avec le groupe am\u00e9ricain Anduril, alors que le norv\u00e9gien Kongsberg \u00ab compte parmi les groupes avec lesquels nous parlons \u00bb.<\/p>\n<p>La Pologne, qui observe de tr\u00e8s pr\u00e8s les attaques massives de drones russes en Ukraine, a \u00e9galement connu des intrusions d&rsquo;appareils russes sur son territoire. Proposant r\u00e9cemment \u00e0 Kiev de lui livrer ses derniers chasseurs MiG-29 de conception sovi\u00e9tique, Varsovie a \u00e9voqu\u00e9 en m\u00eame temps son int\u00e9r\u00eat pour les technologies ukrainiennes de drones, tr\u00e8s d\u00e9velopp\u00e9es depuis le d\u00e9but de l&rsquo;invasion russe il y a bient\u00f4t quatre ans.<\/p>\n","protected":false},"excerpt":{"rendered":"Le ministre polonais de la D\u00e9fense a annonc\u00e9 la signature prochaine d&rsquo;un contrat visant \u00e0 mettre en place&hellip;\n","protected":false},"author":2,"featured_media":686106,"comment_status":"","ping_status":"","sticky":false,"template":"","format":"standard","meta":{"footnotes":""},"categories":[1586],"tags":[11,3206,1777,674,107,1011,27,329,12,25],"class_list":{"0":"post-686105","1":"post","2":"type-post","3":"status-publish","4":"format-standard","5":"has-post-thumbnail","7":"category-europe","8":"tag-actualites","9":"tag-defense-guerre-conflit","10":"tag-eu","11":"tag-europe","12":"tag-fil-info","13":"tag-fr","14":"tag-france","15":"tag-france-monde","16":"tag-news","17":"tag-republique-francaise"},"share_on_mastodon":{"url":"","error":""},"_links":{"self":[{"href":"https:\/\/www.europesays.com\/fr\/wp-json\/wp\/v2\/posts\/686105","targetHints":{"allow":["GET"]}}],"collection":[{"href":"https:\/\/www.europesays.com\/fr\/wp-json\/wp\/v2\/posts"}],"about":[{"href":"https:\/\/www.europesays.com\/fr\/wp-json\/wp\/v2\/types\/post"}],"author":[{"embeddable":true,"href":"https:\/\/www.europesays.com\/fr\/wp-json\/wp\/v2\/users\/2"}],"replies":[{"embeddable":true,"href":"https:\/\/www.europesays.com\/fr\/wp-json\/wp\/v2\/comments?post=686105"}],"version-history":[{"count":0,"href":"https:\/\/www.europesays.com\/fr\/wp-json\/wp\/v2\/posts\/686105\/revisions"}],"wp:featuredmedia":[{"embeddable":true,"href":"https:\/\/www.europesays.com\/fr\/wp-json\/wp\/v2\/media\/686106"}],"wp:attachment":[{"href":"https:\/\/www.europesays.com\/fr\/wp-json\/wp\/v2\/media?parent=686105"}],"wp:term":[{"taxonomy":"category","embeddable":true,"href":"https:\/\/www.europesays.com\/fr\/wp-json\/wp\/v2\/categories?post=686105"},{"taxonomy":"post_tag","embeddable":true,"href":"https:\/\/www.europesays.com\/fr\/wp-json\/wp\/v2\/tags?post=686105"}],"curies":[{"name":"wp","href":"https:\/\/api.w.org\/{rel}","templated":true}]}}