{"id":686127,"date":"2026-01-24T13:51:11","date_gmt":"2026-01-24T13:51:11","guid":{"rendered":"https:\/\/www.europesays.com\/fr\/686127\/"},"modified":"2026-01-24T13:51:11","modified_gmt":"2026-01-24T13:51:11","slug":"sans-cette-jeune-femme-il-aurait","status":"publish","type":"post","link":"https:\/\/www.europesays.com\/fr\/686127\/","title":{"rendered":"sans cette jeune femme il aurait &#8230;"},"content":{"rendered":"<p>EN BREF<\/p>\n<ul class=\"bloc_resume_post_list\">\n<li>Pierre Niney a pr\u00e9sent\u00e9 le film \u00ab\u00a0Gourou&rsquo; de Yann Gozlan<br \/>\nsur Quotidien, o\u00f9 il joue un coach sombrant dans la<br \/>\nparano\u00efa.<\/li>\n<li>Tous les personnages de Niney dans les films de Gozlan<br \/>\ns&rsquo;appellent Matthieu Vasseur, cr\u00e9ant un &lsquo;multiverse&rsquo;<br \/>\nintrigant.<\/li>\n<li>Une anecdote de jeunesse r\u00e9v\u00e8le comment une amie a sauv\u00e9<br \/>\nNiney d&rsquo;un vol gr\u00e2ce \u00e0 une intervention inattendue.<\/li>\n<\/ul>\n<p class=\"p1\">C&rsquo;est un projet \u00ab\u00a0tr\u00e8s diff\u00e9rent\u00a0\u00bb, \u00ab\u00a0tr\u00e8s<br \/>\nmoderne\u00a0\u00bb qu&rsquo;est venu pr\u00e9senter <a href=\"https:\/\/www.telestar.fr\/culture\/pierre-niney-meconnaissable-comment-il-a-berne-ses-propres-parents-dans-le-comte-de-monte-cristo-1675150\" target=\"_blank\" rel=\"noopener\"><br \/>\nPierre Niney<\/a> cette semaine sur le plateau de l&rsquo;\u00e9mission<br \/>\nQuotidien. L&rsquo;acteur a fait la promotion du <strong>nouveau film de<br \/>\nYann Gozlan, Gourou<\/strong> (au cin\u00e9ma le 28 janvier),<br \/>\ndans lequel <strong>il interpr\u00e8te un coach en d\u00e9veloppement<br \/>\npersonnel<\/strong> qui sombre peu \u00e0 peu dans la parano\u00efa. A<br \/>\nl&rsquo;instar des personnages qu&rsquo;il a incarn\u00e9 dans les pr\u00e9c\u00e9dents films<br \/>\ndu r\u00e9alisateur.<\/p>\n<p class=\"p1\">Autre point commun : tous portent le m\u00eame nom :<br \/>\nMatthieu Vasseur. \u00ab\u00a0Ce ne sont pas les m\u00eames personnages, mais<br \/>\nj&rsquo;adore l&rsquo;id\u00e9e qu&rsquo;avec Yann on est en train de construire un<br \/>\nmultiverse. J&rsquo;aime ce c\u00f4t\u00e9 magique qui traverse diff\u00e9rentes vies,<br \/>\ndiff\u00e9rents films. Mais, il y a quand m\u00eame le lien de la<br \/>\nv\u00e9rit\u00e9\u00a0\u00bb, a expliqu\u00e9 le com\u00e9dien \u00e0 Yann Barth\u00e8s, intrigu\u00e9 par<br \/>\ncette myst\u00e9rieuse g\u00e9n\u00e9alogie.<\/p>\n<p>Pierre Niney : cette fois o\u00f9 il a failli se faire<br \/>\nd\u00e9pouiller<\/p>\n<p class=\"p1\"><a href=\"https:\/\/www.telestar.fr\/culture\/le-comte-de-monte-cristo-ou-a-ete-tourne-le-film-avec-pierre-niney-1703490\" target=\"_blank\" rel=\"noopener\"><br \/>\nLa star du Comte de Monte-Cristo<\/a> poursuit sa tourn\u00e9e<br \/>\nm\u00e9diatique \u00e0 quelques jours de la sortie en salles de<br \/>\nGourou. Apr\u00e8s Yann Barth\u00e8s, David Castello-Lopes l&rsquo;a<br \/>\ninvit\u00e9 \u00e0 participer \u00e0 l&rsquo;un de ses c\u00e9l\u00e8bres <strong>\u00ab\u00a0small talks\u00a0\u00bb<br \/>\nsur Konbini.<\/strong> Au cours de l&rsquo;\u00e9change, l&rsquo;acteur a racont\u00e9 une<br \/>\nanecdote savoureuse sur un \u00e9pisode de son adolescence qui aurait d\u00fb<br \/>\nle traumatiser.<\/p>\n<p class=\"p1\">\u00ab\u00a0<strong>J&rsquo;avais 15 ans<\/strong>. Je me suis fait<br \/>\nmettre dans un coin par <strong>deux gars<\/strong>, prendre des<br \/>\ntartes : <strong>&lsquo;Qu&rsquo;est-ce que t&rsquo;as sur toi ?&rsquo;<\/strong><br \/>\nJe dis : &lsquo;J&rsquo;ai des livres de th\u00e9\u00e2tre.&rsquo; Il me dit<br \/>\n: &lsquo;Vas-y, <strong>montre-moi ce que tu as dans tes<br \/>\npoches.&rsquo;<\/strong>\u00a0\u00bb Niney ne bronche pas et sort de sa<br \/>\npoche une mis\u00e9rable pi\u00e8ce de 50 centimes. \u00ab\u00a0Le gars la ramasse.<br \/>\nJe dis : &lsquo;Franchement, <strong>les gars, ce n&rsquo;est pas<br \/>\ncool.<\/strong> Je vais en cours de th\u00e9\u00e2tre, je n&rsquo;ai rien. Vous<br \/>\npourriez emmerder d&rsquo;autres gens.'\u00a0\u00bb Une jeune femme va<br \/>\nfinalement le sortir de l&rsquo;impasse&#8230;<\/p>\n<p>Pierre Niney : comment a-t-il \u00e9t\u00e9<br \/>\nsauv\u00e9 in extremis ?<\/p>\n<p class=\"p1\">Alors que les deux individus le chahutent, Pierre<br \/>\nNiney reconna\u00eet un visage familier \u00e0 quelques m\u00e8tres de l\u00e0.<br \/>\n\u00ab\u00a0<strong>Une copine du Cours Florent<\/strong>, Anne-Jo\u00eblle, me<br \/>\nvoit de loin parler avec deux gars plus grands que moi, mais \u00e0 peu<br \/>\npr\u00e8s mon \u00e2ge quand m\u00eame. Elle d\u00e9barque comme une fleur, tr\u00e8s<br \/>\ncharmante. Elle fait : &lsquo;Salut Pierre, \u00e7a va? <strong>Salut les<br \/>\ngars !&rsquo;.<\/strong> <strong>Et elle leur fait la<br \/>\nbise.<\/strong>\u00ab\u00a0<\/p>\n<p class=\"p1\">Si le premier des deux agresseurs se laisse faire,<br \/>\nl&rsquo;autre se soustrait au geste de la jeune femme : \u00ab\u00a0Non mais<br \/>\nqu&rsquo;est-ce que tu fais ?\u00a0\u00bb. Selon Pierre Niney, l&rsquo;\u00e9tudiante est<br \/>\npersuad\u00e9e que l&rsquo;homme qu&rsquo;elle prend pour l&rsquo;ami du com\u00e9dien<br \/>\n<strong>refuse de faire la bise aux filles<\/strong> ou se retient<br \/>\nde l&#8217;embrasser \u00e0 son tour parce qu&rsquo;il est malade. \u00ab\u00a0Je ne sais<br \/>\npas ce qu&rsquo;elle s&rsquo;est racont\u00e9e mais elle se dit toujours :<br \/>\n<strong>&lsquo;C&rsquo;est des potes de Pierre. Louches mais des potes de<br \/>\nPierre.&rsquo;<\/strong>\u00ab\u00a0. Une mani\u00e8re de sauver d&rsquo;un racket&#8230;<br \/>\navec de la bienveillance !<\/p>\n","protected":false},"excerpt":{"rendered":"EN BREF Pierre Niney a pr\u00e9sent\u00e9 le film \u00ab\u00a0Gourou&rsquo; de Yann Gozlan sur Quotidien, o\u00f9 il joue un&hellip;\n","protected":false},"author":2,"featured_media":686128,"comment_status":"","ping_status":"","sticky":false,"template":"","format":"standard","meta":{"footnotes":""},"categories":[1356],"tags":[548,10281,58,59,1011,27,252,65861,1364],"class_list":{"0":"post-686127","1":"post","2":"type-post","3":"status-publish","4":"format-standard","5":"has-post-thumbnail","7":"category-television","8":"tag-article-simple","9":"tag-buzz-nonli","10":"tag-divertissement","11":"tag-entertainment","12":"tag-fr","13":"tag-france","14":"tag-television","15":"tag-trend","16":"tag-tv"},"share_on_mastodon":{"url":"https:\/\/pubeurope.com\/@fr\/115950405811745021","error":""},"_links":{"self":[{"href":"https:\/\/www.europesays.com\/fr\/wp-json\/wp\/v2\/posts\/686127","targetHints":{"allow":["GET"]}}],"collection":[{"href":"https:\/\/www.europesays.com\/fr\/wp-json\/wp\/v2\/posts"}],"about":[{"href":"https:\/\/www.europesays.com\/fr\/wp-json\/wp\/v2\/types\/post"}],"author":[{"embeddable":true,"href":"https:\/\/www.europesays.com\/fr\/wp-json\/wp\/v2\/users\/2"}],"replies":[{"embeddable":true,"href":"https:\/\/www.europesays.com\/fr\/wp-json\/wp\/v2\/comments?post=686127"}],"version-history":[{"count":0,"href":"https:\/\/www.europesays.com\/fr\/wp-json\/wp\/v2\/posts\/686127\/revisions"}],"wp:featuredmedia":[{"embeddable":true,"href":"https:\/\/www.europesays.com\/fr\/wp-json\/wp\/v2\/media\/686128"}],"wp:attachment":[{"href":"https:\/\/www.europesays.com\/fr\/wp-json\/wp\/v2\/media?parent=686127"}],"wp:term":[{"taxonomy":"category","embeddable":true,"href":"https:\/\/www.europesays.com\/fr\/wp-json\/wp\/v2\/categories?post=686127"},{"taxonomy":"post_tag","embeddable":true,"href":"https:\/\/www.europesays.com\/fr\/wp-json\/wp\/v2\/tags?post=686127"}],"curies":[{"name":"wp","href":"https:\/\/api.w.org\/{rel}","templated":true}]}}