{"id":686179,"date":"2026-01-24T14:20:11","date_gmt":"2026-01-24T14:20:11","guid":{"rendered":"https:\/\/www.europesays.com\/fr\/686179\/"},"modified":"2026-01-24T14:20:11","modified_gmt":"2026-01-24T14:20:11","slug":"le-tireur-presume-a-ete-interpelle","status":"publish","type":"post","link":"https:\/\/www.europesays.com\/fr\/686179\/","title":{"rendered":"le tireur pr\u00e9sum\u00e9 a \u00e9t\u00e9 interpell\u00e9"},"content":{"rendered":"<p>\n    La BRI et le Raid ont interpell\u00e9 le suspect de 45 ans sur les hauteurs de Grasse ce samedi.<\/p>\n<p class=\"fig-paragraph\">Trois jours apr\u00e8s l\u2019assassinat d\u2019une jeune femme dans sa voiture devant son b\u00e9b\u00e9 \u00e0 Nice, le tireur pr\u00e9sum\u00e9 a \u00e9t\u00e9 interpell\u00e9, samedi, \u00e0 Grasse (Alpes-Maritimes), a appris Le Figaro de sources polici\u00e8res et aupr\u00e8s du parquet. Les policiers de la BRI et du RAID sont intervenus pour arr\u00eater ce suspect de 45 ans \u00aben d\u00e9but d\u2019apr\u00e8s-midi, sur les hauteurs de la commune de Grasse\u00bb, a pr\u00e9cis\u00e9 le procureur de la R\u00e9publique de Nice, Damien Martinelli.<\/p>\n<p class=\"fig-paragraph\">Mercredi soir, Lizabete, 23 ans, avait \u00e9t\u00e9 abattue d\u2019une dizaine de balles \u00e0 bord de sa voiture dans l\u2019ouest de Nice, devant son b\u00e9b\u00e9 de sept mois, miraculeusement indemne. Le tireur avait pris la fuite \u00e0 scooter.<\/p>\n<p>                                            <a class=\"fig-a11y-skip\" href=\"#fig-a11y-skip-main-inarticle\" data-module=\"a11y-skip\" data-context=\"was @visible\"><br \/>\n    Passer la publicit\u00e9<br \/>\n<\/a>            <\/p>\n<p class=\"fig-paragraph\">Selon les premiers \u00e9l\u00e9ments de l\u2019enqu\u00eate, il pourrait s\u2019agir du beau-p\u00e8re de la victime, qui est \u00e9galement agent municipal en charge du gymnase dans un groupe scolaire du centre-ville de Nice.<\/p>\n<p class=\"fig-paragraph\">Plus d\u2019informations \u00e0 suivre&#8230;<\/p>\n","protected":false},"excerpt":{"rendered":"La BRI et le Raid ont interpell\u00e9 le suspect de 45 ans sur les hauteurs de Grasse ce&hellip;\n","protected":false},"author":2,"featured_media":686180,"comment_status":"","ping_status":"","sticky":false,"template":"","format":"standard","meta":{"footnotes":""},"categories":[2819],"tags":[1111,11,5141,6744,1777,674,1011,27,777,12,2401,882,25],"class_list":{"0":"post-686179","1":"post","2":"type-post","3":"status-publish","4":"format-standard","5":"has-post-thumbnail","7":"category-nice","8":"tag-actu","9":"tag-actualites","10":"tag-arme-a-feu","11":"tag-assassinat","12":"tag-eu","13":"tag-europe","14":"tag-fr","15":"tag-france","16":"tag-meurtre","17":"tag-news","18":"tag-nice","19":"tag-provence-alpes-cote-dazur","20":"tag-republique-francaise"},"share_on_mastodon":{"url":"https:\/\/pubeurope.com\/@fr\/115950519770951062","error":""},"_links":{"self":[{"href":"https:\/\/www.europesays.com\/fr\/wp-json\/wp\/v2\/posts\/686179","targetHints":{"allow":["GET"]}}],"collection":[{"href":"https:\/\/www.europesays.com\/fr\/wp-json\/wp\/v2\/posts"}],"about":[{"href":"https:\/\/www.europesays.com\/fr\/wp-json\/wp\/v2\/types\/post"}],"author":[{"embeddable":true,"href":"https:\/\/www.europesays.com\/fr\/wp-json\/wp\/v2\/users\/2"}],"replies":[{"embeddable":true,"href":"https:\/\/www.europesays.com\/fr\/wp-json\/wp\/v2\/comments?post=686179"}],"version-history":[{"count":0,"href":"https:\/\/www.europesays.com\/fr\/wp-json\/wp\/v2\/posts\/686179\/revisions"}],"wp:featuredmedia":[{"embeddable":true,"href":"https:\/\/www.europesays.com\/fr\/wp-json\/wp\/v2\/media\/686180"}],"wp:attachment":[{"href":"https:\/\/www.europesays.com\/fr\/wp-json\/wp\/v2\/media?parent=686179"}],"wp:term":[{"taxonomy":"category","embeddable":true,"href":"https:\/\/www.europesays.com\/fr\/wp-json\/wp\/v2\/categories?post=686179"},{"taxonomy":"post_tag","embeddable":true,"href":"https:\/\/www.europesays.com\/fr\/wp-json\/wp\/v2\/tags?post=686179"}],"curies":[{"name":"wp","href":"https:\/\/api.w.org\/{rel}","templated":true}]}}