{"id":686202,"date":"2026-01-24T14:35:20","date_gmt":"2026-01-24T14:35:20","guid":{"rendered":"https:\/\/www.europesays.com\/fr\/686202\/"},"modified":"2026-01-24T14:35:20","modified_gmt":"2026-01-24T14:35:20","slug":"le-trafic-interrompu-sur-une-partie-de-la-ligne","status":"publish","type":"post","link":"https:\/\/www.europesays.com\/fr\/686202\/","title":{"rendered":"le trafic interrompu sur une partie de la ligne"},"content":{"rendered":"<p>                    Par<br \/>\n        <strong><br \/>\n            <a href=\"https:\/\/actu.fr\/auteur\/glenn-gillet\" title=\"Consulter tous les articles de Glenn Gillet\" target=\"_blank\" rel=\"noopener\">Glenn Gillet<\/a><br \/>\n                    <\/strong><\/p>\n<p>        Publi\u00e9 le<\/p>\n<p>            24 janv. 2026 \u00e0 11h08<br \/>\n        ; mis \u00e0 jour le 24 janv. 2026 \u00e0 12h48    <\/p>\n<p>Mise \u00e0 jour \u00e0 12h45 : le trafic reprend mais reste perturb\u00e9 sur l\u2019ensemble de la ligne.<\/p>\n<p class=\" wall-content\">Le trafic est <strong>interrompu<\/strong> ce samedi 24\u00a0janvier 2026 sur le <a href=\"https:\/\/actu.fr\/ile-de-france\/paris_75056\/sncf-accident-grave-de-personne-le-trafic-en-partie-interrompu-a-paris-sur-le-rer-b_63473595.html\" target=\"_blank\" rel=\"noopener\">RER B<\/a> entre la station <a href=\"https:\/\/actu.fr\/ile-de-france\/paris_75056\/paris-la-future-place-denfert-rochereau-va-t-elle-etre-epouvantable-pour-les-riverains-et-les-bus_63355585.html\" target=\"_blank\" rel=\"noopener\">Denfert-Rochereau<\/a>, \u00e0 Paris, et la station Laplace, \u00e0 Arcueil (Val-de-Marne) et perturb\u00e9 sur le reste de la ligne, a annonc\u00e9 le compte d\u00e9di\u00e9 au RER B sur le<a href=\"https:\/\/x.com\/RERB\/status\/2014993497791610987?s=20\"> r\u00e9seau X<\/a>. L\u2019heure de reprise est pour le moment estim\u00e9e \u00e0 <strong>12h30<\/strong>.<\/p>\n<p class=\" wall-content\">\n<p class=\" wall-content\">Cette interruption de trafic est due \u00e0 un<strong> accident grave de personne<\/strong> \u00e0 Cit\u00e9 Universitaire dont on ignore les circonstances \u00e0 l\u2019heure actuelle. Des sapeurs-pompiers sont arriv\u00e9s sur place peu apr\u00e8s 10h30.<\/p>\n<p class=\" wall-content\">Personnalisez votre actualit\u00e9 en ajoutant vos villes et m\u00e9dias en favori avec <a href=\"https:\/\/moncompte.actu.fr\" title=\"D\u00e9couvez Mon Actu\" rel=\"nofollow noopener\" data-trk=\"{&quot;cta&quot;:{&quot;action&quot;:&quot;https:\\\/\\\/moncompte.actu.fr&quot;,&quot;category&quot;:&quot;mon compte&quot;,&quot;from&quot;:&quot;article footer&quot;,&quot;name&quot;:&quot;Mon actu&quot;,&quot;type&quot;:&quot;cta&quot;}}\" target=\"_blank\">Mon Actu<\/a>.<\/p>\n","protected":false},"excerpt":{"rendered":"Par Glenn Gillet Publi\u00e9 le 24 janv. 2026 \u00e0 11h08 ; mis \u00e0 jour le 24 janv. 2026&hellip;\n","protected":false},"author":2,"featured_media":686203,"comment_status":"","ping_status":"","sticky":false,"template":"","format":"standard","meta":{"footnotes":""},"categories":[1888],"tags":[1111,1928,11,1927,1777,674,1011,27,10883,12,1926,626,1925,625,25,17235,104],"class_list":{"0":"post-686202","1":"post","2":"type-post","3":"status-publish","4":"format-standard","5":"has-post-thumbnail","7":"category-paris","8":"tag-actu","9":"tag-actu-paris","10":"tag-actualites","11":"tag-actualites-paris","12":"tag-eu","13":"tag-europe","14":"tag-fr","15":"tag-france","16":"tag-ile-de-france-mobilites","17":"tag-news","18":"tag-news-paris","19":"tag-paris","20":"tag-paris-news","21":"tag-ratp","22":"tag-republique-francaise","23":"tag-rer-b","24":"tag-societe"},"share_on_mastodon":{"url":"https:\/\/pubeurope.com\/@fr\/115950578855885151","error":""},"_links":{"self":[{"href":"https:\/\/www.europesays.com\/fr\/wp-json\/wp\/v2\/posts\/686202","targetHints":{"allow":["GET"]}}],"collection":[{"href":"https:\/\/www.europesays.com\/fr\/wp-json\/wp\/v2\/posts"}],"about":[{"href":"https:\/\/www.europesays.com\/fr\/wp-json\/wp\/v2\/types\/post"}],"author":[{"embeddable":true,"href":"https:\/\/www.europesays.com\/fr\/wp-json\/wp\/v2\/users\/2"}],"replies":[{"embeddable":true,"href":"https:\/\/www.europesays.com\/fr\/wp-json\/wp\/v2\/comments?post=686202"}],"version-history":[{"count":0,"href":"https:\/\/www.europesays.com\/fr\/wp-json\/wp\/v2\/posts\/686202\/revisions"}],"wp:featuredmedia":[{"embeddable":true,"href":"https:\/\/www.europesays.com\/fr\/wp-json\/wp\/v2\/media\/686203"}],"wp:attachment":[{"href":"https:\/\/www.europesays.com\/fr\/wp-json\/wp\/v2\/media?parent=686202"}],"wp:term":[{"taxonomy":"category","embeddable":true,"href":"https:\/\/www.europesays.com\/fr\/wp-json\/wp\/v2\/categories?post=686202"},{"taxonomy":"post_tag","embeddable":true,"href":"https:\/\/www.europesays.com\/fr\/wp-json\/wp\/v2\/tags?post=686202"}],"curies":[{"name":"wp","href":"https:\/\/api.w.org\/{rel}","templated":true}]}}