{"id":686215,"date":"2026-01-24T14:42:13","date_gmt":"2026-01-24T14:42:13","guid":{"rendered":"https:\/\/www.europesays.com\/fr\/686215\/"},"modified":"2026-01-24T14:42:13","modified_gmt":"2026-01-24T14:42:13","slug":"overlord-les-autorites-francaises-interdisent-cette-operation-de-lextreme-droite-britannique-contre-les-migrants","status":"publish","type":"post","link":"https:\/\/www.europesays.com\/fr\/686215\/","title":{"rendered":"\u00ab\u00a0Overlord\u00a0\u00bb : les autorit\u00e9s fran\u00e7aises interdisent cette op\u00e9ration de l&rsquo;extr\u00eame droite britannique contre les migrants"},"content":{"rendered":"<ul class=\"jsx-862013697 ArticleChapo__List\">\n<li class=\"jsx-862013697 ArticleChapo__List_Item flex\">Le Nord et le Pas-de-Calais ont interdit les rassemblements \u00ab\u00a0Overlord\u00a0\u00bb.<\/li>\n<li class=\"jsx-862013697 ArticleChapo__List_Item flex\">Un groupe de l&rsquo;ultra-droite britannique \u00e9tait \u00e0 l&rsquo;origine de ces raids anti-migrants.<\/li>\n<li class=\"jsx-862013697 ArticleChapo__List_Item flex\">Un rassemblement devait avoir lieu samedi sur le littoral du nord de la France.<\/li>\n<\/ul>\n<p data-module=\"article-paragraph\" class=\"jsx-157965717 Paragraph Paragraph__End\">Une vague de haine x\u00e9nophobe venue du Royaume-Uni a bien failli d\u00e9ferler sur le littoral fran\u00e7ais. Mais les pr\u00e9fectures du Nord et du Pas-de-Calais ont pris un arr\u00eat\u00e9 interd\u00e9partemental interdisant l&rsquo;op\u00e9ration \u00ab\u00a0Overlord\u00a0\u00bb. Annonc\u00e9 pour ce samedi 24 janvier dans le nord de la France, ce rassemblement <a href=\"https:\/\/www.tf1info.fr\/international\/ca-va-devenir-moche-les-manifestations-anti-migrants-prennent-de-l-ampleur-au-royaume-uni-2393177.html\" target=\"_blank\" rel=\"noopener\">aux airs de raids anti-migrants  (nouvelle fen\u00eatre)<\/a>\u00e9tait organis\u00e9 \u00e0 l&rsquo;initiative de militants de l&rsquo;ultra-droite britannique.<\/p>\n<p>Des raids pour se \u00ab\u00a0substituer\u00a0\u00bb aux autorit\u00e9s<\/p>\n<p data-module=\"article-paragraph\" class=\"jsx-157965717 Paragraph\">Dans un communiqu\u00e9 conjoint, le pr\u00e9fet du Nord et celui du Pas-de-Calais alertent sur la pr\u00e9sence r\u00e9currente sur le littoral \u00ab\u00a0de militants issus de la mouvance ultra-droite britannique\u00a0\u00bb, citant notamment les membres du <a href=\"https:\/\/www.tf1info.fr\/international\/verif-l-union-jack-drapeau-britannique-devenu-symbole-des-patriotes-et-objet-de-fausses-informations-2392264.html\" target=\"_blank\" rel=\"noopener\">mouvement Raise The Colours (nouvelle fen\u00eatre)<\/a>, \u00ab\u00a0impliqu\u00e9s dans des actions d&rsquo;intimidation \u00e0 l&rsquo;encontre des personnes migrantes et des associations humanitaires\u00a0\u00bb. Ces agissements, \u00ab\u00a0largement diffus\u00e9s sur les r\u00e9seaux sociaux\u00a0\u00bb, s&rsquo;inscrivent <a href=\"https:\/\/www.tf1info.fr\/international\/ca-va-devenir-moche-les-manifestations-anti-migrants-prennent-de-l-ampleur-au-royaume-uni-2393177.html\" target=\"_blank\" rel=\"noopener\">\u00ab\u00a0dans une id\u00e9ologie x\u00e9nophobe et anti-immigration\u00a0\u00bb (nouvelle fen\u00eatre)<\/a>. Autant d&rsquo;\u00e9l\u00e9ments qui, pour Bertrand Gaume et Fran\u00e7ois-Xavier Lauch, \u00ab\u00a0cr\u00e9ent un risque manifeste de troubles \u00e0 l&rsquo;ordre public\u00a0\u00bb.<\/p>\n<p data-module=\"article-paragraph\" class=\"jsx-157965717 Paragraph Paragraph__End\">C&rsquo;est donc afin de \u00ab\u00a0pr\u00e9venir toute confrontation ou atteinte \u00e0 la s\u00e9curit\u00e9 des personnes\u00a0\u00bb, que les deux pr\u00e9fectures du nord du pays ont d\u00e9cid\u00e9 d&rsquo;interdire tout rassemblement \u00ab\u00a0de membres revendiqu\u00e9s du mouvement Raise The Colours\u00a0\u00bb dans les arrondissements de Dunkerque, Calais, Boulogne-sur-Mer, Montreuil-sur-Mer et Lille de vendredi soir \u00e0 lundi matin.\u00a0Pour faire face \u00e0 toute <a href=\"https:\/\/www.tf1info.fr\/international\/ca-va-devenir-moche-les-manifestations-anti-migrants-prennent-de-l-ampleur-au-royaume-uni-2393177.html\" target=\"_blank\" rel=\"noopener\">tentative d&rsquo;actions (nouvelle fen\u00eatre)<\/a> de la part de ces militants, les forces de l&rsquo;ordre seront \u00ab\u00a0pleinement mobilis\u00e9es\u00a0\u00bb. Les \u00ab\u00a0membres de ces mouvements contr\u00f4l\u00e9s par les forces de l&rsquo;ordre seront reconduits \u00e0 la fronti\u00e8re\u00a0\u00bb, ajoutent les autorit\u00e9s. Au-del\u00e0 de faire appliquer cet arr\u00eat\u00e9, les forces de l&rsquo;ordre auront aussi pour mission de \u00ab\u00a0prot\u00e9ger les personnes migrantes\u00a0\u00bb et \u00ab\u00a0garantir la s\u00e9curit\u00e9 de tous sur le littoral\u00a0\u00bb.<\/p>\n<p><a href=\"https:\/\/www.tf1info.fr\/international\/verif-londres-trop-dangereuse-l-ia-au-service-des-discours-d-extreme-droite-au-royaume-uni-attention-a-ces-images-de-londres-modifiees-par-ia-au-service-des-discours-d-extreme-droite-2412929.html\" rel=\"noopener\" class=\"jsx-3308031228 Link flex\" target=\"_blank\"><img decoding=\"async\" src=\"https:\/\/www.europesays.com\/fr\/wp-content\/uploads\/2026\/01\/couv-verif-ia-uk-3bac07-0@1x.jpeg\" alt=\"Capture d'\u00e9cran YouTube \/ Les V\u00e9rificateurs\" loading=\"lazy\" importance=\"low\" fetchpriority=\"low\" class=\"\" aria-hidden=\"true\"\/><\/p>\n<p class=\"jsx-3657663356 ReadMoreArticle__Title\">Lire aussi<\/p>\n<p class=\"jsx-3657663356\">V\u00c9RIF&rsquo; &#8211; Attention \u00e0 cette image de Londres modifi\u00e9e par IA, au service des discours d&rsquo;extr\u00eame droite<\/p>\n<p><\/a><\/p>\n<p data-module=\"article-paragraph\" class=\"jsx-157965717 Paragraph Paragraph__End\">Parmi les instigateurs du mouvement, men\u00e9 par la branche consid\u00e9r\u00e9e comme la plus \u00ab\u00a0radicale\u00a0\u00bb du mouvement Raise The Colours, on peut citer Daniel Thomas. Interdit de territoire fran\u00e7ais, il publie r\u00e9guli\u00e8rement des discours anti-France sur ses r\u00e9seaux sociaux, s&rsquo;en prenant r\u00e9cemment aux \u00ab\u00a0b\u00e2tards de Fran\u00e7ais\u00a0\u00bb. Plaidant pour une \u00ab\u00a0r\u00e9ponse vraiment tr\u00e8s, tr\u00e8s forte\u00a0\u00bb, il est \u00e0 l&rsquo;origine de l&rsquo;op\u00e9ration baptis\u00e9e \u00ab\u00a0Overlord\u00a0\u00bb. Un nom en r\u00e9f\u00e9rence au nom de code du d\u00e9barquement anglo-am\u00e9ricain de 1944 en Normandie. \u00ab\u00a0Le 24 janvier marque un tournant\u00a0\u00bb, mena\u00e7ait-il sur Instagram. \u00ab\u00a0C&rsquo;est \u00e0 ce moment-l\u00e0 que les d\u00e9cisions ne sont plus prises par les politiciens ni par les institutions mais par des citoyens anglais et britanniques ordinaires qui refusent de rester les bras crois\u00e9s.\u00a0\u00bb Selon les autorit\u00e9s, cette op\u00e9ration visait effectivement \u00ab\u00a0\u00e0 se substituer aux autorit\u00e9s de police fran\u00e7aises afin d&#8217;emp\u00eacher\u00a0\u00bb des d\u00e9parts de migrants vers le Royaume-Uni, explique l&rsquo;arr\u00eat\u00e9 consult\u00e9 par l&rsquo;AFP.<\/p>\n<p>FS avec AFP<\/p>\n","protected":false},"excerpt":{"rendered":"Le Nord et le Pas-de-Calais ont interdit les rassemblements \u00ab\u00a0Overlord\u00a0\u00bb. Un groupe de l&rsquo;ultra-droite britannique \u00e9tait \u00e0 l&rsquo;origine&hellip;\n","protected":false},"author":2,"featured_media":686216,"comment_status":"","ping_status":"","sticky":false,"template":"","format":"standard","meta":{"footnotes":""},"categories":[1588],"tags":[1111,11,1921,2951,2950,1777,674,1061,1922,12,1072,473,1853,1851,1850,1852,133,5010,2949],"class_list":{"0":"post-686215","1":"post","2":"type-post","3":"status-publish","4":"format-standard","5":"has-post-thumbnail","7":"category-royaume-uni","8":"tag-actu","9":"tag-actualites","10":"tag-article-video","11":"tag-criminalite","12":"tag-delinquance","13":"tag-eu","14":"tag-europe","15":"tag-immigration","16":"tag-info","17":"tag-news","18":"tag-police","19":"tag-royaume-uni","20":"tag-royaume-uni-de-grande-bretagne-et-dirlande-du-nord","21":"tag-uk","22":"tag-united-kingdom","23":"tag-united-kingdom-of-great-britain-and-northern-ireland","24":"tag-video","25":"tag-video-sujets-de-societe","26":"tag-violences"},"share_on_mastodon":{"url":"https:\/\/pubeurope.com\/@fr\/115950606362601880","error":""},"_links":{"self":[{"href":"https:\/\/www.europesays.com\/fr\/wp-json\/wp\/v2\/posts\/686215","targetHints":{"allow":["GET"]}}],"collection":[{"href":"https:\/\/www.europesays.com\/fr\/wp-json\/wp\/v2\/posts"}],"about":[{"href":"https:\/\/www.europesays.com\/fr\/wp-json\/wp\/v2\/types\/post"}],"author":[{"embeddable":true,"href":"https:\/\/www.europesays.com\/fr\/wp-json\/wp\/v2\/users\/2"}],"replies":[{"embeddable":true,"href":"https:\/\/www.europesays.com\/fr\/wp-json\/wp\/v2\/comments?post=686215"}],"version-history":[{"count":0,"href":"https:\/\/www.europesays.com\/fr\/wp-json\/wp\/v2\/posts\/686215\/revisions"}],"wp:featuredmedia":[{"embeddable":true,"href":"https:\/\/www.europesays.com\/fr\/wp-json\/wp\/v2\/media\/686216"}],"wp:attachment":[{"href":"https:\/\/www.europesays.com\/fr\/wp-json\/wp\/v2\/media?parent=686215"}],"wp:term":[{"taxonomy":"category","embeddable":true,"href":"https:\/\/www.europesays.com\/fr\/wp-json\/wp\/v2\/categories?post=686215"},{"taxonomy":"post_tag","embeddable":true,"href":"https:\/\/www.europesays.com\/fr\/wp-json\/wp\/v2\/tags?post=686215"}],"curies":[{"name":"wp","href":"https:\/\/api.w.org\/{rel}","templated":true}]}}