{"id":686303,"date":"2026-01-24T15:43:12","date_gmt":"2026-01-24T15:43:12","guid":{"rendered":"https:\/\/www.europesays.com\/fr\/686303\/"},"modified":"2026-01-24T15:43:12","modified_gmt":"2026-01-24T15:43:12","slug":"lanneau-de-lhippodrome-borely-a-marseille-confie-a-trois-associations","status":"publish","type":"post","link":"https:\/\/www.europesays.com\/fr\/686303\/","title":{"rendered":"L&rsquo;anneau de l&rsquo;hippodrome Bor\u00e9ly \u00e0 Marseille confi\u00e9 \u00e0 trois associations"},"content":{"rendered":"<p>On conna\u00eet donc les futurs locataires du c\u0153ur de <a href=\"https:\/\/www.laprovence.com\/article\/sports\/111225932099114\/hippisme-le-grand-prix-de-marseille-soffre-une-seconde-jeunesse\" target=\"_blank\" rel=\"noopener\">l\u2019hippodrome de Bor\u00e9ly (8e)<\/a>. Les dossiers du club omnisports voisin, le Stade marseillais universit\u00e9 club (Smuc), de l\u2019Ifac (Institut d\u2019animation et de conseil), association d\u2019\u00e9ducation animation qui g\u00e8re d\u00e9j\u00e0 pour la Ville plusieurs centres sociaux, et de l\u2019Apis, association de promotion de l\u2019ing\u00e9nierie socio-\u00e9ducative \u00e9galement pr\u00e9sente au sein de structures de loisirs marseillaises, ont donc \u00e9t\u00e9 s\u00e9lectionn\u00e9s par la Ville \u00e0 l\u2019issue de l\u2019appel d\u2019offres lanc\u00e9 le 16\u00a0avril dernier. \u00ab\u00a0Nous avons r\u00e9ceptionn\u00e9 huit candidatures s\u00e9rieuses. Trois d\u2019entre elles sortaient du lot\u00a0\u00bb, confirme Jo\u00ebl Canicave, l\u2019adjoint PS aux finances.<\/p>\n<p>Depuis le d\u00e9part du golf \u00e0 l\u2019\u00e9t\u00e9\u00a02023, le c\u0153ur de l\u2019hippodrome de Bor\u00e9ly se cherche en effet un avenir. Entre les regrets des usagers de ce neuf trous ouvert en\u00a02004, l\u2019\u00e9laboration du <a href=\"https:\/\/www.laprovence.com\/article\/region\/105162963577414\/avenir-de-lescale-borely-a-marseille-la-campagne-electorale-se-jouera-aussi-sur-le-front-de-mer\" target=\"_blank\" rel=\"noopener\">Plan guide d\u2019am\u00e9nagement du littoral <\/a>et les effets d\u2019annonce, le destin de ces quelque sept hectares a eu bien du mal \u00e0 se dessiner.<\/p>\n<p>Un feuilleton d\u00e9but\u00e9 en\u00a02023<\/p>\n<p>En\u00a02023, d\u00e9j\u00e0, Pierre Benarroche, alors maire des 6e et 8e arrondissements, pr\u00e9voyait un \u00ab\u00a0espace suppl\u00e9mentaire ouvert \u00e0 l\u2019occasion des JO-2024\u00a0\u00bb. Mais deux \u00e9t\u00e9s ont pass\u00e9, sans que&#8230;<\/p>\n","protected":false},"excerpt":{"rendered":"On conna\u00eet donc les futurs locataires du c\u0153ur de l\u2019hippodrome de Bor\u00e9ly (8e). Les dossiers du club omnisports&hellip;\n","protected":false},"author":2,"featured_media":686304,"comment_status":"","ping_status":"","sticky":false,"template":"","format":"standard","meta":{"footnotes":""},"categories":[2814],"tags":[5734,1111,11,4733,11591,6074,1777,674,1011,27,11590,78305,884,12,882,25,104,1100],"class_list":{"0":"post-686303","1":"post","2":"type-post","3":"status-publish","4":"format-standard","5":"has-post-thumbnail","7":"category-marseille","8":"tag-5734","9":"tag-actu","10":"tag-actualites","11":"tag-associations","12":"tag-borely","13":"tag-confie","14":"tag-eu","15":"tag-europe","16":"tag-fr","17":"tag-france","18":"tag-lhippodrome","19":"tag-lanneau","20":"tag-marseille","21":"tag-news","22":"tag-provence-alpes-cote-dazur","23":"tag-republique-francaise","24":"tag-societe","25":"tag-trois"},"share_on_mastodon":{"url":"https:\/\/pubeurope.com\/@fr\/115950846230055490","error":""},"_links":{"self":[{"href":"https:\/\/www.europesays.com\/fr\/wp-json\/wp\/v2\/posts\/686303","targetHints":{"allow":["GET"]}}],"collection":[{"href":"https:\/\/www.europesays.com\/fr\/wp-json\/wp\/v2\/posts"}],"about":[{"href":"https:\/\/www.europesays.com\/fr\/wp-json\/wp\/v2\/types\/post"}],"author":[{"embeddable":true,"href":"https:\/\/www.europesays.com\/fr\/wp-json\/wp\/v2\/users\/2"}],"replies":[{"embeddable":true,"href":"https:\/\/www.europesays.com\/fr\/wp-json\/wp\/v2\/comments?post=686303"}],"version-history":[{"count":0,"href":"https:\/\/www.europesays.com\/fr\/wp-json\/wp\/v2\/posts\/686303\/revisions"}],"wp:featuredmedia":[{"embeddable":true,"href":"https:\/\/www.europesays.com\/fr\/wp-json\/wp\/v2\/media\/686304"}],"wp:attachment":[{"href":"https:\/\/www.europesays.com\/fr\/wp-json\/wp\/v2\/media?parent=686303"}],"wp:term":[{"taxonomy":"category","embeddable":true,"href":"https:\/\/www.europesays.com\/fr\/wp-json\/wp\/v2\/categories?post=686303"},{"taxonomy":"post_tag","embeddable":true,"href":"https:\/\/www.europesays.com\/fr\/wp-json\/wp\/v2\/tags?post=686303"}],"curies":[{"name":"wp","href":"https:\/\/api.w.org\/{rel}","templated":true}]}}