{"id":686354,"date":"2026-01-24T16:15:10","date_gmt":"2026-01-24T16:15:10","guid":{"rendered":"https:\/\/www.europesays.com\/fr\/686354\/"},"modified":"2026-01-24T16:15:10","modified_gmt":"2026-01-24T16:15:10","slug":"echappees-belles-france-5-ou-se-deroule-lemission-ce-24-janvier-tele-star","status":"publish","type":"post","link":"https:\/\/www.europesays.com\/fr\/686354\/","title":{"rendered":"Echapp\u00e9es belles (France 5) : o\u00f9 se d\u00e9roule l\u2019\u00e9mission ce 24 janvier ? &#8211; T\u00e9l\u00e9 Star"},"content":{"rendered":"<ol>\n<li><a href=\"https:\/\/news.google.com\/rss\/articles\/CBMipgFBVV95cUxObmlaMFRWVGRMSkRxWTdYWFVRSl9UQmk2NTdibC1rRmZRTzVORlJpRXJpNEZkbU1QeXpoTHVaLWxSQVEyQ2N5VHBlVDJ4QmtpUm1MQjNpM3dMeUtpOWtzZlNkUERwakwybTBuRDBkbnljdXZEUHpVU1lpQndEQ2xPUWdDZ3psYkhtcGdVQ19FSTVSQmVhbzBWQk1fbHNONlppLWZ4a1lR?oc=5\" target=\"_blank\" rel=\"noopener\">Echapp\u00e9es belles (France 5) : o\u00f9 se d\u00e9roule l\u2019\u00e9mission ce 24 janvier ?<\/a>&nbsp;&nbsp;T\u00e9l\u00e9 Star<\/li>\n<li><a href=\"https:\/\/news.google.com\/rss\/articles\/CBMiiwFBVV95cUxNbE1LOHpJM1I4ZkpQemJBdWNHRjd4X2xGaVVPdE83ZmpDVVhaMk5ibkhjTTNOTDhQVVYtNHFUR3ZuNG1EY3RUbThzQk9ERE9Ma3VXTm1pdm5KZE1WRTlDYkhYYjdSSHFieURkUk84eTRPVklEMnBZWDM2b1NacEZadEkwQzlTbHpKR2Yw?oc=5\" target=\"_blank\" rel=\"noopener\">Saison 20 &#8211; Week-end \u00e0 Lyon &#8211; Echapp\u00e9es belles &#8211; T\u00e9l\u00e9 2 semaines<\/a>&nbsp;&nbsp;T\u00e9l\u00e9 2 Semaines<\/li>\n<li><a href=\"https:\/\/news.google.com\/rss\/articles\/CBMinwJBVV95cUxQZ1hnRVkwa1FweXM1c1NJckg1RFhwVUthYU5ILXJBSy1SbmlFbFM5dG1IZ2ZVVVdPOUJhZmplVTlYNnlXVmFROURGS21aUkx5Ml9FNGVkU1djb090eG5YalNZYzJjOW9aM3p1RWlVSzdjcWF3VFZyNmpiVU1ULW13ZHYwLVUtV2ttdjNFZWliY2NRU2s5eVV3eVQzMUo1UmdZZmFGNElaN0VGWWNDMC1hajFaLW1zTE9Oa19kUjNTWnduOXBXLWlERC1EaTNVbmJqU1pSc1Q2TjdMbTBJUUhyemNZSDNSR2doWkJkSmZTSWd4V3dxd3JobFJKX3hpUGpNVlNnZURscl93WjhuLXYtNUt6dVR6Sl9WT05FZDNiYw?oc=5\" target=\"_blank\" rel=\"noopener\">A la t\u00e9l\u00e9 ce 24 janvier: Lyon vue d\u2019en haut, entre frissons urbains et tr\u00e9sors cach\u00e9s, le voyage surprenant d\u2019Isma\u00ebl Khelifa<\/a>&nbsp;&nbsp;moustique.be<\/li>\n<li><a href=\"https:\/\/news.google.com\/rss\/articles\/CBMijwFBVV95cUxQb3MxV3ktRkdVaFByeDI2YWU3SzZjR0gxckVZWkRNMDZzSTNKYWR0RlZNX1lXZEE4T3FMZGpfckNvRmlfT05MZ0pIcmNjdGlCdXpDMC1FTlBZYWdjV2pHcng3cF9tNmVLTWRfb0JQTzdZbzFmRzFycXNoUEs4cHI3c015dVlCZ3JjT19oS0JyTQ?oc=5\" target=\"_blank\" rel=\"noopener\">En plein centre de Lyon, ce bouchon cumule les distinctions : du fait maison et doublement labellis\u00e9, c\u2019est aussi l\u2019endroit id\u00e9al pour go\u00fbter au v\u00e9ritable m\u00e2chon lyonnais<\/a>&nbsp;&nbsp;lyonsecret.com<\/li>\n<li><a href=\"https:\/\/news.google.com\/rss\/articles\/CBMioAFBVV95cUxNelRGU2JJbjFzTUdCbGppQVJTbXVUWExSN1BHNHZNeGQzZ0VSRHl1RTR3SGRVbzB4M0c2U2NpTWVncURvVXc2RnhpeDlhczMwWmNpaXJDOG5mcDBKOG1FQ1NIRm9mRTNER0tGOVZzT0hsRlJDX1IzWkRScTRQT1lOdkhXeFFFbV85Q2VMRDJvRVNVbDFFX3dBZktzVXlpWXdz?oc=5\" target=\"_blank\" rel=\"noopener\">\u00ab \u00c9chapp\u00e9es belles \u00bb du 24 janvier 2026 : quelles destinations ce soir ?<\/a>&nbsp;&nbsp;F\u00e9min Actu<\/li>\n<\/ol>\n","protected":false},"excerpt":{"rendered":"Echapp\u00e9es belles (France 5) : o\u00f9 se d\u00e9roule l\u2019\u00e9mission ce 24 janvier ?&nbsp;&nbsp;T\u00e9l\u00e9 Star Saison 20 &#8211; Week-end&hellip;\n","protected":false},"author":2,"featured_media":686355,"comment_status":"","ping_status":"","sticky":false,"template":"","format":"standard","meta":{"footnotes":""},"categories":[1356],"tags":[548,58,59,1011,27,4467,252,1364],"class_list":{"0":"post-686354","1":"post","2":"type-post","3":"status-publish","4":"format-standard","5":"has-post-thumbnail","7":"category-television","8":"tag-article-simple","9":"tag-divertissement","10":"tag-entertainment","11":"tag-fr","12":"tag-france","13":"tag-france-5","14":"tag-television","15":"tag-tv"},"share_on_mastodon":{"url":"https:\/\/pubeurope.com\/@fr\/115950972192186122","error":""},"_links":{"self":[{"href":"https:\/\/www.europesays.com\/fr\/wp-json\/wp\/v2\/posts\/686354","targetHints":{"allow":["GET"]}}],"collection":[{"href":"https:\/\/www.europesays.com\/fr\/wp-json\/wp\/v2\/posts"}],"about":[{"href":"https:\/\/www.europesays.com\/fr\/wp-json\/wp\/v2\/types\/post"}],"author":[{"embeddable":true,"href":"https:\/\/www.europesays.com\/fr\/wp-json\/wp\/v2\/users\/2"}],"replies":[{"embeddable":true,"href":"https:\/\/www.europesays.com\/fr\/wp-json\/wp\/v2\/comments?post=686354"}],"version-history":[{"count":0,"href":"https:\/\/www.europesays.com\/fr\/wp-json\/wp\/v2\/posts\/686354\/revisions"}],"wp:featuredmedia":[{"embeddable":true,"href":"https:\/\/www.europesays.com\/fr\/wp-json\/wp\/v2\/media\/686355"}],"wp:attachment":[{"href":"https:\/\/www.europesays.com\/fr\/wp-json\/wp\/v2\/media?parent=686354"}],"wp:term":[{"taxonomy":"category","embeddable":true,"href":"https:\/\/www.europesays.com\/fr\/wp-json\/wp\/v2\/categories?post=686354"},{"taxonomy":"post_tag","embeddable":true,"href":"https:\/\/www.europesays.com\/fr\/wp-json\/wp\/v2\/tags?post=686354"}],"curies":[{"name":"wp","href":"https:\/\/api.w.org\/{rel}","templated":true}]}}