{"id":68636,"date":"2025-05-02T06:08:08","date_gmt":"2025-05-02T06:08:08","guid":{"rendered":"https:\/\/www.europesays.com\/fr\/68636\/"},"modified":"2025-05-02T06:08:08","modified_gmt":"2025-05-02T06:08:08","slug":"la-france-des-zones-blanches-sauvee-par-elon-musk","status":"publish","type":"post","link":"https:\/\/www.europesays.com\/fr\/68636\/","title":{"rendered":"La France des zones blanches sauv\u00e9e par Elon Musk?"},"content":{"rendered":"<p><strong>ENQU\u00caTE &#8211; <\/strong>Sant\u00e9 publique, perte d\u2019attractivit\u00e9, effondrement du tissu \u00e9conomique\u2026 Les territoires d\u00e9pourvus d\u2019un r\u00e9seau de t\u00e9l\u00e9communications fiable persistent malgr\u00e9 des collectifs citoyens et des mesures symboliques d\u2019\u00e9lus. Alors, des Fran\u00e7ais s\u2019orientent vers Starlink, parfois \u00e0 contrec\u0153ur.\u00a0\u00a0<\/p>\n<p class=\"fig-paragraph\">\u00ab Et l\u00e0, j\u2019en ai eu marre.\u00a0\u00bb Yves Plouhinec ne d\u00e9col\u00e8re toujours pas. Le maire de Mon\u00e9tay-sur-Loire a pris, il y a quelques semaines, un arr\u00eat\u00e9 unique en France. \u00ab\u00a0\u00c0 compter de ce jour, il y a interdiction \u00e0 tous les habitants de la commune de Mon\u00e9tay-sur-Loire de rester priv\u00e9s de t\u00e9l\u00e9phone fixe et d\u2019acc\u00e8s internet, au maximum 24\u00a0heures\u00a0\u00bb, est inscrit sur ce document. L\u2019expression d\u2019un ras-le-bol des\u00a0<a href=\"https:\/\/www.lefigaro.fr\/elections\/municipales\/le-combat-d-un-village-pour-sortir-de-la-zone-blanche-20200310\" data-fig-type=\"Article\" data-gtm-custom-categorie=\"navigation\" data-gtm-custom-action=\"crossclick\" data-gtm-custom-label=\"Contextuel\" data-gtm-event=\"customEventSPE\" data-fig-domain=\"LEFIGARO\" target=\"_blank\" rel=\"noopener\">zones blanches<\/a>.<\/p>\n<p class=\"fig-paragraph\">Si le bourg de l\u2019Allier recense, depuis toujours, des secteurs o\u00f9 il est impossible de recevoir ou d\u2019\u00e9mettre un appel, la situation s\u2019est aggrav\u00e9e quand un pyl\u00f4ne a r\u00e9cemment \u00e9t\u00e9 endommag\u00e9, emp\u00eachant toutes communications pour plusieurs administr\u00e9s. \u00ab\u00a0On oublie parfois que c\u2019est dangereux de laisser des personnes \u00e2g\u00e9es, une nuit ou deux, sans lien avec l\u2019ext\u00e9rieur, souligne l\u2019\u00e9dile. Si quelqu\u2019un tombe, on fait comment\u00a0? M\u00eame avec Pr\u00e9sence verte, sur un petit collier ou un bracelet, la personne peut appuyer dessus mais il sera impossible de la joindre. C\u2019est tr\u00e8s\u2026<\/p>\n<p class=\"fig-premium-paywall__infos\">\n        Cet article est r\u00e9serv\u00e9 aux abonn\u00e9s.        Il vous reste 90% \u00e0 d\u00e9couvrir.\n    <\/p>\n<p>                <img  data- alt=\"Le Figaro\" class=\"fig-img--complete fig-img\"\/><\/p>\n<p class=\"fig-premium-paywall__title\">Je m&rsquo;informe, je m&rsquo;inspire, je m&rsquo;abonne.<\/p>\n<p class=\"fig-premium-paywall__subtitle\">D\u00e9couvrez notre offre de bienvenue.<\/p>\n<p class=\"fig-premium-paywall__connect\">\n                D\u00e9j\u00e0 abonn\u00e9\u00a0?                <a class=\"fig-premium-paywall__connect-link\" href=\"https:\/\/connect.lefigaro.fr\/login?client=horizon_web&amp;type=main&amp;redirect_uri=https%3A%2F%2Fwww.lefigaro.fr%2Factualite-france%2Fla-france-des-zones-blanches-sauvee-par-elon-musk-20250502\" data-js-gtm=\"{&quot;customCategorie&quot;: &quot;conversion&quot;, &quot;customAction&quot;: &quot;before_Landing_Connexion_paywall_auto&quot;, &quot;customLabel&quot;: &quot;bGVmaWdhcm8uZnJfXzFmMDI1OWU3LWJhOWYtNjA1Mi1iNTIyLWZkZDUxMGMzMzY3N19fQXJ0aWNsZQ==_La France des zones blanches sauv\u00e9e par Elon Musk?_571&quot;, &quot;customIDSPE&quot;: &quot;bGVmaWdhcm8uZnJfXzFmMDI1OWU3LWJhOWYtNjA1Mi1iNTIyLWZkZDUxMGMzMzY3N19fQXJ0aWNsZQ==&quot;, &quot;event&quot;: &quot;customEventSPE&quot;}\" target=\"_blank\" rel=\"noopener\"><br \/>\n                    Connectez-vous<br \/>\n                <\/a>\n            <\/p>\n","protected":false},"excerpt":{"rendered":"ENQU\u00caTE &#8211; Sant\u00e9 publique, perte d\u2019attractivit\u00e9, effondrement du tissu \u00e9conomique\u2026 Les territoires d\u00e9pourvus d\u2019un r\u00e9seau de t\u00e9l\u00e9communications fiable&hellip;\n","protected":false},"author":2,"featured_media":68637,"comment_status":"","ping_status":"","sticky":false,"template":"","format":"standard","meta":{"footnotes":""},"categories":[7],"tags":[47,1058,1054,1059,1060,1055,1057,46,118,1011,27,1061,303,1062,43,40,41,39,656,104,1056,42,44,809],"class_list":{"0":"post-68636","1":"post","2":"type-post","3":"status-publish","4":"format-standard","5":"has-post-thumbnail","7":"category-sciences-et-technologies","8":"tag-actualite","9":"tag-actualite-education","10":"tag-actualite-france","11":"tag-actualite-justice","12":"tag-actualite-securite","13":"tag-actualite-societe","14":"tag-education","15":"tag-elon-musk","16":"tag-faits-divers","17":"tag-fr","18":"tag-france","19":"tag-immigration","20":"tag-justice","21":"tag-polemique","22":"tag-science","23":"tag-science-and-technology","24":"tag-sciences","25":"tag-sciences-et-technologies","26":"tag-securite","27":"tag-societe","28":"tag-societe-francaise","29":"tag-technologies","30":"tag-technology","31":"tag-violence"},"share_on_mastodon":{"url":"https:\/\/pubeurope.com\/@fr\/114436748791870826","error":""},"_links":{"self":[{"href":"https:\/\/www.europesays.com\/fr\/wp-json\/wp\/v2\/posts\/68636","targetHints":{"allow":["GET"]}}],"collection":[{"href":"https:\/\/www.europesays.com\/fr\/wp-json\/wp\/v2\/posts"}],"about":[{"href":"https:\/\/www.europesays.com\/fr\/wp-json\/wp\/v2\/types\/post"}],"author":[{"embeddable":true,"href":"https:\/\/www.europesays.com\/fr\/wp-json\/wp\/v2\/users\/2"}],"replies":[{"embeddable":true,"href":"https:\/\/www.europesays.com\/fr\/wp-json\/wp\/v2\/comments?post=68636"}],"version-history":[{"count":0,"href":"https:\/\/www.europesays.com\/fr\/wp-json\/wp\/v2\/posts\/68636\/revisions"}],"wp:featuredmedia":[{"embeddable":true,"href":"https:\/\/www.europesays.com\/fr\/wp-json\/wp\/v2\/media\/68637"}],"wp:attachment":[{"href":"https:\/\/www.europesays.com\/fr\/wp-json\/wp\/v2\/media?parent=68636"}],"wp:term":[{"taxonomy":"category","embeddable":true,"href":"https:\/\/www.europesays.com\/fr\/wp-json\/wp\/v2\/categories?post=68636"},{"taxonomy":"post_tag","embeddable":true,"href":"https:\/\/www.europesays.com\/fr\/wp-json\/wp\/v2\/tags?post=68636"}],"curies":[{"name":"wp","href":"https:\/\/api.w.org\/{rel}","templated":true}]}}