{"id":686424,"date":"2026-01-24T16:57:33","date_gmt":"2026-01-24T16:57:33","guid":{"rendered":"https:\/\/www.europesays.com\/fr\/686424\/"},"modified":"2026-01-24T16:57:33","modified_gmt":"2026-01-24T16:57:33","slug":"plus-de-600-postes-sont-a-pourvoir-cette-annee-en-ile-de-france-chez-transilien-sncf-voyageurs","status":"publish","type":"post","link":"https:\/\/www.europesays.com\/fr\/686424\/","title":{"rendered":"Plus de 600 postes sont \u00e0 pourvoir cette ann\u00e9e en \u00cele-de-France chez Transilien SNCF Voyageurs"},"content":{"rendered":"\n<p style=\"margin-bottom: 0cm;\">Les deux tiers pour \u00eatre conducteurs de trains et de RER. Le reste concerne la maintenance ou la relation avec les usagers dans les gares. Une large campagne de communication sera lanc\u00e9e en f\u00e9vrier et un forum de recrutement r\u00e9gional organis\u00e9 en mars\/avril. Le secteur fonctionne bien puisqu\u2019en 2025, Transilien SNCF Voyageurs a d\u00e9pass\u00e9 ses objectifs de recrutement. Enfin, 150 personnes de plus que pr\u00e9vu ont \u00e9t\u00e9 embauch\u00e9es. Plus d&rsquo;infos et recrutement sur <a href=\"https:\/\/emploi.sncf.com\/nos-offres?f%5B275%5D=5252%2C5236%2C5247%2C5244%2C5181\" rel=\"noopener\" target=\"_blank\">https:\/\/emploi.sncf.com\/<\/a>.\u00a0<\/p>\n<p style=\"margin-bottom: 0cm;\">\u00a0<\/p>\n<p style=\"margin-bottom: 0cm;\">\u00a0<\/p>\n<p lang=\"fr-FR\" style=\"margin-bottom: 0cm;\">Nicolas Chacun &#8211; Brice Charrier<\/p>\n<p>!function(f,b,e,v,n,t,s){if(f.fbq)return;n=f.fbq=function(){n.callMethod?<br \/>\nn.callMethod.apply(n,arguments):n.queue.push(arguments)};if(!f._fbq)f._fbq=n;<br \/>\nn.push=n;n.loaded=!0;n.version=&rsquo;2.0&prime;;n.queue=[];t=b.createElement(e);t.async=!0;<br \/>\nt.src=v;s=b.getElementsByTagName(e)[0];s.parentNode.insertBefore(t,s)}(window,<br \/>\ndocument,&rsquo;script&rsquo;,&rsquo;https:\/\/connect.facebook.net\/en_US\/fbevents.js&rsquo;);<br \/>\nfbq(&lsquo;init&rsquo;, &lsquo;278974969201861&rsquo;); \/\/ Insert your pixel ID here.<br \/>\nfbq(&lsquo;track&rsquo;, &lsquo;PageView&rsquo;);<\/p>\n","protected":false},"excerpt":{"rendered":"Les deux tiers pour \u00eatre conducteurs de trains et de RER. Le reste concerne la maintenance ou la&hellip;\n","protected":false},"author":2,"featured_media":686425,"comment_status":"","ping_status":"","sticky":false,"template":"","format":"standard","meta":{"footnotes":""},"categories":[1592],"tags":[1111,11,1933,1936,1777,1939,674,1011,27,662,1934,12,1940,626,1935,25,1937,1941,1938],"class_list":{"0":"post-686424","1":"post","2":"type-post","3":"status-publish","4":"format-standard","5":"has-post-thumbnail","7":"category-ile-de-france","8":"tag-actu","9":"tag-actualites","10":"tag-actualites-locales","11":"tag-essonne","12":"tag-eu","13":"tag-eure-et-loir","14":"tag-europe","15":"tag-fr","16":"tag-france","17":"tag-ile-de-france","18":"tag-infos-locales","19":"tag-news","20":"tag-oise","21":"tag-paris","22":"tag-pres-de-chez-vous","23":"tag-republique-francaise","24":"tag-seine-et-marne","25":"tag-somme","26":"tag-yvelines"},"share_on_mastodon":{"url":"https:\/\/pubeurope.com\/@fr\/115951137158432798","error":""},"_links":{"self":[{"href":"https:\/\/www.europesays.com\/fr\/wp-json\/wp\/v2\/posts\/686424","targetHints":{"allow":["GET"]}}],"collection":[{"href":"https:\/\/www.europesays.com\/fr\/wp-json\/wp\/v2\/posts"}],"about":[{"href":"https:\/\/www.europesays.com\/fr\/wp-json\/wp\/v2\/types\/post"}],"author":[{"embeddable":true,"href":"https:\/\/www.europesays.com\/fr\/wp-json\/wp\/v2\/users\/2"}],"replies":[{"embeddable":true,"href":"https:\/\/www.europesays.com\/fr\/wp-json\/wp\/v2\/comments?post=686424"}],"version-history":[{"count":0,"href":"https:\/\/www.europesays.com\/fr\/wp-json\/wp\/v2\/posts\/686424\/revisions"}],"wp:featuredmedia":[{"embeddable":true,"href":"https:\/\/www.europesays.com\/fr\/wp-json\/wp\/v2\/media\/686425"}],"wp:attachment":[{"href":"https:\/\/www.europesays.com\/fr\/wp-json\/wp\/v2\/media?parent=686424"}],"wp:term":[{"taxonomy":"category","embeddable":true,"href":"https:\/\/www.europesays.com\/fr\/wp-json\/wp\/v2\/categories?post=686424"},{"taxonomy":"post_tag","embeddable":true,"href":"https:\/\/www.europesays.com\/fr\/wp-json\/wp\/v2\/tags?post=686424"}],"curies":[{"name":"wp","href":"https:\/\/api.w.org\/{rel}","templated":true}]}}