{"id":686432,"date":"2026-01-24T17:01:12","date_gmt":"2026-01-24T17:01:12","guid":{"rendered":"https:\/\/www.europesays.com\/fr\/686432\/"},"modified":"2026-01-24T17:01:12","modified_gmt":"2026-01-24T17:01:12","slug":"beaucoup-de-gens-pensent-que","status":"publish","type":"post","link":"https:\/\/www.europesays.com\/fr\/686432\/","title":{"rendered":"Beaucoup de gens pensent que&#8230;"},"content":{"rendered":"<p>\n                            Bien que l&rsquo;essentiel de sa carri\u00e8re se passe en France, Garou n&rsquo;a jamais quitt\u00e9 le Qu\u00e9bec pour s&rsquo;installer \u00e0 Paris. Mais pourquoi le chanteur de 53\u00a0ans n&rsquo;a-t-il jamais franchi ce pas\u00a0?<\/p>\n<p><a href=\"https:\/\/www.journaldesfemmes.fr\/people\/personnalites\/2827999-garou-age-vie-privee-celine-dion-argent\/\" title=\"Pierre Garand\" rel=\"nofollow noopener\" target=\"_blank\">Garou<\/a>, qui est invit\u00e9 sur le prime de la Star Academy ce 24 janvier, s&rsquo;appr\u00eate \u00e0 quitter son Qu\u00e9bec natal pendant plusieurs mois pour \u00e9cumer les sc\u00e8nes de France, Belgique et Suisse dans le cadre de sa tourn\u00e9e qui d\u00e9bute fin janvier \u00e0 Paris. Le chanteur a beau avoir une belle carri\u00e8re en Europe, c&rsquo;est au Canada qu&rsquo;il r\u00e9side \u00e0 l&rsquo;ann\u00e9e. Mais pourquoi ne s&rsquo;est-il jamais install\u00e9 en France ?<\/p>\n<p>Pourquoi Garou n&rsquo;a-t-il jamais voulu vivre en France ?<\/p>\n<p>\u00ab\u00a0Beaucoup de gens d&rsquo;ici pensent que j&rsquo;ai quitt\u00e9 le Qu\u00e9bec pour habiter \u00e0 Paris, alors que \u00e7a n&rsquo;a jamais \u00e9t\u00e9 le cas\u00a0\u00bb, s&rsquo;\u00e9tait amus\u00e9 Garou dans un entretien au m\u00e9dia canadien <a href=\"https:\/\/www.7jours.ca\/2025\/03\/27\/revelations-surprenantes-de-garou-sur-sa-vie\" target=\"_blank\" rel=\"nofollow noopener\">7 Jours<\/a>. Depuis ses d\u00e9buts dans les ann\u00e9es 90, le natif de la ville de Sherbrooke a construit l&rsquo;essentiel de sa carri\u00e8re d&rsquo;artiste en France. Mais sa vie personnelle se trouve au Canada : \u00ab\u00a0L&rsquo;Europe a toujours \u00e9t\u00e9 ma vie de travail, alors qu&rsquo;ici, c&rsquo;\u00e9tait chez nous, avec la famille, les amis et mes habitudes\u00a0\u00bb.<\/p>\n<p>L&rsquo;ancien interpr\u00e8te de Quasimodo dans la com\u00e9die musicale culte Notre-Dame-de-Paris est particuli\u00e8rement attach\u00e9 \u00e0 sa province natale et il ne compte pas la quitter un jour. \u00ab\u00a0Il n&rsquo;y a pas un autre endroit dans le monde o\u00f9 je voudrais vivre que le Qu\u00e9bec. Je suis fier d&rsquo;\u00eatre Qu\u00e9b\u00e9cois et d&rsquo;habiter ici, m\u00eame si mon bureau \u00e9tait parfois ailleurs\u00a0\u00bb, a-t-il assur\u00e9.<\/p>\n<p><a class=\"fancy\" href=\"https:\/\/img-3.journaldesfemmes.fr\/QTmWbFRcUY_OE-vUUmAxsxF27r4=\/1080x\/smart\/4602444b6d49424bbc02491dadb56231\/ccmcms-jdf\/40064492.jpg\" rel=\"nofollow noopener\" target=\"_blank\"><img decoding=\"async\" alt=\"\" src=\"https:\/\/www.europesays.com\/fr\/wp-content\/uploads\/2026\/01\/40064492.jpg\"\/><\/a><\/p>\n<p>\u00a9\u00a0Laurent VU\/SIPA<\/p>\n<p>Mais pour Garou, il y a tout de m\u00eame un \u00ab\u00a0grand b\u00e9mol\u00a0\u00bb \u00e0 cette s\u00e9paration g\u00e9ographique entre vie publique et vie priv\u00e9e. \u00ab\u00a0C&rsquo;est que j&rsquo;\u00e9tais souvent moins g\u00e9n\u00e9reux avec la t\u00e9l\u00e9vision et le public qu\u00e9b\u00e9cois, mais c&rsquo;est tellement un petit march\u00e9 que je ne me sentais pas trop mal de laisser plus de place aux autres\u00a0\u00bb, a expliqu\u00e9 celui qui a tout de m\u00eame \u00e9t\u00e9 directeur de la Star Acad\u00e9mie, version canadienne du t\u00e9l\u00e9crochet, en 2024.<\/p>\n<p>Garou, ses deux maisons et sa vie en for\u00eat \u00ab\u00a0gr\u00e2ce aux sous\u00a0\u00bb de Notre-Dame-de-Paris<\/p>\n<p>Lorsqu&rsquo;il n&rsquo;est pas sous les feux des projecteurs en Europe, l&rsquo;interpr\u00e8te des tubes\u00a0Seul et Sous le vent\u00a0coule des jours paisibles \u00e0 Sherbrooke, sa ville natale,\u00a0 o\u00f9 il poss\u00e8de deux maisons, dont une en for\u00eat. \u00ab\u00a0J&rsquo;ai achet\u00e9 un terrain de 60\u00a0hectares (&#8230;) J&rsquo;y dispose de deux maisons, \u00e0 cinq minutes l&rsquo;une de l&rsquo;autre. J&rsquo;ai baptis\u00e9 la premi\u00e8re &lsquo;Notre-Dame de Paris&rsquo; , apr\u00e8s l&rsquo;avoir achet\u00e9e gr\u00e2ce aux sous gagn\u00e9s avec cette com\u00e9die musicale\u00a0! Elle se trouve au bord d&rsquo;un lac\u00a0\u00bb, avait-il d\u00e9taill\u00e9 aupr\u00e8s du Parisien Week-End.<\/p>\n<p>Et lorsqu&rsquo;il ne chante pas, le p\u00e8re d&rsquo;Emelie (sa fille \u00e2g\u00e9e de 24 ans) cultive son propre sirop d&rsquo;\u00e9rable : \u00ab\u00a0Cette activit\u00e9 n&rsquo;a pas de dimension commerciale, j&rsquo;offre la production \u00e0 mes proches. Aller dans la nature voir si la s\u00e8ve coule, d\u00e9marrer un feu et veiller sur le processus chimique, cela me fait un bien fou\u00a0\u00bb. Un plaisir simple qu&rsquo;il ne retrouve que dans sa ch\u00e8re province.<\/p>\n","protected":false},"excerpt":{"rendered":"Bien que l&rsquo;essentiel de sa carri\u00e8re se passe en France, Garou n&rsquo;a jamais quitt\u00e9 le Qu\u00e9bec pour s&rsquo;installer&hellip;\n","protected":false},"author":2,"featured_media":686433,"comment_status":"","ping_status":"","sticky":false,"template":"","format":"standard","meta":{"footnotes":"","_share_on_mastodon":"0"},"categories":[1888],"tags":[11,3723,78312,51761,1777,674,51763,1011,27,8105,51766,12,51767,626,25],"class_list":["post-686432","post","type-post","status-publish","format-standard","has-post-thumbnail","category-paris","tag-actualites","tag-actus","tag-cms-journaldesfemmes-3254699","tag-controller-content","tag-eu","tag-europe","tag-format-papier","tag-fr","tag-france","tag-garou","tag-les-histoires-du-jdf","tag-news","tag-parallaxeinfeed","tag-paris","tag-republique-francaise"],"share_on_mastodon":{"url":"https:\/\/pubeurope.com\/@fr\/115951152965993091","error":""},"_links":{"self":[{"href":"https:\/\/www.europesays.com\/fr\/wp-json\/wp\/v2\/posts\/686432","targetHints":{"allow":["GET"]}}],"collection":[{"href":"https:\/\/www.europesays.com\/fr\/wp-json\/wp\/v2\/posts"}],"about":[{"href":"https:\/\/www.europesays.com\/fr\/wp-json\/wp\/v2\/types\/post"}],"author":[{"embeddable":true,"href":"https:\/\/www.europesays.com\/fr\/wp-json\/wp\/v2\/users\/2"}],"replies":[{"embeddable":true,"href":"https:\/\/www.europesays.com\/fr\/wp-json\/wp\/v2\/comments?post=686432"}],"version-history":[{"count":0,"href":"https:\/\/www.europesays.com\/fr\/wp-json\/wp\/v2\/posts\/686432\/revisions"}],"wp:featuredmedia":[{"embeddable":true,"href":"https:\/\/www.europesays.com\/fr\/wp-json\/wp\/v2\/media\/686433"}],"wp:attachment":[{"href":"https:\/\/www.europesays.com\/fr\/wp-json\/wp\/v2\/media?parent=686432"}],"wp:term":[{"taxonomy":"category","embeddable":true,"href":"https:\/\/www.europesays.com\/fr\/wp-json\/wp\/v2\/categories?post=686432"},{"taxonomy":"post_tag","embeddable":true,"href":"https:\/\/www.europesays.com\/fr\/wp-json\/wp\/v2\/tags?post=686432"}],"curies":[{"name":"wp","href":"https:\/\/api.w.org\/{rel}","templated":true}]}}