{"id":686555,"date":"2026-01-24T18:12:16","date_gmt":"2026-01-24T18:12:16","guid":{"rendered":"https:\/\/www.europesays.com\/fr\/686555\/"},"modified":"2026-01-24T18:12:16","modified_gmt":"2026-01-24T18:12:16","slug":"le-rappeur-doums-sera-juge-a-paris-pour-violences-conjugales-sur-lactrice-adele-exarchopoulos","status":"publish","type":"post","link":"https:\/\/www.europesays.com\/fr\/686555\/","title":{"rendered":"Le rappeur Doums sera jug\u00e9 \u00e0 Paris pour violences conjugales sur l&rsquo;actrice Ad\u00e8le Exarchopoulos"},"content":{"rendered":"<p>                    Par<br \/>\n        <strong><br \/>\n            <a href=\"https:\/\/actu.fr\/auteur\/thomas-martin\" title=\"Consulter tous les articles de Thomas Martin\" target=\"_blank\" rel=\"noopener\">Thomas Martin<\/a><br \/>\n                    <\/strong><\/p>\n<p>        Publi\u00e9 le<\/p>\n<p>            24 janv. 2026 \u00e0 18h24        <\/p>\n<p>Le rappeur Doums sera jug\u00e9 le 29 juin \u00e0 Paris pour violences conjugales sur son ex-compagne, l\u2019actrice <a href=\"https:\/\/actu.fr\/ile-de-france\/paris_75056\/plainte-d-adele-exarchopoulos-pour-violences-conjugales-le-rappeur-doums-en-garde-a-vue-a-paris_63743744.html\" target=\"_blank\" rel=\"noopener\">Ad\u00e8le Exarchopoulos<\/a>, qui a port\u00e9 plainte contre lui en octobre 2024, a appris samedi l\u2019AFP de sources proches du dossier.<\/p>\n<p>Des violences \u00e9tal\u00e9es sur 7 ans<\/p>\n<p class=\" wall-content\">Doums, de son vrai nom Mamadou Coulibaly, avait \u00e9t\u00e9 plac\u00e9 en garde \u00e0 vue jeudi apr\u00e8s-midi pour violences habituelles (c\u2019est-\u00e0-dire fr\u00e9quentes et r\u00e9p\u00e9t\u00e9es) par conjoint et non respect d\u2019une ordonnance de protection, selon une source polici\u00e8re.<\/p>\n<p class=\" wall-content\">A l\u2019issue de sa garde \u00e0 vue, il a \u00e9t\u00e9 convoqu\u00e9 \u00e0 une audience devant le tribunal correctionnel de Paris, pr\u00e9vue le 29 juin. Contact\u00e9e par l\u2019AFP, son avocate, Me Marie Coiffier, n\u2019a pas voulu r\u00e9agir.<\/p>\n<p class=\" wall-content\">La plainte, d\u00e9pos\u00e9e en octobre 2024 par Ad\u00e8le Exarchopoulos, d\u00e9non\u00e7ait des violences, \u00e9tal\u00e9es \u00ab\u00a0entre 2017 et 2024\u00a0\u00bb d\u2019apr\u00e8s le parquet. Sollicit\u00e9e par l\u2019AFP, l\u2019avocate de la com\u00e9dienne, Me Marie Grimaud, a indiqu\u00e9 que ni sa cliente, ni elle, ne souhaitaient communiquer \u00e0 ce stade.<\/p>\n<p class=\" wall-content\">Plus t\u00f4t dans le mois, Doums avait d\u00e9j\u00e0 \u00e9t\u00e9 entendu dans une autre affaire de violences conjugales, \u00e0 l\u2019encontre de son actuelle compagne.<\/p>\n<p class=\" wall-content\">Il a fait l\u2019objet d\u2019une <a href=\"https:\/\/actu.fr\/ile-de-france\/vitry-sur-seine_94081\/vitry-sur-seine-interpelle-chez-lui-pour-violences-conjugales-le-rappeur-doums-en-garde-a-vue_63686153.html\" target=\"_blank\" rel=\"noopener\">garde \u00e0 vue<\/a> le 11 janvier \u00e0 Vitry-sur-Seine (Val-de-Marne) apr\u00e8s une plainte de sa compagne d\u00e9non\u00e7ant des violences conjugales \u00e0 leur domicile en pr\u00e9sence de leurs deux enfants et d\u2019une cousine, avait expliqu\u00e9 une source polici\u00e8re.<\/p>\n<p class=\" wall-content\">Il a \u00e9t\u00e9 plac\u00e9 sous contr\u00f4le judiciaire dans l\u2019attente de son proc\u00e8s, le 2 f\u00e9vrier \u00e0 Cr\u00e9teil.\u00a0<\/p>\n<p class=\" wall-content\"><strong>AFP<\/strong><\/p>\n<p class=\" wall-content\">Personnalisez votre actualit\u00e9 en ajoutant vos villes et m\u00e9dias en favori avec <a href=\"https:\/\/moncompte.actu.fr\" title=\"D\u00e9couvez Mon Actu\" rel=\"nofollow noopener\" data-trk=\"{&quot;cta&quot;:{&quot;action&quot;:&quot;https:\\\/\\\/moncompte.actu.fr&quot;,&quot;category&quot;:&quot;mon compte&quot;,&quot;from&quot;:&quot;article footer&quot;,&quot;name&quot;:&quot;Mon actu&quot;,&quot;type&quot;:&quot;cta&quot;}}\" target=\"_blank\">Mon Actu<\/a>.<\/p>\n","protected":false},"excerpt":{"rendered":"Par Thomas Martin Publi\u00e9 le 24 janv. 2026 \u00e0 18h24 Le rappeur Doums sera jug\u00e9 le 29 juin&hellip;\n","protected":false},"author":2,"featured_media":686556,"comment_status":"","ping_status":"","sticky":false,"template":"","format":"standard","meta":{"footnotes":""},"categories":[1888],"tags":[11,1777,674,118,1011,27,12,626,3616,25,798],"class_list":{"0":"post-686555","1":"post","2":"type-post","3":"status-publish","4":"format-standard","5":"has-post-thumbnail","7":"category-paris","8":"tag-actualites","9":"tag-eu","10":"tag-europe","11":"tag-faits-divers","12":"tag-fr","13":"tag-france","14":"tag-news","15":"tag-paris","16":"tag-rap","17":"tag-republique-francaise","18":"tag-violences-conjugales"},"share_on_mastodon":{"url":"https:\/\/pubeurope.com\/@fr\/115951432142519270","error":""},"_links":{"self":[{"href":"https:\/\/www.europesays.com\/fr\/wp-json\/wp\/v2\/posts\/686555","targetHints":{"allow":["GET"]}}],"collection":[{"href":"https:\/\/www.europesays.com\/fr\/wp-json\/wp\/v2\/posts"}],"about":[{"href":"https:\/\/www.europesays.com\/fr\/wp-json\/wp\/v2\/types\/post"}],"author":[{"embeddable":true,"href":"https:\/\/www.europesays.com\/fr\/wp-json\/wp\/v2\/users\/2"}],"replies":[{"embeddable":true,"href":"https:\/\/www.europesays.com\/fr\/wp-json\/wp\/v2\/comments?post=686555"}],"version-history":[{"count":0,"href":"https:\/\/www.europesays.com\/fr\/wp-json\/wp\/v2\/posts\/686555\/revisions"}],"wp:featuredmedia":[{"embeddable":true,"href":"https:\/\/www.europesays.com\/fr\/wp-json\/wp\/v2\/media\/686556"}],"wp:attachment":[{"href":"https:\/\/www.europesays.com\/fr\/wp-json\/wp\/v2\/media?parent=686555"}],"wp:term":[{"taxonomy":"category","embeddable":true,"href":"https:\/\/www.europesays.com\/fr\/wp-json\/wp\/v2\/categories?post=686555"},{"taxonomy":"post_tag","embeddable":true,"href":"https:\/\/www.europesays.com\/fr\/wp-json\/wp\/v2\/tags?post=686555"}],"curies":[{"name":"wp","href":"https:\/\/api.w.org\/{rel}","templated":true}]}}