{"id":686577,"date":"2026-01-24T18:24:11","date_gmt":"2026-01-24T18:24:11","guid":{"rendered":"https:\/\/www.europesays.com\/fr\/686577\/"},"modified":"2026-01-24T18:24:11","modified_gmt":"2026-01-24T18:24:11","slug":"volley-ball-les-rejouissances-passees-place-a-un-autre-defi-pour-larago-de-sete","status":"publish","type":"post","link":"https:\/\/www.europesays.com\/fr\/686577\/","title":{"rendered":"Volley-ball\u00a0: les r\u00e9jouissances pass\u00e9es, place \u00e0 un autre d\u00e9fi pour l\u2019Arago de S\u00e8te"},"content":{"rendered":"<p>\n                                                                Les hommes de Fulvio Bertini vont d\u00e9fier Tourcoing, deuxi\u00e8me du classement, ce samedi 24\u00a0janvier (20\u00a0h).\n                            <\/p>\n<p>Ils ont v\u00e9cu, avec un plaisir partag\u00e9, la plus belle soir\u00e9e de ces deux derni\u00e8res saisons dimanche dernier. Dans une halle Louis-Marty enfin retrouv\u00e9e et remplie par plus de 1\u00a0600 spectateurs, les joueurs de l\u2019Arago ont go\u00fbt\u00e9 au menu sup\u00e9rieur apr\u00e8s avoir \u00e9t\u00e9 au r\u00e9gime sec pendant dix-huit mois. Victoire en trois sets face \u00e0 Toulouse, ambiance des grands soirs\u2026 De quoi aiguiser consid\u00e9rablement leur app\u00e9tit pour la suite du championnat.<\/p>\n<p>Attention au chaud-froid<\/p>\n<p>Mais apr\u00e8s la chaleur d\u2019un bouillonnant Barrou, les hommes de Fulvio Bertini (reconduit pour un exercice suppl\u00e9mentaire) vont devoir passer \u00e0 l\u2019enfer du Nord. Ce samedi soir (20\u00a0h), ils iront d\u00e9fier Tourcoing sur son parquet. Un adversaire qui, sauf \u00e9norme surprise, devrait figurer sur le podium en fin de phase r\u00e9guli\u00e8re. Deuxi\u00e8mes de la Marmara SpikeLigue, mais avec autant de victoires que le leader Tours (14), les Tourquennois, port\u00e9s notamment par leur pointu bulgare Antov, affichent une r\u00e9gularit\u00e9 exemplaire cette saison.<\/p>\n<p>Les Nordistes assument depuis le d\u00e9but de l\u2019exercice leur statut de favoris pour une place sur le podium. Avec, parfois, opini\u00e2tret\u00e9, \u00e0 l\u2019image de leurs cinq tie-breaks disput\u00e9s et remport\u00e9s. Avec douze victoires au compteur (dont une face \u00e0 Tours, 3-2) sur les treize derni\u00e8res journ\u00e9es, ils avancent avec assurance m\u00eame s\u2019ils ont laiss\u00e9 filer une occasion de creuser l\u2019\u00e9cart le 3\u00a0janvier contre Montpellier (1-3).<\/p>\n<p>De leur c\u00f4t\u00e9, les S\u00e9tois sont sixi\u00e8mes, \u00e0 quatre points de Poitiers (5e), \u00e0 \u00e9galit\u00e9 de points avec Nice et Toulouse (qui compte un match de plus depuis sa victoire de jeudi face \u00e0 Narbonne) et avec deux points d\u2019avance sur Cannes (9e). Nice va au Plessis-Robinson, Cannes va \u00e0 Tours, un petit exploit de l\u2019Arago serait le bienvenu.<\/p>\n","protected":false},"excerpt":{"rendered":"Les hommes de Fulvio Bertini vont d\u00e9fier Tourcoing, deuxi\u00e8me du classement, ce samedi 24\u00a0janvier (20\u00a0h). Ils ont v\u00e9cu,&hellip;\n","protected":false},"author":2,"featured_media":686578,"comment_status":"","ping_status":"","sticky":false,"template":"","format":"standard","meta":{"footnotes":""},"categories":[1417],"tags":[1011,27,7089,14042,517,60,1470,1632,1469],"class_list":{"0":"post-686577","1":"post","2":"type-post","3":"status-publish","4":"format-standard","5":"has-post-thumbnail","7":"category-volley","8":"tag-fr","9":"tag-france","10":"tag-herault","11":"tag-sete","12":"tag-sport","13":"tag-sports","14":"tag-volley","15":"tag-volley-ball","16":"tag-volleyball"},"share_on_mastodon":{"url":"https:\/\/pubeurope.com\/@fr\/115951479317551978","error":""},"_links":{"self":[{"href":"https:\/\/www.europesays.com\/fr\/wp-json\/wp\/v2\/posts\/686577","targetHints":{"allow":["GET"]}}],"collection":[{"href":"https:\/\/www.europesays.com\/fr\/wp-json\/wp\/v2\/posts"}],"about":[{"href":"https:\/\/www.europesays.com\/fr\/wp-json\/wp\/v2\/types\/post"}],"author":[{"embeddable":true,"href":"https:\/\/www.europesays.com\/fr\/wp-json\/wp\/v2\/users\/2"}],"replies":[{"embeddable":true,"href":"https:\/\/www.europesays.com\/fr\/wp-json\/wp\/v2\/comments?post=686577"}],"version-history":[{"count":0,"href":"https:\/\/www.europesays.com\/fr\/wp-json\/wp\/v2\/posts\/686577\/revisions"}],"wp:featuredmedia":[{"embeddable":true,"href":"https:\/\/www.europesays.com\/fr\/wp-json\/wp\/v2\/media\/686578"}],"wp:attachment":[{"href":"https:\/\/www.europesays.com\/fr\/wp-json\/wp\/v2\/media?parent=686577"}],"wp:term":[{"taxonomy":"category","embeddable":true,"href":"https:\/\/www.europesays.com\/fr\/wp-json\/wp\/v2\/categories?post=686577"},{"taxonomy":"post_tag","embeddable":true,"href":"https:\/\/www.europesays.com\/fr\/wp-json\/wp\/v2\/tags?post=686577"}],"curies":[{"name":"wp","href":"https:\/\/api.w.org\/{rel}","templated":true}]}}