{"id":686601,"date":"2026-01-24T18:40:11","date_gmt":"2026-01-24T18:40:11","guid":{"rendered":"https:\/\/www.europesays.com\/fr\/686601\/"},"modified":"2026-01-24T18:40:11","modified_gmt":"2026-01-24T18:40:11","slug":"cette-alliee-inattendue-qui-va-faire-f","status":"publish","type":"post","link":"https:\/\/www.europesays.com\/fr\/686601\/","title":{"rendered":"cette alli\u00e9e inattendue qui va faire f &#8230;"},"content":{"rendered":"<p>EN BREF<\/p>\n<ul class=\"bloc_resume_post_list\">\n<li>Le retour de Valdine \u00e0 l\u00a0\u00bbInstitut met en p\u00e9ril l&rsquo;amiti\u00e9<br \/>\nentre Ana\u00efs et Billie, avec Julie Sassoust expliquant les d\u00e9fis<br \/>\nd&rsquo;Ana\u00efs dans T\u00e9l\u00e9 Star.<\/li>\n<li>Ana\u00efs, directrice par int\u00e9rim, doit g\u00e9rer les tensions<br \/>\ninternes tout en couvrant Billie apr\u00e8s le sabotage de la voiture de<br \/>\nValdine.<\/li>\n<li>Les alliances inattendues et les d\u00e9cisions difficiles<br \/>\nd&rsquo;Ana\u00efs pourraient bouleverser l&rsquo;\u00e9quilibre \u00e0 l&rsquo;Institut, promettant<br \/>\ndes semaines tumultueuses.<\/li>\n<\/ul>\n<p class=\"p1\">Le retour de Valdine \u00e0 l&rsquo;Institut menace <a href=\"https:\/\/www.telestar.fr\/serie_tv\/ici-tout-commence-en-avance-le-22-janvier-billie-rend-son-tablier-et-linstitut-se-retourne-contre-anais-1751579\" target=\"_blank\" rel=\"noopener\"><br \/>\nl&rsquo;amiti\u00e9 entre Ana\u00efs et Billie.<\/a> La directrice par int\u00e9rim de<br \/>\nl&rsquo;Institut se retrouve en porte \u00e0 faux. D&rsquo;un c\u00f4t\u00e9, son poste exige<br \/>\nqu&rsquo;elle d\u00e9fende <strong>les int\u00e9r\u00eats de l&rsquo;\u00e9cole<\/strong>. De<br \/>\nl&rsquo;autre, elle doit composer avec <strong>son amie h\u00e9riss\u00e9e par le<br \/>\ncome-back de Valdine<\/strong>. Dans une interview accord\u00e9e en<br \/>\nexclusivit\u00e9 au magazine T\u00e9l\u00e9 Star, son interpr\u00e8te, Julie<br \/>\nSassoust explique qu&rsquo;Ana\u00efs \u00ab\u00a0essaie de g\u00e9rer cela avec<br \/>\ncalme\u00a0\u00bb, m\u00eame si la situation la d\u00e9passe.<\/p>\n<p class=\"p1\">Elle pr\u00e9cise : \u00ab\u00a0\u00catre directrice par int\u00e9rim,<br \/>\nc&rsquo;est d\u00e9j\u00e0 une lourde responsabilit\u00e9, et on cherche en plus \u00e0 lui<br \/>\nmettre des b\u00e2tons dans les roues parce qu&rsquo;elle est jeune et que<br \/>\nc&rsquo;est une femme\u00a0\u00bb. <strong>Le couteau sous la gorge<\/strong>,<br \/>\nAna\u00efs risque de devoir rendre des comptes, une fois Teyssier<br \/>\nrevenu.<\/p>\n<p>Ici tout commence : qui va se ranger aux c\u00f4t\u00e9s<br \/>\nd&rsquo;Ana\u00efs ?<\/p>\n<p class=\"p1\">Alors qu&rsquo;Andr\u00e9 Jourdain attend de pouvoir placer sa<br \/>\nfille Jeanne \u00e0 son poste, Ana\u00efs va recevoir <strong>le soutien d&rsquo;un<br \/>\npersonnage bien connu des fans d&rsquo;<\/strong><a href=\"https:\/\/www.telestar.fr\/serie_tv\/exclu-ici-tout-commence-billie-viree-de-linstitut-ce-choix-danais-qui-pourrait-tout-remettre-en-question-1751847\" target=\"_blank\" rel=\"noopener\">Ici<br \/>\ntout commence<\/a>. \u00ab\u00a0<strong>Clotilde<\/strong> va essayer<br \/>\nde temp\u00e9rer les choses et de <strong>lui donner des<br \/>\nconseils<\/strong>, r\u00e9v\u00e8le Julie Sassoust. C&rsquo;est tr\u00e8s<br \/>\ndifficile pour Ana\u00efs, qui devra prendre des d\u00e9cisions allant \u00e0<br \/>\nl&rsquo;encontre de ses valeurs.\u00a0\u00bb<\/p>\n<p class=\"p1\">En parall\u00e8le, la directrice par int\u00e9rim de l&rsquo;\u00e9cole<br \/>\ncouvrira les arri\u00e8res de Billie apr\u00e8s que cette derni\u00e8re a sabot\u00e9<br \/>\nla voiture de Valdine. Au-del\u00e0 de Clotide, <strong>Jeanne s&rsquo;av\u00e9rera<br \/>\nelle aussi une alli\u00e9e inattendue mais pr\u00e9cieuse<\/strong> face au<br \/>\nchef cuisinier pass\u00e9 par la case prison. Les prochaines semaines ne<br \/>\ns&rsquo;annoncent pas particuli\u00e8rement de tout repos \u00e0 l&rsquo;Institut.<\/p>\n<p>Ici tout commence : Ana\u00efs va-t-elle<br \/>\nvraiment d\u00e9fendre son amie ?<\/p>\n<p class=\"p1\">Billie ne s&rsquo;attendait pas au retour de Valdine dans<br \/>\nle jury. Dans les prochains \u00e9pisodes, Ana\u00efs va devoir lui expliquer<br \/>\n\u00ab\u00a0qu&rsquo;elle n&rsquo;a d\u00e9couvert la pr\u00e9sence de Valdine qu&rsquo;une fois le<br \/>\ncontrat sign\u00e9 pour le gala\u00a0\u00bb. <a href=\"https:\/\/www.telestar.fr\/serie_tv\/ici-tout-commence-obligee-daccepter-julie-sassoust-sans-filtre-sur-lavenir-danais-1697946\" target=\"_blank\" rel=\"noopener\"><br \/>\nJulie Sassoust<\/a> comprend n\u00e9anmoins la r\u00e9action de la soeur de<br \/>\nChris Coudert. \u00ab\u00a0<strong>C&rsquo;est normal que Billie ne veuille rien<br \/>\nentendre<\/strong>. Comme toutes les victimes de violences<br \/>\nconjugales, <strong>elle ne supporte pas que son agresseur s&rsquo;en<br \/>\nsorte la t\u00eate haute<\/strong>.\u00a0\u00bb<\/p>\n<p class=\"p1\">De son c\u00f4t\u00e9, Margaux Aguilar (Billie) dit comprendre<br \/>\npourquoi son personnage tente de se faire justice soi-m\u00eame en<br \/>\nsabotant la voiture de Valdine. \u00ab\u00a0Sa fureur la met dans un \u00e9tat<br \/>\nsecond, d\u00e9clare l&rsquo;actrice \u00e0 T\u00e9l\u00e9 Star.<br \/>\n<strong>Cette d\u00e9cision de justice est si injuste<br \/>\n!<\/strong>\u00ab\u00a0. Billie pourrait-elle risquer de se faire virer de<br \/>\nl&rsquo;Institut ? \u00ab\u00a0C&rsquo;est un risque, h\u00e9las\u2026\u00a0\u00bb<\/p>\n<p class=\"p1\">Interview \u00e0 retrouver en int\u00e9gralit\u00e9 dans votre<br \/>\nmagazine T\u00e9l\u00e9 Star en kiosque et en version num\u00e9rique ce lundi 26<br \/>\njanvier 2026<\/p>\n","protected":false},"excerpt":{"rendered":"EN BREF Le retour de Valdine \u00e0 l\u00a0\u00bbInstitut met en p\u00e9ril l&rsquo;amiti\u00e9 entre Ana\u00efs et Billie, avec Julie&hellip;\n","protected":false},"author":2,"featured_media":686602,"comment_status":"","ping_status":"","sticky":false,"template":"","format":"standard","meta":{"footnotes":""},"categories":[8],"tags":[548,58,59,8644,1011,27,65861],"class_list":{"0":"post-686601","1":"post","2":"type-post","3":"status-publish","4":"format-standard","5":"has-post-thumbnail","7":"category-divertissement","8":"tag-article-simple","9":"tag-divertissement","10":"tag-entertainment","11":"tag-exclu","12":"tag-fr","13":"tag-france","14":"tag-trend"},"share_on_mastodon":{"url":"https:\/\/pubeurope.com\/@fr\/115951542256539162","error":""},"_links":{"self":[{"href":"https:\/\/www.europesays.com\/fr\/wp-json\/wp\/v2\/posts\/686601","targetHints":{"allow":["GET"]}}],"collection":[{"href":"https:\/\/www.europesays.com\/fr\/wp-json\/wp\/v2\/posts"}],"about":[{"href":"https:\/\/www.europesays.com\/fr\/wp-json\/wp\/v2\/types\/post"}],"author":[{"embeddable":true,"href":"https:\/\/www.europesays.com\/fr\/wp-json\/wp\/v2\/users\/2"}],"replies":[{"embeddable":true,"href":"https:\/\/www.europesays.com\/fr\/wp-json\/wp\/v2\/comments?post=686601"}],"version-history":[{"count":0,"href":"https:\/\/www.europesays.com\/fr\/wp-json\/wp\/v2\/posts\/686601\/revisions"}],"wp:featuredmedia":[{"embeddable":true,"href":"https:\/\/www.europesays.com\/fr\/wp-json\/wp\/v2\/media\/686602"}],"wp:attachment":[{"href":"https:\/\/www.europesays.com\/fr\/wp-json\/wp\/v2\/media?parent=686601"}],"wp:term":[{"taxonomy":"category","embeddable":true,"href":"https:\/\/www.europesays.com\/fr\/wp-json\/wp\/v2\/categories?post=686601"},{"taxonomy":"post_tag","embeddable":true,"href":"https:\/\/www.europesays.com\/fr\/wp-json\/wp\/v2\/tags?post=686601"}],"curies":[{"name":"wp","href":"https:\/\/api.w.org\/{rel}","templated":true}]}}