{"id":68662,"date":"2025-05-02T06:21:11","date_gmt":"2025-05-02T06:21:11","guid":{"rendered":"https:\/\/www.europesays.com\/fr\/68662\/"},"modified":"2025-05-02T06:21:11","modified_gmt":"2025-05-02T06:21:11","slug":"voici-a-quoi-va-ressembler-le-cours-clemenceau-a-rouen","status":"publish","type":"post","link":"https:\/\/www.europesays.com\/fr\/68662\/","title":{"rendered":"voici \u00e0 quoi va ressembler le cours Clemenceau \u00e0 Rouen"},"content":{"rendered":"<p>            Par<br \/>\n        <strong><br \/>\n            <a href=\"https:\/\/actu.fr\/auteur\/jessie-leclerc\" title=\"Consulter tous les articles de Jessie Leclerc\" rel=\"nofollow noopener\" target=\"_blank\">Jessie Leclerc<\/a><br \/>\n        <\/strong><\/p>\n<p>        Publi\u00e9 le<\/p>\n<p>            2 mai 2025 \u00e0 8h02        <\/p>\n<p>Le quartier Saint-Sever <a href=\"https:\/\/actu.fr\/normandie\/rouen_76540\" rel=\"nofollow noopener\" target=\"_blank\">de Rouen (Seine-Maritime)<\/a> est en pleine mutation, en lien avec <a href=\"https:\/\/actu.fr\/normandie\/rouen_76540\/voici-a-quoi-veut-ressembler-le-futur-quartier-de-saint-sever-nouvelle-gare-a-rouen_62026544.html\" rel=\"nofollow noopener\" target=\"_blank\">l\u2019arriv\u00e9e de la future gare<\/a>. Les prochains travaux \u00e0 venir concernent <strong>la rue Saint-Sever et le cours Clemenceau<\/strong>. L\u2019espace devrait \u00eatre m\u00e9tamorphos\u00e9 d\u2019ici d\u00e9cembre\u00a02025.<br \/>Certaines de ces modifications sont contest\u00e9es et inqui\u00e8tent les commer\u00e7ants des rues autour. <strong>Mais concr\u00e8tement, qu\u2019est-ce qui va changer\u2009?<\/strong> On vous d\u00e9crit la future image du quartier.<\/p>\n<p>Une nouvelle ligne de Teor<\/p>\n<p class=\" wall-content\">Si un chantier si important est lanc\u00e9 dans le quartier, c\u2019est qu\u2019il doit accueillir une nouvelle ligne de Teor\u2009: <strong>la T5<\/strong>. La ligne<strong> reliera Champlain<\/strong> (rive gauche), ce qui permettra de desservir la future gare Saint-Sever, <strong>au Mont-aux-Malades<\/strong> (rive droite), en passant par le quartier Flaubert, le Mont-Riboudet et le campus de Mont-Saint-Aignan.<\/p>\n<p class=\" wall-content\">Avec ses 8\u00a0km de trac\u00e9 et 12 stations, le T5 vise \u00e0 d\u00e9saturer le T1, trop souvent bond\u00e9. Sa fr\u00e9quence est annonc\u00e9e \u00e0 un\u00a0passage toutes les 8\u00a0minutes.<\/p>\n<p class=\" wall-content\">Les travaux entre le boulevard d\u2019Orl\u00e9ans et le cours Clemenceau s\u2019ach\u00e8veront en juillet pour une mise \u00e0 l\u2019essai en septembre et <strong>une livraison fin d\u00e9cembre<\/strong>. Pour Cyrille Moreau, vice-pr\u00e9sident \u00e0 la M\u00e9tropole en charge des transports, \u00ab\u2009ce n\u2019est pas un g\u00e8ne pour les habitants d\u2019avoir cet am\u00e9nagement devant chez eux, mais une chance\u2009\u00bb.<\/p>\n<p>Cohabitation entre bus, pi\u00e9tons, voitures et v\u00e9los<\/p>\n<p class=\" wall-content\"><a href=\"https:\/\/actu.fr\/normandie\/rouen_76540\/l-image-voici-le-futur-cours-clemenceau-a-rouen-apres-les-travaux_60756620.html\" rel=\"nofollow noopener\" target=\"_blank\">Le Cours Clemenceau<\/a>, axe structurant du quartier, va b\u00e9n\u00e9ficier d\u2019une requalification compl\u00e8te. Le parking central va \u00eatre supprim\u00e9 pour laisser place \u00e0 <strong>une grande promenade<\/strong>, tel un parc lin\u00e9aire sous les arbres. Tout le long, des aires de jeux pour enfants, des terrains de p\u00e9tanque et des zones de repos seront cr\u00e9\u00e9s.<\/p>\n<p class=\" wall-content\">Une <strong>nouvelle piste cyclable<\/strong> va aussi voir le jour. Dans cet espace, voitures, v\u00e9los et pi\u00e9tons pourront circuler. L\u2019objectif est de donner une image plus verte et v\u00e9g\u00e9tale \u00e0 cette zone encore bien b\u00e9tonn\u00e9e.<\/p>\n<p>      <img   decoding=\"async\" loading=\"lazy\" src=\"https:\/\/www.europesays.com\/fr\/wp-content\/uploads\/2025\/05\/perspective-cours-clemenceau-1-credit-folius-ecopaysage-960x548.jpg\" alt=\"Dans le cours Clemenceau, pi\u00e9tons, cyclistes, automobilistes et usagers des transports en commun cohabiteront.\" width=\"960\" height=\"548\"\/><br \/>\n    Dans le cours Clemenceau, pi\u00e9tons, cyclistes, automobilistes et usagers des transports en commun cohabiteront. (\u00a9FOLIUS ECOPAYSAGE)<\/p>\n<p class=\" wall-content\"><strong>La rue Saint-Sever<\/strong> sera elle aussi touch\u00e9e, entre le pont Boieldieu et la Place des Emmur\u00e9s, avec la suppression d\u2019une voie de circulation pour laisser place \u00e0 un alignement arbor\u00e9. L\u2019id\u00e9e ici est de continuer <a href=\"https:\/\/actu.fr\/normandie\/rouen_76540\/ecologie-rouen-va-bouleverser-sa-facon-d-amenager-le-territoire_60737278.html\" rel=\"nofollow noopener\" target=\"_blank\">le \u00ab\u2009corridor \u00e9cologique\u2009\u00bb<\/a> qui part de la rue des Carmes, de l\u2019autre c\u00f4t\u00e9 de la Seine.<\/p>\n<p class=\" wall-content\">La M\u00e9tropole explique avoir mis\u00e9 sur des mat\u00e9riaux de qualit\u00e9 pour ce r\u00e9am\u00e9nagement. Par ailleurs, 60\u2009% des pav\u00e9s utilis\u00e9s sont d\u2019anciens pav\u00e9s du quartier. \u00ab\u2009On fait aussi revivre l\u2019existant\u2009\u00bb, affirme un responsable de chantier. Selon Nicolas Mayer-Rossignol, pr\u00e9sident de la M\u00e9tropole, ces travaux permettront \u00ab\u2009de cr\u00e9er une place apais\u00e9e, un passage agr\u00e9able dans une zone strat\u00e9gique\u2009\u00bb.<\/p>\n<p>Les arbres seront conserv\u00e9s<\/p>\n<p class=\" wall-content\">Tr\u00e8s attach\u00e9s aux arbres du quartier, les habitants ont exprim\u00e9 leur pr\u00e9occupation sur leur conservation. Ceux-ci feront partie int\u00e9grante du projet. <strong>Les arbres en mauvaise sant\u00e9 seront remplac\u00e9s par des essences plus adapt\u00e9es<\/strong> aux conditions climatiques actuelles. Tout autour, le rev\u00eatement du sol sera chang\u00e9 afin de favoriser l\u2019infiltration des eaux pluviales.<\/p>\n<p>Moins de places de parking<\/p>\n<p class=\" wall-content\"><strong>Une centaine de places de stationnement<\/strong> devrait dispara\u00eetre. Et <strong>cette diminution inqui\u00e8te<\/strong>. Lors de la conf\u00e9rence d\u2019information de la M\u00e9tropole sur le sujet, le 30 avril, une commer\u00e7ante interpelle justement Nicolas-Mayer-Rossignol sa peur d\u2019avoir moins de passage. Elle affirme que cette diminution <a href=\"https:\/\/actu.fr\/normandie\/rouen_76540\/cartes-voici-les-nouvelles-rues-ou-le-stationnement-est-payant-a-rouen-en-2025_62068634.html\" rel=\"nofollow noopener\" target=\"_blank\">des places de parking<\/a> va nuire \u00e0 son commerce, d\u00e9j\u00e0 fragile.<\/p>\n<p class=\" wall-content\">Pour rassurer les sceptiques, la M\u00e9tropole promet <strong>une extension du stationnement r\u00e9sidentiel<\/strong>, le long des habitations du cours Clemenceau\u2009: \u00ab\u2009Certes on r\u00e9duit le volume global de parking d\u2019une centaine de places, mais on rend de la place aux r\u00e9sidents.\u2009\u00bb<\/p>\n<p class=\" wall-content\">Et pour Kader Chekhemani, adjoint au Maire en charge du stationnement et de la propret\u00e9, \u00ab\u2009mieux vaut voir des pi\u00e9tons dans les rues, que des voitures vides\u2009\u00bb.<\/p>\n<blockquote class=\"ac-article-quote wall-content\">\n<p>Cet am\u00e9nagement va attirer des pi\u00e9tons qui iront forc\u00e9ment dans les commerces. Les gens consomment, pas les voitures. Enfin elles consomment aussi, mais de l\u2019essence, pas des produits chez nos commer\u00e7ants<\/p>\n<p>    <strong>Kader Chekhemani<\/strong><br \/>\n        Adjoint au Maire en charge du stationnement et de la propret\u00e9    <\/p><\/blockquote>\n<p class=\" wall-content\">Pour ce qui est des places pour les personnes \u00e0 mobilit\u00e9 r\u00e9duite, elles seront \u00ab\u2009conserv\u00e9es en nombre \u00e9quivalant\u2009\u00bb.<\/p>\n<p>Circulation\u2009: des d\u00e9viations sont \u00e0 pr\u00e9voir<\/p>\n<p class=\" wall-content\">Les travaux du quartier vont se d\u00e9composer en plusieurs phases, au fur et \u00e0 mesure sur diff\u00e9rentes zones, pour ne pas bloquer l\u2019enti\u00e8ret\u00e9 du quartier. Sur certaines d\u2019entre elles, des rues vont \u00eatre <strong>ferm\u00e9es \u00e0 la circulation<\/strong> et, ce, d\u00e8s le mois de mai. Des plans de d\u00e9viations sont d\u00e9j\u00e0 disponibles\u2009:<\/p>\n<p class=\" wall-content\"><strong>Plan des d\u00e9viations de mai \u00e0 septembre\u00a02025\u2009:<\/strong><\/p>\n<p>      <img   decoding=\"async\" loading=\"lazy\" src=\"https:\/\/www.europesays.com\/fr\/wp-content\/uploads\/2025\/05\/deviations-mai-septembre-960x640.png\" alt=\"Plan des d\u00e9viations autour du cours Clemenceau \u00e0 Rouen de mai \u00e0 septembre 2025.\" width=\"960\" height=\"640\"\/><br \/>\n    Plan des d\u00e9viations autour du cours Clemenceau \u00e0 Rouen de mai \u00e0 septembre\u00a02025. (\u00a9M\u00e9tropole Rouen Normandie)<\/p>\n<p class=\" wall-content\"><strong>Plan des d\u00e9viations de septembre \u00e0 d\u00e9cembre\u00a02025\u2009:<\/strong><\/p>\n<p>      <img   decoding=\"async\" loading=\"lazy\" src=\"https:\/\/www.europesays.com\/fr\/wp-content\/uploads\/2025\/05\/deviations-septembre-decembre-2025-960x640.png\" alt=\"Plan des d\u00e9viations de septembre \u00e0 d\u00e9cembre 2025.\" width=\"960\" height=\"640\"\/><br \/>\n    Plan des d\u00e9viations de septembre \u00e0 d\u00e9cembre\u00a02025. (\u00a9M\u00e9tropole Rouen Normandie)<\/p>\n<p class=\" wall-content\">Ces travaux cons\u00e9quents repr\u00e9sentent un investissement de 3\u00a0millions d\u2019euros\u2009: 1,8\u00a0million pour le cours Clemenceau et 1,2 pour la rue Saint-Sever.<\/p>\n<p>Contestations chez certains commer\u00e7ants<\/p>\n<p class=\" wall-content\">Avant de quitter le quartier Saint-Sever, nous sommes all\u00e9s \u00e0 la rencontre de la commer\u00e7ante qui a interpell\u00e9 Nicolas Mayer-Rossignol. Il s\u2019agit de Dominique, g\u00e9rante du bar Le Clemenceau. Pour elle qui est l\u00e0 depuis 21\u00a0ans, \u00ab\u2009tout \u00e7a, c\u2019est du grand n\u2019importe quoi\u2009\u00bb.<\/p>\n<p class=\" wall-content\">Dominique <strong>redoute de perdre des clients<\/strong>\u2009: \u00ab\u2009Depuis qu\u2019il y a des travaux en octobre\u00a02023, je ne m\u2019en sors plus et l\u00e0 s\u2019ils retirent encore des places de Parking, \u00e7a va \u00eatre pire.\u2009\u00bb Pour elle, \u00ab\u2009c\u2019est inutile de faire une voie pi\u00e9tonne ici, personne ne vient se promener l\u00e0. Pareil pour le T5, il va aller \u00e0 une gare qui n\u2019existe m\u00eame pas, \u00e7a sera vide\u2009\u00bb.<\/p>\n<p class=\" wall-content\">Elle appelle Nicolas Mayer-Rossignol, \u00ab\u2009\u00e0 arr\u00eater de vouloir tout changer sans penser aux gens derri\u00e8re\u2009\u00bb.<\/p>\n<p class=\" wall-content\">Un autre commer\u00e7ant \u00e0 proximit\u00e9<strong> rejette le projet<\/strong>\u2009: \u00ab\u2009Ils pensent bien faire, mais c\u2019est l\u2019inverse. \u00c7a va profiter \u00e0 une partie de la population plus ais\u00e9e, mais pas \u00e0 la majorit\u00e9 du quartier, explique-t-il. On a essay\u00e9 de n\u00e9gocier, en vain.\u2009\u00bb<\/p>\n<p class=\" wall-content\">La M\u00e9tropole affirme pourtant que \u00ab\u2009ces travaux ne sont que b\u00e9n\u00e9fiques pour une meilleure connexion entre la rive gauche et la rive droite\u2009\u00bb.<\/p>\n<p>Suivez l\u2019actualit\u00e9 de Rouen <a href=\"https:\/\/www.whatsapp.com\/channel\/0029VaKfnf99hXF2ddApFB1D\" rel=\"nofollow noopener\" target=\"_blank\">sur notre cha\u00eene WhatsApp<\/a> et <a href=\"https:\/\/www.tiktok.com\/@76actu.fr?lang=fr\" rel=\"nofollow noopener\" target=\"_blank\">sur notre compte TikTok<\/a><\/p>\n<p class=\" wall-content\">Suivez toute l\u2019actualit\u00e9 de vos villes et m\u00e9dias favoris en vous inscrivant \u00e0 <a href=\"https:\/\/moncompte.actu.fr\" title=\"D\u00e9couvez Mon Actu\" rel=\"nofollow noopener\" data-trk=\"{&quot;cta&quot;:{&quot;action&quot;:&quot;https:\\\/\\\/moncompte.actu.fr&quot;,&quot;category&quot;:&quot;mon compte&quot;,&quot;from&quot;:&quot;article footer&quot;,&quot;name&quot;:&quot;Mon actu&quot;,&quot;type&quot;:&quot;cta&quot;}}\" target=\"_blank\">Mon Actu<\/a>.<\/p>\n<p>                    <script async src=\"\/\/www.tiktok.com\/embed.js\"><\/script><\/p>\n","protected":false},"excerpt":{"rendered":"Par Jessie Leclerc Publi\u00e9 le 2 mai 2025 \u00e0 8h02 Le quartier Saint-Sever de Rouen (Seine-Maritime) est en&hellip;\n","protected":false},"author":2,"featured_media":68663,"comment_status":"","ping_status":"","sticky":false,"template":"","format":"standard","meta":{"footnotes":""},"categories":[9587],"tags":[1111,11,3542,1777,674,1011,27,12,5161,25,9590,104,2086,1352],"class_list":{"0":"post-68662","1":"post","2":"type-post","3":"status-publish","4":"format-standard","5":"has-post-thumbnail","7":"category-rouen","8":"tag-actu","9":"tag-actualites","10":"tag-circulation","11":"tag-eu","12":"tag-europe","13":"tag-fr","14":"tag-france","15":"tag-news","16":"tag-normandie","17":"tag-republique-francaise","18":"tag-rouen","19":"tag-societe","20":"tag-travaux","21":"tag-urbanisme"},"share_on_mastodon":{"url":"https:\/\/pubeurope.com\/@fr\/114436799478393580","error":""},"_links":{"self":[{"href":"https:\/\/www.europesays.com\/fr\/wp-json\/wp\/v2\/posts\/68662","targetHints":{"allow":["GET"]}}],"collection":[{"href":"https:\/\/www.europesays.com\/fr\/wp-json\/wp\/v2\/posts"}],"about":[{"href":"https:\/\/www.europesays.com\/fr\/wp-json\/wp\/v2\/types\/post"}],"author":[{"embeddable":true,"href":"https:\/\/www.europesays.com\/fr\/wp-json\/wp\/v2\/users\/2"}],"replies":[{"embeddable":true,"href":"https:\/\/www.europesays.com\/fr\/wp-json\/wp\/v2\/comments?post=68662"}],"version-history":[{"count":0,"href":"https:\/\/www.europesays.com\/fr\/wp-json\/wp\/v2\/posts\/68662\/revisions"}],"wp:featuredmedia":[{"embeddable":true,"href":"https:\/\/www.europesays.com\/fr\/wp-json\/wp\/v2\/media\/68663"}],"wp:attachment":[{"href":"https:\/\/www.europesays.com\/fr\/wp-json\/wp\/v2\/media?parent=68662"}],"wp:term":[{"taxonomy":"category","embeddable":true,"href":"https:\/\/www.europesays.com\/fr\/wp-json\/wp\/v2\/categories?post=68662"},{"taxonomy":"post_tag","embeddable":true,"href":"https:\/\/www.europesays.com\/fr\/wp-json\/wp\/v2\/tags?post=68662"}],"curies":[{"name":"wp","href":"https:\/\/api.w.org\/{rel}","templated":true}]}}