{"id":686647,"date":"2026-01-24T19:05:45","date_gmt":"2026-01-24T19:05:45","guid":{"rendered":"https:\/\/www.europesays.com\/fr\/686647\/"},"modified":"2026-01-24T19:05:45","modified_gmt":"2026-01-24T19:05:45","slug":"le-retraite-qui-harcelait-et-espionnait-ses-voisins-a-nantes-mis-hors-detat-de-nuire","status":"publish","type":"post","link":"https:\/\/www.europesays.com\/fr\/686647\/","title":{"rendered":"le retrait\u00e9 qui harcelait et espionnait ses voisins, \u00e0 Nantes, mis hors d\u2019\u00e9tat de nuire"},"content":{"rendered":"<p>\n                Article premium,<br \/>\n                    R\u00e9serv\u00e9 aux\u00a0abonn\u00e9s\n            <\/p>\n<p class=\"su-standfirst chapeau\">Feu de voiture, serrures bouch\u00e9es, espionnage\u2026 Un homme de 66\u00a0ans a \u00e9t\u00e9 interpell\u00e9, mercredi 21\u00a0janvier \u00e0 Nantes, apr\u00e8s avoir fait vivre des ann\u00e9es d\u2019enfer \u00e0 ses voisins. Toutes les victimes sont des membres du conseil syndical de sa r\u00e9sidence. D\u00e9j\u00e0 condamn\u00e9 pour avoir asperg\u00e9 d\u2019essence de pr\u00e9sum\u00e9s SDF dans son immeuble, l\u2019homme va faire l\u2019objet d\u2019une expertise psychiatrique et compara\u00eetra en mars\u00a02026.<\/p>\n<p>                                        <img decoding=\"async\" class=\"su-media\" src=\"https:\/\/www.europesays.com\/fr\/wp-content\/uploads\/2026\/01\/MjAyNjAxMDMxZWYyN2M5MzdjMTE0NTc0MWFiNDY0MTRlZmUzMTI.webp\" alt=\"Les policiers du commissariat central de Nantes sont all\u00e9s interpeller le retrait\u00e9, \u00e2g\u00e9 de 66\u00a0ans, \u00e0 son domicile mercredi matin.\"  \/><\/p>\n<p>                            Les policiers du commissariat central de Nantes sont all\u00e9s interpeller le retrait\u00e9, \u00e2g\u00e9 de 66\u00a0ans, \u00e0 son domicile mercredi matin. | THOMAS BREGARDIS \/ OUEST-FRANCE<\/p>\n<p>                            fermer<\/p>\n<ul class=\"su-row su-carrousel-container su-not-list\" data-suswipe=\"{\" rambo=\"\" .carrousel-nav-bas=\"\" .item=\"\">\n<li class=\"su-col-xs-6 su-col-md-24 carrousel-contenu su-carrousel-item\" data-ofvwidth=\"{\" mobileonly=\"\"><img decoding=\"async\" data-ofmaxheight=\"\" class=\"su-media lazyload\" alt=\"Les policiers du commissariat central de Nantes sont all\u00e9s interpeller le retrait\u00e9, \u00e2g\u00e9 de 66\u00a0ans, \u00e0 son domicile mercredi matin.\" src=\"data:image\/png;base64,iVBORw0KGgoAAAANSUhEUgAAABAAAAAJCAYAAAA7KqwyAAAAGXRFWHRTb2Z0d2FyZQBBZG9iZSBJbWFnZVJlYWR5ccllPAAAABhJREFUeNpi\/P\/\/PwMlgHHUgFEDgAAgwAD+lBrvy+NcxAAAAABJRU5ErkJggg==\" data-oflazyload=\"{&quot;srcset&quot;:&quot;https:\/\/media.ouest-france.fr\/v1\/pictures\/MjAyNjAxMDMxZWYyN2M5MzdjMTE0NTc0MWFiNDY0MTRlZmUzMTI?width=320&amp;focuspoint=50%2C25&amp;cropresize=1&amp;client_id=bpeditorial&amp;sign=a24eaa0e866544d80edb993d024d616988d235a690215e5915e7c621eaed9ce7 320w,https:\/\/media.ouest-france.fr\/v1\/pictures\/MjAyNjAxMDMxZWYyN2M5MzdjMTE0NTc0MWFiNDY0MTRlZmUzMTI?width=375&amp;focuspoint=50%2C25&amp;cropresize=1&amp;client_id=bpeditorial&amp;sign=0e5c092b590e16320df159dd53903326274acda33659601a65665d6db76a123e 360w,https:\/\/media.ouest-france.fr\/v1\/pictures\/MjAyNjAxMDMxZWYyN2M5MzdjMTE0NTc0MWFiNDY0MTRlZmUzMTI?width=480&amp;focuspoint=50%2C25&amp;cropresize=1&amp;client_id=bpeditorial&amp;sign=919bc67e1f1c824784d4a3555825fcab2c403716636c7789c2b122dfc54ca9bd 480w,https:\/\/media.ouest-france.fr\/v1\/pictures\/MjAyNjAxMDMxZWYyN2M5MzdjMTE0NTc0MWFiNDY0MTRlZmUzMTI?width=630&amp;focuspoint=50%2C25&amp;cropresize=1&amp;client_id=bpeditorial&amp;sign=67480e24fa331ebfe9a1e0a8445b5e8d9d164329f76dbcba1032560fa1cb8c51 630w,https:\/\/media.ouest-france.fr\/v1\/pictures\/MjAyNjAxMDMxZWYyN2M5MzdjMTE0NTc0MWFiNDY0MTRlZmUzMTI?width=940&amp;focuspoint=50%2C25&amp;cropresize=1&amp;client_id=bpeditorial&amp;sign=5097ada60eb46141ddfa846b165bb1df5417cb6345ad889668e3e1800f0215f5 940w,https:\/\/media.ouest-france.fr\/v1\/pictures\/MjAyNjAxMDMxZWYyN2M5MzdjMTE0NTc0MWFiNDY0MTRlZmUzMTI?width=1260&amp;focuspoint=50%2C25&amp;cropresize=1&amp;client_id=bpeditorial&amp;sign=a7f9530b4e9e4325e6609b2807fc75b7ff8a5bd63c92448dc4d76730486606ec 1260w&quot;}\"\/>Les policiers du commissariat central de Nantes sont all\u00e9s interpeller le retrait\u00e9, \u00e2g\u00e9 de 66\u00a0ans, \u00e0 son domicile mercredi matin. | THOMAS BREGARDIS \/ OUEST-FRANCE<\/li>\n<\/ul>\n<p>        Publi\u00e9 le 23\/01\/2026  \u00e0 12h49<\/p>\n<p>                            Lire plus tard<\/p>\n<p>                            Partager<\/p>\n<ul id=\"partage-col-gauche\" class=\"su-not-list su-hidden su-margin-top-xs\">\n<li>FacebookFacebook<\/li>\n<li>BlueSkyBlueSky<\/li>\n<li>FlipboardFlipboard<\/li>\n<li>linkedinLinkedIn<\/li>\n<\/ul>\n<p class=\"su-h3 su-margin-bottom-xs\">Newsletter Justice et Faits Divers<\/p>\n<p>Chaque semaine, retrouvez les faits divers qui ont marqu\u00e9 l&rsquo;Ouest<\/p>\n<p class=\"su-margin-top-s su-text-xsmall texte-rgpd su-hidden\">Votre e-mail, avec votre consentement, est utilis\u00e9 par Ouest-France pour recevoir notre newsletter. <a class=\"su-link-light\" href=\"https:\/\/www.ouest-france.fr\/politique-de-protection-des-donnees-personnelles\/\" target=\"_blank\" rel=\"noopener\">En\u00a0savoir\u00a0plus<\/a>.<\/p>\n<p>\u00a0Un habitant de l\u2019immeuble est en arr\u00eat de travail, deux souffrent de d\u00e9pression en lien avec les faits.\u00a0 Les policiers du commissariat central de Nantes ont d\u00e9couvert une situation hors du commun, ces derniers jours, dans une r\u00e9sidence \u00e0 l\u2019ouest de Nantes. Depuis des ann\u00e9es, le propri\u00e9taire d\u2019un appartement fait vivre un v\u00e9ritable enfer \u00e0 ses voisins. \u00a0Des vitres de voiture bris\u00e9es, de la peinture, des informations priv\u00e9es sur ses voisins gliss\u00e9es dans les bo\u00eetes aux lettres\u2026\u00a0 L\u2019une de ses voisines a d\u00fb changer la serrure bouch\u00e9e de son appartement \u00e0 six reprises. \u00a0Il s\u2019est fait passer pour un policier en appelant un serrurier, pour conna\u00eetre le montant des r\u00e9parations\u2026 Il relevait aussi les plaques d\u2019immatriculation, il a&#8230;<\/p>\n<p style=\"text-align: center; background-color: #dbbe4d; padding-top: 5px; padding-bottom: 5px; font-size: 14px;\"><strong>D\u00e9j\u00e0 abonn\u00e9 ? <\/strong><a data-trkartmonet=\"Identification\" data-trk-sipa=\"{\" blockcategory=\"\" paywall=\"\" href=\"http:\/\/www.ouest-france.fr\/login?redirect=https:\/\/www.ouest-france.fr\/societe\/faits-divers\/des-gens-pleuraient-de-joie-le-retraite-qui-harcelait-et-espionnait-ses-voisins-a-nantes-mis-hors-detat-de-nuire-6c1d441c-f844-11f0-b811-0d74e2b6bed2\" rel=\"nofollow noopener\" title=\"Se connecter \u00e0 Ouest-France\" class=\"su-link-light\" target=\"_blank\">Connectez-vous<\/a><\/p>\n<p style=\"text-align: center; padding-top: 15px; padding-bottom: 8px; vertical-align: bottom;\">bloqu\u00e9<strong> Pour lire la suite, abonnez-vous<\/strong><\/p>\n<p style=\"text-align: center;\"><strong>1\u00e8re semaine offerte<\/strong><\/p>\n<p style=\"text-align: center; margin-top: -5px;\">Annulable \u00e0 tout moment<\/p>\n<p style=\"text-align: center;\">\u00a0<\/p>\n<p style=\"text-align: center;\"><a data-ida=\"\" data-trkartmonet=\"Tunnel OF+\" data-trk-sipa=\"{&#010;\" blockcategory=\"\" paywall=\"\" :=\"\" m=\"\" of=\"\" class=\"&#010;        su-button&#010;        su-subscription&#010;        &#010;        &#010;    \" data-trk-bloc=\"paywall\" href=\"https:\/\/abonnement.ouest-france.fr\/tunnel\/pack-essentiel-article\/123103118100?int_medium=lien&amp;int_campaign=PWFR0225-OF&amp;int_content=page-article-payant_boutonjaune-paywall&amp;marquesource=OF&amp;rt=https:\/\/www.ouest-france.fr\/societe\/faits-divers\/des-gens-pleuraient-de-joie-le-retraite-qui-harcelait-et-espionnait-ses-voisins-a-nantes-mis-hors-detat-de-nuire-6c1d441c-f844-11f0-b811-0d74e2b6bed2\" target=\"_blank\" rel=\"noopener\"><br \/>\n    <strong>Je m&rsquo;abonne<\/strong><br \/>\n<\/a><\/p>\n<p style=\"text-align: center; padding-top: 10px; padding-bottom: 10px;\"><img decoding=\"async\" src=\"https:\/\/media.ouest-france.fr\/v1\/fonts\/be7723fcee3f1866f1ce99184077fc6f-carte-bancaire.svg?height=36\" alt=\"CB\"\/>\u00a0\u00a0<img decoding=\"async\" src=\"https:\/\/media.ouest-france.fr\/v1\/fonts\/1819d54c599d8afa64539cfba4ac9dde-rib.svg?height=36\" alt=\"RIB\"\/>\u00a0\u00a0<img decoding=\"async\" src=\"https:\/\/media.ouest-france.fr\/v1\/fonts\/065fc80d7b6a03d14a834c224ce723e1-paypal.svg?height=36\" alt=\"PAYPAL\"\/><\/p>\n","protected":false},"excerpt":{"rendered":"Article premium, R\u00e9serv\u00e9 aux\u00a0abonn\u00e9s Feu de voiture, serrures bouch\u00e9es, espionnage\u2026 Un homme de 66\u00a0ans a \u00e9t\u00e9 interpell\u00e9, mercredi&hellip;\n","protected":false},"author":2,"featured_media":686648,"comment_status":"","ping_status":"","sticky":false,"template":"","format":"standard","meta":{"footnotes":""},"categories":[2818],"tags":[1111,11,1777,674,118,1011,27,3668,1310,303,3047,766,12,2636,1072,25,4286,2949],"class_list":{"0":"post-686647","1":"post","2":"type-post","3":"status-publish","4":"format-standard","5":"has-post-thumbnail","7":"category-nantes","8":"tag-actu","9":"tag-actualites","10":"tag-eu","11":"tag-europe","12":"tag-faits-divers","13":"tag-fr","14":"tag-france","15":"tag-harcelement","16":"tag-incendie","17":"tag-justice","18":"tag-loire-atlantique","19":"tag-nantes","20":"tag-news","21":"tag-pays-de-la-loire","22":"tag-police","23":"tag-republique-francaise","24":"tag-saint-herblain","25":"tag-violences"},"share_on_mastodon":{"url":"https:\/\/pubeurope.com\/@fr\/115951640690004292","error":""},"_links":{"self":[{"href":"https:\/\/www.europesays.com\/fr\/wp-json\/wp\/v2\/posts\/686647","targetHints":{"allow":["GET"]}}],"collection":[{"href":"https:\/\/www.europesays.com\/fr\/wp-json\/wp\/v2\/posts"}],"about":[{"href":"https:\/\/www.europesays.com\/fr\/wp-json\/wp\/v2\/types\/post"}],"author":[{"embeddable":true,"href":"https:\/\/www.europesays.com\/fr\/wp-json\/wp\/v2\/users\/2"}],"replies":[{"embeddable":true,"href":"https:\/\/www.europesays.com\/fr\/wp-json\/wp\/v2\/comments?post=686647"}],"version-history":[{"count":0,"href":"https:\/\/www.europesays.com\/fr\/wp-json\/wp\/v2\/posts\/686647\/revisions"}],"wp:featuredmedia":[{"embeddable":true,"href":"https:\/\/www.europesays.com\/fr\/wp-json\/wp\/v2\/media\/686648"}],"wp:attachment":[{"href":"https:\/\/www.europesays.com\/fr\/wp-json\/wp\/v2\/media?parent=686647"}],"wp:term":[{"taxonomy":"category","embeddable":true,"href":"https:\/\/www.europesays.com\/fr\/wp-json\/wp\/v2\/categories?post=686647"},{"taxonomy":"post_tag","embeddable":true,"href":"https:\/\/www.europesays.com\/fr\/wp-json\/wp\/v2\/tags?post=686647"}],"curies":[{"name":"wp","href":"https:\/\/api.w.org\/{rel}","templated":true}]}}