{"id":686692,"date":"2026-01-24T19:30:11","date_gmt":"2026-01-24T19:30:11","guid":{"rendered":"https:\/\/www.europesays.com\/fr\/686692\/"},"modified":"2026-01-24T19:30:11","modified_gmt":"2026-01-24T19:30:11","slug":"castres-met-fin-a-la-folle-serie-de-bayonne-le-racing-renversant","status":"publish","type":"post","link":"https:\/\/www.europesays.com\/fr\/686692\/","title":{"rendered":"Castres met fin \u00e0 la folle s\u00e9rie de Bayonne, le Racing renversant"},"content":{"rendered":"<p>\n    Castres et le Racing l\u2019ont emport\u00e9 ce samedi, lors de la 15e journ\u00e9e du Top 14. Toulon-Montpellier a \u00e9t\u00e9 report\u00e9.<\/p>\n<p class=\"fig-paragraph\">Toutes les bonnes choses ont une fin. Invaincus sur leurs terres depuis 21 matchs, les joueurs de Bayonne ont subi la loi de Castres ce samedi (<a href=\"https:\/\/www.lefigaro.fr\/sports\/rugby\/live\/top-14\/2026\/948023\/bayonne-castres\" target=\"_blank\" rel=\"noopener\" data-gtm-custom-categorie=\"navigation\" data-gtm-custom-action=\"crossclick\" data-gtm-custom-label=\"Contextuel\" data-gtm-event=\"customEventSPE\">10-13<\/a>), lors de\u00a0<a href=\"https:\/\/www.lefigaro.fr\/sports\/rugby\/top-14\/calendrier-resultats?journee=15\" target=\"_blank\" rel=\"noopener\" data-gtm-custom-categorie=\"navigation\" data-gtm-custom-action=\"crossclick\" data-gtm-custom-label=\"Contextuel\" data-gtm-event=\"customEventSPE\">la 15e journ\u00e9e de Top 14<\/a>. Outre\u00a0<a href=\"http:\/\/www.lefigaro.fr\/sports\/rugby\/top-14\/top-14-perpignan-remporte-le-match-de-la-peur-face-a-montauban-20260124\" data-fig-type=\"NewsFlash\" data-gtm-custom-categorie=\"navigation\" data-gtm-custom-action=\"crossclick\" data-gtm-custom-label=\"Contextuel\" data-gtm-event=\"customEventSPE\" data-fig-domain=\"LEFIGARO\" target=\"_blank\" rel=\"noopener\">la victoire de Perpignan sur Montauban (31-8)<\/a>\u00a0dans le match de la peur, on retiendra le succ\u00e8s renversant du Racing face au Lou (<a href=\"https:\/\/www.lefigaro.fr\/sports\/rugby\/live\/top-14\/2026\/948024\/racing-lyon\" target=\"_blank\" rel=\"noopener\" data-gtm-custom-categorie=\"navigation\" data-gtm-custom-action=\"crossclick\" data-gtm-custom-label=\"Contextuel\" data-gtm-event=\"customEventSPE\">35-34<\/a>). \u00c0 noter que la rencontre qui devait opposer Toulon \u00e0 Montpellier a \u00e9t\u00e9 report\u00e9e \u00e0 dimanche en raison de la m\u00e9t\u00e9o.<\/p>\n<p class=\"fig-paragraph\">Sur une s\u00e9rie de 21 victoires \u00e0 domicile, Bayonne a donc craqu\u00e9 devant son public. Et c\u2019est encore une fois Castres qui les a fait c\u00e9der (13-10), apr\u00e8s 19 mois d\u2019invincibilit\u00e9 depuis le 6 juin 2024 et la 26e journ\u00e9e du Top 14, quand d\u00e9j\u00e0 les Tarnais s\u2019\u00e9taient impos\u00e9s face aux Basques.<\/p>\n<p>                                            <a class=\"fig-a11y-skip\" href=\"#fig-a11y-skip-main-inarticle\" data-module=\"a11y-skip\" data-context=\"was @visible\"><br \/>\n    Passer la publicit\u00e9<br \/>\n<\/a>            <\/p>\n<p>                                            Le Racing 92 pass\u00e9 pr\u00e8s de la d\u00e9faite<\/p>\n<p class=\"fig-paragraph\">Comme contre le Stade fran\u00e7ais, le 27 d\u00e9cembre, l\u2019Aviron a pourtant eu une derni\u00e8re balle pour arracher la victoire. Mais cette fois l\u2019essai de Mateo Carreras a \u00e9t\u00e9 annul\u00e9 sur un en-avant, laissant le CO signer un nouvel exploit apr\u00e8s sa qualification en Champions Cup sur la pelouse des Irlandais du Munster. Inexistant \u00e0 l\u2019ext\u00e9rieur et maintenant faillible sur sa pelouse, apr\u00e8s des victoires \u00e0 l\u2019arrach\u00e9 contre le Stade fran\u00e7ais (35-34), Lyon (22-20) ou Toulon (35-32), l\u2019Aviron bayonnais, d\u00e9sormais 11e, pourrait encore tanguer un peu plus, Gr\u00e9gory Patat \u00e9tant de plus en plus discut\u00e9 \u00e0 son poste de manager.<\/p>\n<p class=\"fig-paragraph\">\u00c9galement invaincu \u00e0 la maison cette saison, le Racing 92 est lui aussi pass\u00e9 pr\u00e8s de la d\u00e9faite \u00e0 La D\u00e9fense Arena face au LOU (34-34). Mais une p\u00e9nalit\u00e9 de Gibert \u00e0 la 80e minute et un nouveau doubl\u00e9 de son monstrueux pilier australien Taniela Tupou ont sauv\u00e9 les Franciliens, leur permettant de remonter provisoirement \u00e0 la 8e place, \u00e0 deux longueurs du Top 6. La fin de saison s\u2019annonce par contre tr\u00e8s difficile pour les Lyonnais, scotch\u00e9s \u00e0 la 12e place et qui voient m\u00eame les Perpignanais se rapprocher.<\/p>\n","protected":false},"excerpt":{"rendered":"Castres et le Racing l\u2019ont emport\u00e9 ce samedi, lors de la 15e journ\u00e9e du Top 14. Toulon-Montpellier a&hellip;\n","protected":false},"author":2,"featured_media":686693,"comment_status":"","ping_status":"","sticky":false,"template":"","format":"standard","meta":{"footnotes":""},"categories":[2],"tags":[11,4736,7336,1011,27,9216,20044,12,5421,8177,25],"class_list":{"0":"post-686692","1":"post","2":"type-post","3":"status-publish","4":"format-standard","5":"has-post-thumbnail","7":"category-actualites","8":"tag-actualites","9":"tag-aviron-bayonnais","10":"tag-castres-olympique","11":"tag-fr","12":"tag-france","13":"tag-lou","14":"tag-montpellier-herault-rugby","15":"tag-news","16":"tag-racing-92","17":"tag-rc-toulon","18":"tag-republique-francaise"},"share_on_mastodon":{"url":"https:\/\/pubeurope.com\/@fr\/115951738808898092","error":""},"_links":{"self":[{"href":"https:\/\/www.europesays.com\/fr\/wp-json\/wp\/v2\/posts\/686692","targetHints":{"allow":["GET"]}}],"collection":[{"href":"https:\/\/www.europesays.com\/fr\/wp-json\/wp\/v2\/posts"}],"about":[{"href":"https:\/\/www.europesays.com\/fr\/wp-json\/wp\/v2\/types\/post"}],"author":[{"embeddable":true,"href":"https:\/\/www.europesays.com\/fr\/wp-json\/wp\/v2\/users\/2"}],"replies":[{"embeddable":true,"href":"https:\/\/www.europesays.com\/fr\/wp-json\/wp\/v2\/comments?post=686692"}],"version-history":[{"count":0,"href":"https:\/\/www.europesays.com\/fr\/wp-json\/wp\/v2\/posts\/686692\/revisions"}],"wp:featuredmedia":[{"embeddable":true,"href":"https:\/\/www.europesays.com\/fr\/wp-json\/wp\/v2\/media\/686693"}],"wp:attachment":[{"href":"https:\/\/www.europesays.com\/fr\/wp-json\/wp\/v2\/media?parent=686692"}],"wp:term":[{"taxonomy":"category","embeddable":true,"href":"https:\/\/www.europesays.com\/fr\/wp-json\/wp\/v2\/categories?post=686692"},{"taxonomy":"post_tag","embeddable":true,"href":"https:\/\/www.europesays.com\/fr\/wp-json\/wp\/v2\/tags?post=686692"}],"curies":[{"name":"wp","href":"https:\/\/api.w.org\/{rel}","templated":true}]}}