{"id":686698,"date":"2026-01-24T19:34:24","date_gmt":"2026-01-24T19:34:24","guid":{"rendered":"https:\/\/www.europesays.com\/fr\/686698\/"},"modified":"2026-01-24T19:34:24","modified_gmt":"2026-01-24T19:34:24","slug":"melanie-hasler-il-mest-deja-arrive-de-regretter-mon-changement-de-sport","status":"publish","type":"post","link":"https:\/\/www.europesays.com\/fr\/686698\/","title":{"rendered":"Melanie Hasler: \u00abIl m&rsquo;est d\u00e9j\u00e0 arriv\u00e9 de regretter mon changement de sport\u00bb"},"content":{"rendered":"<p class=\"a-paragraph a-paragraph--lead\" data-t-name=\"Paragraph\">Melanie Hasler savoure quelques jours de calme apr\u00e8s ses deux titres europ\u00e9ens en bob remport\u00e9s \u00e0 Saint-Moritz, avant de se tourner vers les Jeux olympiques de Milan-Cortina (6-22 f\u00e9vrier). L&rsquo;Argovienne r\u00eave d&rsquo;une m\u00e9daille, mais pour cela, \u00abbeaucoup de choses\u00bb doivent s&rsquo;aligner.<\/p>\n<p>  <img decoding=\"async\" class=\"m-image-and-caption__image lazyload\" src=\"https:\/\/www.europesays.com\/fr\/wp-content\/uploads\/2026\/01\/410c9afd-736d-47a0-b69c-b48a21387d36.jpeg\"  data- alt=\"Melanie Hasler vient de d\u00e9crocher deux titres europ\u00e9ens \u00e0 Saint-Moritz.\"\/><\/p>\n<p>      Melanie Hasler vient de d\u00e9crocher deux titres europ\u00e9ens \u00e0 Saint-Moritz.<\/p>\n<p>        KEYSTONE\n      <\/p>\n<p class=\"a-paragraph\" data-t-name=\"Paragraph\">Apr\u00e8s ses excellents r\u00e9sultats obtenus aux Grisons, Melanie Hasler a renonc\u00e9 \u00e0 la finale de la Coupe du monde \u00e0 Altenberg. D&rsquo;une part, sa place dans le groupe de t\u00eate pour les JO, tant en monobob qu&rsquo;en bob \u00e0 deux, \u00e9tait assur\u00e9e. D&rsquo;autre part, elle souhaitait aussi envoyer un signal, estimant que les responsables de la piste allemande n&rsquo;ont pas fait suffisamment pour am\u00e9liorer la s\u00e9curit\u00e9, deux ans apr\u00e8s le terrible accident du pousseur suisse Sandro Michel.<\/p>\n<p class=\"a-paragraph\" data-t-name=\"Paragraph\">\u00abIl s&rsquo;agit aussi d&rsquo;une question de principe, car ils ne font rien\u00bb, regrette-t-elle. \u00abSandro se bat encore au quotidien avec les cons\u00e9quences du manque de s\u00e9curit\u00e9.\u00bb C&rsquo;est pourquoi elle a boycott\u00e9 les courses d&rsquo;Altenberg, tout comme son compagnon Michael Vogt, le pilote de Michel \u00e0 l&rsquo;\u00e9poque.<\/p>\n<p>De rares journ\u00e9es calmes<\/p>\n<p class=\"a-paragraph\" data-t-name=\"Paragraph\">Pour la bobeuse de 27 ans, ce renoncement a eu un effet secondaire appr\u00e9ciable. Elle dispose d&rsquo;un peu de temps libre pour souffler avant le grand rendez-vous olympique. \u00abJ&rsquo;en suis vraiment contente\u00bb, dit-elle. \u00abJe peux calmer tout mon syst\u00e8me nerveux, qui \u00e9tait extr\u00eamement sollicit\u00e9 ces derniers temps. Et je n&rsquo;ai pas besoin de caser tous mes rendez-vous dans une seule semaine.\u00bb<\/p>\n<p class=\"a-paragraph\" data-t-name=\"Paragraph\">Elle profite de ce temps chez elle, partageant son quotidien entre Mutschellen et les entra\u00eenements dans le canton de Zoug. Mutschellen, Argovie, pr\u00e9cise celle qui ne veut pas \u00eatre prise pour une Zurichoise.<\/p>\n<p class=\"a-paragraph\" data-t-name=\"Paragraph\">\u00abJe suis la premi\u00e8re Argovienne de notre famille\u00bb, s&rsquo;amuse Melanie Hasler. Sa famille a quitt\u00e9 Zurich peu avant sa naissance. Gr\u00e2ce \u00e0 sa m\u00e8re dominicaine, Hasler parle couramment l&rsquo;espagnol et aime la chaleur. \u00abJe ne suis clairement pas une personne d&rsquo;hiver. Quand il fait froid, il m&rsquo;est d\u00e9j\u00e0 arriv\u00e9 de regretter mon changement de sport.\u00bb<\/p>\n<p class=\"a-paragraph\" data-t-name=\"Paragraph\">Mais seulement bri\u00e8vement, car elle adore sa discipline. \u00c0 l&rsquo;origine, Hasler jouait au volleyball, d&rsquo;abord en salle, puis sur le sable. \u00abLe beachvolley, c&rsquo;est magnifique, mais les gens sous-estiment aussi beaucoup ce sport\u00bb, raconte-t-elle. \u00abLors de certains camps d&rsquo;entra\u00eenement en Italie ou en Turquie, il pouvait faire jusqu&rsquo;\u00e0 40 degr\u00e9s.\u00bb<\/p>\n<p class=\"a-paragraph\" data-t-name=\"Paragraph\">En raison de son excellente d\u00e9tente, elle a ensuite re\u00e7u une proposition pour tenter sa chance dans le canal de glace.<\/p>\n<p>Un r\u00eave, pas une obligation<\/p>\n<p class=\"a-paragraph\" data-t-name=\"Paragraph\">D\u00e9sormais, toute son attention se porte sur le point culminant des quatre derni\u00e8res ann\u00e9es. Avant la saison, Melanie Hasler avait expliqu\u00e9 que ses objectifs d\u00e9pendraient aussi du d\u00e9roulement des courses pr\u00e9c\u00e9dant les JO. Lors de sa premi\u00e8re participation olympique, il y a quatre ans en Chine, elle avait termin\u00e9 6e et 7e. Vise-t-elle cette fois une m\u00e9daille?<\/p>\n<p class=\"a-paragraph\" data-t-name=\"Paragraph\">\u00abRien n&rsquo;est obligatoire\u00bb, assure-t-elle. \u00abMais je r\u00eave d&rsquo;une m\u00e9daille.\u00bb Son \u00e9tat d&rsquo;esprit est le m\u00eame qu&rsquo;avant les Championnats d&rsquo;Europe. \u00abL\u00e0 aussi, je disais que ce serait difficile, mais que je r\u00eavais d&rsquo;une m\u00e9daille. J&rsquo;ai exactement la m\u00eame attitude aujourd&rsquo;hui.\u00bb Elle sait toutefois qu&rsquo;il faudra pour cela que \u00abbeaucoup de choses\u00bb s&rsquo;alignent.<\/p>\n<p class=\"a-paragraph\" data-t-name=\"Paragraph\">Un \u00e9l\u00e9ment incite \u00e0 la prudence: ses performances lors des premi\u00e8res courses de l&rsquo;hiver disput\u00e9es sur la nouvelle piste de Cortina d&rsquo;Ampezzo. En monobob, elle a sign\u00e9 une premi\u00e8re manche brillante, avant de r\u00e9trograder de la 1re \u00e0 la 7e place lors de la seconde, sans comprendre pr\u00e9cis\u00e9ment pourquoi. En bob \u00e0 deux, elle a en revanche identifi\u00e9 le probl\u00e8me: son engin \u00e9tait tout simplement trop lent, surtout dans la partie basse de la piste.<\/p>\n<p>Avec le bob \u00e0 deux de son compagnon<\/p>\n<p class=\"a-paragraph\" data-t-name=\"Paragraph\">Elle a pu r\u00e9soudre ce probl\u00e8me en utilisant d\u00e9sormais le tra\u00eeneau de son compagnon Michael Vogt. \u00abIl me le proposait d\u00e9j\u00e0 depuis un moment, et je n&rsquo;ai pas l&rsquo;argent n\u00e9cessaire pour acheter un nouveau bob\u00bb, explique-t-elle. \u00abJe lui suis extr\u00eamement reconnaissante pour sa g\u00e9n\u00e9rosit\u00e9.\u00bb<\/p>\n<p class=\"a-paragraph\" data-t-name=\"Paragraph\">Melanie Hasler est \u00e9galement bien arm\u00e9e au d\u00e9part. Sa pousseuse attitr\u00e9e, Nadja Pasternack, avec laquelle elle avait d\u00e9j\u00e0 concouru aux Jeux de P\u00e9kin il y a quatre ans, est revenue tr\u00e8s fort il y a un an apr\u00e8s une pause maternit\u00e9 et a encore franchi un cap.<\/p>\n<p class=\"a-paragraph\" data-t-name=\"Paragraph\">\u00abJe m&rsquo;entends bien avec toutes mes pousseuses\u00bb, souligne-t-elle. \u00abMais avec Nadja, c&rsquo;est particulier, parce que nous avons d\u00e9j\u00e0 v\u00e9cu des Jeux olympiques ensemble.\u00bb<\/p>\n","protected":false},"excerpt":{"rendered":"Melanie Hasler savoure quelques jours de calme apr\u00e8s ses deux titres europ\u00e9ens en bob remport\u00e9s \u00e0 Saint-Moritz, avant&hellip;\n","protected":false},"author":2,"featured_media":686699,"comment_status":"","ping_status":"","sticky":false,"template":"","format":"standard","meta":{"footnotes":""},"categories":[1417],"tags":[1011,27,60,1470,1469],"class_list":{"0":"post-686698","1":"post","2":"type-post","3":"status-publish","4":"format-standard","5":"has-post-thumbnail","7":"category-volley","8":"tag-fr","9":"tag-france","10":"tag-sports","11":"tag-volley","12":"tag-volleyball"},"share_on_mastodon":{"url":"https:\/\/pubeurope.com\/@fr\/115951754523501846","error":""},"_links":{"self":[{"href":"https:\/\/www.europesays.com\/fr\/wp-json\/wp\/v2\/posts\/686698","targetHints":{"allow":["GET"]}}],"collection":[{"href":"https:\/\/www.europesays.com\/fr\/wp-json\/wp\/v2\/posts"}],"about":[{"href":"https:\/\/www.europesays.com\/fr\/wp-json\/wp\/v2\/types\/post"}],"author":[{"embeddable":true,"href":"https:\/\/www.europesays.com\/fr\/wp-json\/wp\/v2\/users\/2"}],"replies":[{"embeddable":true,"href":"https:\/\/www.europesays.com\/fr\/wp-json\/wp\/v2\/comments?post=686698"}],"version-history":[{"count":0,"href":"https:\/\/www.europesays.com\/fr\/wp-json\/wp\/v2\/posts\/686698\/revisions"}],"wp:featuredmedia":[{"embeddable":true,"href":"https:\/\/www.europesays.com\/fr\/wp-json\/wp\/v2\/media\/686699"}],"wp:attachment":[{"href":"https:\/\/www.europesays.com\/fr\/wp-json\/wp\/v2\/media?parent=686698"}],"wp:term":[{"taxonomy":"category","embeddable":true,"href":"https:\/\/www.europesays.com\/fr\/wp-json\/wp\/v2\/categories?post=686698"},{"taxonomy":"post_tag","embeddable":true,"href":"https:\/\/www.europesays.com\/fr\/wp-json\/wp\/v2\/tags?post=686698"}],"curies":[{"name":"wp","href":"https:\/\/api.w.org\/{rel}","templated":true}]}}