{"id":686726,"date":"2026-01-24T19:52:13","date_gmt":"2026-01-24T19:52:13","guid":{"rendered":"https:\/\/www.europesays.com\/fr\/686726\/"},"modified":"2026-01-24T19:52:13","modified_gmt":"2026-01-24T19:52:13","slug":"ce-tarif-tres-avantageux-dedf-vous-coutera-plus-cher-le-1er-fevrier","status":"publish","type":"post","link":"https:\/\/www.europesays.com\/fr\/686726\/","title":{"rendered":"ce tarif tr\u00e8s avantageux d\u2019EDF vous co\u00fbtera plus cher le 1er f\u00e9vrier"},"content":{"rendered":"<p>Si vous avez souscrit l\u2019option Effacement des Jours de Pointe (EJP) d\u2019EDF, on a une mauvaise nouvelle pour vous. En effet, cette formule jadis consid\u00e9r\u00e9e comme avantageuse pour les consommateurs va voir son mod\u00e8le tarifaire \u00e9voluer d\u00e9favorablement.<\/p>\n<p>Pour rappel, cette option repose sur un principe bien \u00e9tabli. Ainsi, 343 jours par an, le prix du kilowattheure est tr\u00e8s peu \u00e9lev\u00e9 et proche des heures creuses. En revanche, lors des 22 jours de pointe hivernale o\u00f9 la tension sur le r\u00e9seau est forte, il devient beaucoup plus \u00e9lev\u00e9 pour inciter les Fran\u00e7ais \u00e0 consommer moins.<\/p>\n<p>D\u2019apr\u00e8s Le Journal du Geek, les choses changent d\u00e8s le 1er f\u00e9vrier prochain. Les jours normaux, le tarif va sensiblement augmenter de 0,1418\u00a0\u20ac TTC\/kWh \u00e0 0,1781\u00a0\u20ac TTC le kWh, tandis que les jours de pointe, le prix sera fortement r\u00e9duit et passera de plus d\u2019un euro \u00e0 0,3440\u00a0\u20ac TTC le kWh.<\/p>\n<p>En th\u00e9orie, l\u2019effet est plus \u00e9quilibr\u00e9, mais, comme le soulignent \u00e0 juste titre nos confr\u00e8res, cette option perd son principal int\u00e9r\u00eat\u00a0: l\u2019incitation d\u2019\u00e9conomie substantielle r\u00e9alis\u00e9e hors jours de pointe.<\/p>\n<p> Quid de l\u2019option Tempo\u00a0? <\/p>\n<p>D\u00e8s lors, une autre option propos\u00e9e par EDF rev\u00eat aujourd\u2019hui plus d\u2019int\u00e9r\u00eat\u00a0: <a href=\"https:\/\/www.presse-citron.net\/premier-jour-tempo-rouge-chez-edf-4-astuces-pour-consommer-moins\/\" target=\"_blank\" rel=\"false noopener\">Tempo<\/a>. Cette derni\u00e8re est bas\u00e9e sur trois tarifs distincts\u00a0: 300 jours bleus (tr\u00e8s avantageux), 43 jours blancs (interm\u00e9diaires) et 22 jours rouges (les plus on\u00e9reux). En voici le d\u00e9tail\u00a0:<\/p>\n<ul>\n<li>Jours bleus Tempo\u00a0: le prix du kWh varie entre environ 0,1232\u00a0\u20ac en heures creuses et 0,1494\u00a0\u20ac en heures pleines, des niveaux tr\u00e8s comp\u00e9titifs.<\/li>\n<li>Jours blancs Tempo\u00a0: l\u2019\u00e9cart reste mod\u00e9r\u00e9, autour de 0,1391\u00a0\u20ac en heures creuses et 0,1730\u00a0\u20ac en heures pleines.<\/li>\n<li>Jours rouges Tempo\u00a0: quand la demande est la plus forte, le kWh s\u2019envole, jusqu\u2019\u00e0 0,6468\u00a0\u20ac en heures pleines, mais reste nettement inf\u00e9rieur au pic EJP historique.<\/li>\n<\/ul>\n<p>Cette \u00e9volution tombe \u00e0 un mauvais moment pour les consommateurs. On estime en effet que la hausse de 25\u00a0% d\u00e9cid\u00e9e par le gouvernement concernant les obligations des fournisseurs sur les certificats d\u2019\u00e9conomies d\u2019\u00e9nergie risque de faire flamber la facture.<\/p>\n<p>L\u2019UFC-Que Choisir n\u2019a d\u2019ailleurs pas m\u00e2ch\u00e9 ses mots en octobre 2025 lors de l\u2019annonce de cette hausse. L\u2019association de consommateurs d\u00e9non\u00e7ait alors un \u00ab\u00a0syst\u00e8me opaque\u00a0\u00bb responsable d\u2019un surco\u00fbt annuel sup\u00e9rieur \u00e0 100 euros par m\u00e9nage.<\/p>\n<p>Pour rappel, les entreprises comme EDF et ses rivaux sont tenus de financer des op\u00e9rations de r\u00e9novation \u00e9nerg\u00e9tique (isolation, changement de chaudi\u00e8re, pompes \u00e0 chaleur) sous peine de lourdes p\u00e9nalit\u00e9s. Il s\u2019agit d\u2019un levier essentiel de la politique climatique fran\u00e7aise. Plus d\u2019informations \u00e0 ce sujet <a href=\"https:\/\/www.presse-citron.net\/tarifs-electricite-gaz-vos-factures-exploser-2026\/\" target=\"_blank\" rel=\"false noopener\">dans notre pr\u00e9c\u00e9dent article ici<\/a>.<\/p>\n<blockquote>\n<p class=\"text-base text-neutral-700 dark:text-neutral-300\">\ud83d\udccd Pour ne manquer aucune actualit\u00e9 de Presse-citron, suivez-nous sur <a href=\"https:\/\/news.google.com\/publications\/CAAqBggKMIPiNTC70wU?hl=fr&amp;gl=FR&amp;ceid=FR%3Afr\" target=\"_blank\" rel=\"noopener\">Google Actualit\u00e9s<\/a> et <a href=\"https:\/\/whatsapp.com\/channel\/0029VaCkGuz4NViitBXbEr0b\" target=\"_blank\" rel=\"noopener\">WhatsApp<\/a>.<\/p>\n<\/blockquote>\n<p>            <img decoding=\"async\" src=\"https:\/\/www.europesays.com\/fr\/wp-content\/uploads\/2025\/03\/4NZ4LnDsUw9UvFnnxwTz2BKfp8VD92PRD8LTt3Ek.png\" alt=\"Opera One - Navigateur web boost\u00e9 \u00e0 l\u2019IA\" loading=\"lazy\"\/>                                            Opera One &#8211; Navigateur web boost\u00e9 \u00e0 l\u2019IA                 <\/p>\n<p>Par\u00a0: Opera<\/p>\n","protected":false},"excerpt":{"rendered":"Si vous avez souscrit l\u2019option Effacement des Jours de Pointe (EJP) d\u2019EDF, on a une mauvaise nouvelle pour&hellip;\n","protected":false},"author":2,"featured_media":686727,"comment_status":"","ping_status":"","sticky":false,"template":"","format":"standard","meta":{"footnotes":""},"categories":[6],"tags":[35,33,34,1647,579,1011,27],"class_list":{"0":"post-686726","1":"post","2":"type-post","3":"status-publish","4":"format-standard","5":"has-post-thumbnail","7":"category-economie","8":"tag-business","9":"tag-economie","10":"tag-economy","11":"tag-edf","12":"tag-electricite","13":"tag-fr","14":"tag-france"},"share_on_mastodon":{"url":"https:\/\/pubeurope.com\/@fr\/115951825352822743","error":""},"_links":{"self":[{"href":"https:\/\/www.europesays.com\/fr\/wp-json\/wp\/v2\/posts\/686726","targetHints":{"allow":["GET"]}}],"collection":[{"href":"https:\/\/www.europesays.com\/fr\/wp-json\/wp\/v2\/posts"}],"about":[{"href":"https:\/\/www.europesays.com\/fr\/wp-json\/wp\/v2\/types\/post"}],"author":[{"embeddable":true,"href":"https:\/\/www.europesays.com\/fr\/wp-json\/wp\/v2\/users\/2"}],"replies":[{"embeddable":true,"href":"https:\/\/www.europesays.com\/fr\/wp-json\/wp\/v2\/comments?post=686726"}],"version-history":[{"count":0,"href":"https:\/\/www.europesays.com\/fr\/wp-json\/wp\/v2\/posts\/686726\/revisions"}],"wp:featuredmedia":[{"embeddable":true,"href":"https:\/\/www.europesays.com\/fr\/wp-json\/wp\/v2\/media\/686727"}],"wp:attachment":[{"href":"https:\/\/www.europesays.com\/fr\/wp-json\/wp\/v2\/media?parent=686726"}],"wp:term":[{"taxonomy":"category","embeddable":true,"href":"https:\/\/www.europesays.com\/fr\/wp-json\/wp\/v2\/categories?post=686726"},{"taxonomy":"post_tag","embeddable":true,"href":"https:\/\/www.europesays.com\/fr\/wp-json\/wp\/v2\/tags?post=686726"}],"curies":[{"name":"wp","href":"https:\/\/api.w.org\/{rel}","templated":true}]}}