{"id":686728,"date":"2026-01-24T19:53:13","date_gmt":"2026-01-24T19:53:13","guid":{"rendered":"https:\/\/www.europesays.com\/fr\/686728\/"},"modified":"2026-01-24T19:53:13","modified_gmt":"2026-01-24T19:53:13","slug":"de-nouveaux-pourparlers-entre-lukraine-la-russie-et-les-etats-unis-a-abou-dhabi-la-semaine-prochaine-24-01-2026-a-1936","status":"publish","type":"post","link":"https:\/\/www.europesays.com\/fr\/686728\/","title":{"rendered":"De nouveaux pourparlers entre l&rsquo;Ukraine, la Russie et les Etats-Unis \u00e0 Abou Dhabi la semaine prochaine &#8211; 24\/01\/2026 \u00e0 19:36"},"content":{"rendered":"<p>        <img decoding=\"async\" src=\"https:\/\/www.europesays.com\/fr\/wp-content\/uploads\/2026\/01\/aa40299d73e43429510937c367544909-760x507.jpg\" alt=\"Les services de secours ukrainiens interviennent sur un incendie apr\u00e8s des frappes russes nocturnes sur Kiev le 24 janvier 2026 ( AFP \/ Oleksandr Magula )\" loading=\"eager\" fetchpriority=\"high\" width=\"760\" height=\"507\" style=\"max-width: 100%!important; height: auto;\"\/><\/p>\n<p class=\"c-image-news__legend\">Les services de secours ukrainiens interviennent sur un incendie apr\u00e8s des frappes russes nocturnes sur Kiev le 24 janvier 2026 ( AFP \/ Oleksandr Magula )<\/p>\n<p>\n Les pourparlers entre d\u00e9l\u00e9gations ukrainienne, russe et am\u00e9ricaine se sont achev\u00e9s samedi \u00e0 Abou Dhabi apr\u00e8s des discussions \u00ab\u00a0constructives\u00a0\u00bb selon le pr\u00e9sident ukrainien Volodymyr Zelensky, avant de nouvelles discussions la semaine prochaine.\n<\/p>\n<p>\n \u00ab\u00a0Beaucoup de choses ont \u00e9t\u00e9 discut\u00e9es et il est important que les discussions aient \u00e9t\u00e9 constructives\u00a0\u00bb, a dit M. Zelensky sur X.\n<\/p>\n<p>\n Les discussions reprendront \u00e0 Abou Dhabi le 1er f\u00e9vrier, a indiqu\u00e9 un responsable am\u00e9ricain, ajoutant: \u00ab\u00a0Je pense que r\u00e9unir tout le monde \u00e9tait une \u00e9tape importante.\u00a0\u00bb\n<\/p>\n<p>\n \u00ab\u00a0Je pense que cela confirme le fait que (&#8230;) beaucoup de progr\u00e8s a \u00e9t\u00e9 fait \u00e0 ce jour pour d\u00e9finir pr\u00e9cis\u00e9ment les d\u00e9tails n\u00e9cessaires pour parvenir \u00e0 une conclusion\u00a0\u00bb, a-t-il ajout\u00e9.\n<\/p>\n<p>        <img decoding=\"async\" src=\"https:\/\/www.europesays.com\/fr\/wp-content\/uploads\/2026\/01\/ccc1e4fe4fba65b96c3b1b251763d993-760x505.jpg\" alt=\"Les services de secours ukrainiens travaillent autour d'un immeuble endommag\u00e9 par des frappes russes \u00e0 Kharkiv le 24 janvier 2026 ( AFP \/ SERGEY BOBOK )\" loading=\"eager\" fetchpriority=\"high\" width=\"760\" height=\"505\" style=\"max-width: 100%!important; height: auto;\"\/><\/p>\n<p class=\"c-image-news__legend\">Les services de secours ukrainiens travaillent autour d&rsquo;un immeuble endommag\u00e9 par des frappes russes \u00e0 Kharkiv le 24 janvier 2026 ( AFP \/ SERGEY BOBOK )<\/p>\n<p>\n Ces pourparlers sont les premi\u00e8res n\u00e9gociations directes connues entre Moscou et Kiev sur le plan am\u00e9ricain de r\u00e8glement de cette guerre qui a fait des dizaines de milliers de morts depuis 2022, mais \u00e0 Kiev, les habitants \u00e9puis\u00e9s manquent d&rsquo;espoir.\n<\/p>\n<p>\n Anastassia Tolkatchov n&rsquo;a \u00ab\u00a0m\u00eame pas envie d&rsquo;en parler\u00a0\u00bb apr\u00e8s une nuit pass\u00e9e dans un parking souterrain de Kiev.\n<\/p>\n<p>\n \u00ab\u00a0A chaque fois \u00e7a recommence, des n\u00e9gociations, des n\u00e9gociations. Ils diront juste que tout va bien, que, encore une fois, rien n&rsquo;a \u00e9t\u00e9 convenu, et qu&rsquo;il y aura encore des roquettes,\u00a0\u00bb a-t-elle d\u00e9clar\u00e9 \u00e0 l&rsquo;AFP.\n<\/p>\n<p> &#8211; \u00ab\u00a0Terreur russe\u00a0\u00bb &#8211;<\/p>\n<p>\n A la veille du deuxi\u00e8me jour de discussions, \u00e0 Kiev et dans sa r\u00e9gion, une personne a \u00e9t\u00e9 tu\u00e9e dans une frappe qui a touch\u00e9 une confiserie, 8 personnes ont \u00e9t\u00e9 bless\u00e9es dans la r\u00e9gion, et 27 autres dans des bombardements sur Kharkiv (nord-est) qui ont touch\u00e9 une maternit\u00e9 et des immeubles r\u00e9sidentiels, selon les autorit\u00e9s locales.\n<\/p>\n<p>\n \u00ab\u00a0Efforts de paix? Rencontre trilat\u00e9rale aux Emirats arabes unis? Diplomatie? Pour les Ukrainiens, c&rsquo;\u00e9tait une nouvelle nuit de terreur russe\u00a0\u00bb, a d\u00e9nonc\u00e9 le ministre ukrainien des Affaires \u00e9trang\u00e8res Andri\u00ef Sybiga.\n<\/p>\n<p>\n Le gouverneur de la r\u00e9gion de Kherson (sud) nomm\u00e9 par Moscou, Vladimir Saldo, a accus\u00e9 de son c\u00f4t\u00e9 Kiev d&rsquo;avoir tu\u00e9 trois personnes dans une frappe sur une ambulance dans ce territoire occup\u00e9 par les forces russes.\n<\/p>\n<p>\n La Russie, qui affirme ne cibler que des objectifs militaires, a vis\u00e9 l&rsquo;Ukraine avec plus de 370 drones et 27 missiles dans la nuit de vendredi \u00e0 samedi selon les autorit\u00e9s ukrainiennes, visant les r\u00e9gions de la capitale, de Tcherniguiv (nord), Soumy et Kharkiv (nord-est).\n<\/p>\n<p>\n Des journalistes de l&rsquo;AFP ont vu des habitants courir se r\u00e9fugier dans des abris \u00e0 Kiev alors que des explosions illuminaient le ciel de la capitale, et entendu de nouvelles alertes contre les attaques a\u00e9riennes samedi matin.\n<\/p>\n<p>\n Irina Beregova, une \u00e9conomiste de 48 ans \u00e0 Kiev, n&rsquo;a \u00ab\u00a0aucun espoir\u00a0\u00bb pour ces pourparlers apr\u00e8s une nouvelle nuit \u00ab\u00a0sans sommeil\u00a0\u00bb. \u00ab\u00a0On dirait qu&rsquo;ils veulent simplement que l&rsquo;Ukraine cesse d&rsquo;exister. Mais nous sommes des \u00eatres humains, nous voulons vivre\u00a0\u00bb, a-t-elle d\u00e9clar\u00e9 \u00e0 l&rsquo;AFP.\n<\/p>\n<p>\n Les bombardements nocturnes ont laiss\u00e9 plus d&rsquo;un million de personnes sans \u00e9lectricit\u00e9 \u00e0 Kiev et dans la r\u00e9gion de Tcherniguiv, avec la moiti\u00e9 des immeubles de la capitale de nouveau priv\u00e9s de courant et chauffage, selon Oleksi\u00ef Kouleba, vice-Premier ministre pour la reconstruction de l&rsquo;Ukraine, alors que les temp\u00e9ratures descendent quotidiennement en-dessous de -10\u00b0C.\n<\/p>\n<p> &#8211; Quitter le Donbass &#8211;<\/p>\n<p>\n Les n\u00e9gociations pour mettre fin au conflit d\u00e9clench\u00e9 par l&rsquo;invasion russe \u00e0 pleine \u00e9chelle en f\u00e9vrier 2022 bloquent sur l&rsquo;\u00e9pineuse question territoriale.\n<\/p>\n<p>\n Le Kremlin a r\u00e9p\u00e9t\u00e9 vendredi en pr\u00e9ambule du premier cycle de discussions que Kiev doit retirer ses troupes de ce bassin minier et industriel de l&rsquo;est de l&rsquo;Ukraine en grande partie contr\u00f4l\u00e9 par Moscou.\n<\/p>\n<p>\n Sur le front, les troupes ukrainiennes sont sur le recul depuis pr\u00e8s de deux ans face \u00e0 un adversaire plus nombreux et mieux arm\u00e9, Kiev d\u00e9pendant en grande partie du soutien financier et militaire occidental.\n<\/p>\n<p>\n Volodymyr Zelensky a assur\u00e9 avoir obtenu de son homologue am\u00e9ricain Donald Trump un accord sur les garanties de s\u00e9curit\u00e9 pour l&rsquo;Ukraine, qui reste \u00e0 finaliser, lors d&rsquo;une rencontre en marge du Forum \u00e9conomique mondial de Davos, en Suisse, jeudi.\n<\/p>\n<p>\n La question des conditions de s\u00e9curit\u00e9 pour parvenir \u00e0 mettre fin \u00e0 la guerre a \u00e9t\u00e9 soulev\u00e9e par la partie am\u00e9ricaine \u00e0 Abou Dhabi, a affirm\u00e9 le pr\u00e9sident ukrainien apr\u00e8s avoir re\u00e7u un rapport sur l&rsquo;issue des n\u00e9gociations samedi.\n<\/p>\n<p>\n Celles-ci se d\u00e9roulent loin de l&rsquo;Europe et sans participation des pays de l&rsquo;UE, lesquels craignent que Washington ne pousse Kiev \u00e0 accepter un accord jug\u00e9 trop favorable \u00e0 Moscou. La Russie n&rsquo;a pour sa part eu de cesse de critiquer l&rsquo;ing\u00e9rence des Europ\u00e9ens dans les n\u00e9gociations.\n<\/p>\n<p>\n A Davos jeudi, M. Zelensky avait critiqu\u00e9 une Europe \u00ab\u00a0fragment\u00e9e\u00a0\u00bb et \u00ab\u00a0perdue\u00a0\u00bb lorsqu&rsquo;il s&rsquo;agit d&rsquo;influer sur les positions de Donald Trump et manquant de \u00ab\u00a0volont\u00e9 politique\u00a0\u00bb face \u00e0 Vladimir Poutine.<\/p>\n","protected":false},"excerpt":{"rendered":"Les services de secours ukrainiens interviennent sur un incendie apr\u00e8s des frappes russes nocturnes sur Kiev le 24&hellip;\n","protected":false},"author":2,"featured_media":686729,"comment_status":"","ping_status":"","sticky":false,"template":"","format":"standard","meta":{"footnotes":""},"categories":[5],"tags":[400,11,398,408,405,1011,27,403,14,402,399,404,12,401,406,407,28],"class_list":{"0":"post-686728","1":"post","2":"type-post","3":"status-publish","4":"format-standard","5":"has-post-thumbnail","7":"category-international","8":"tag-action-cac-40","9":"tag-actualites","10":"tag-bourse-de-paris","11":"tag-boursorama","12":"tag-cotations","13":"tag-fr","14":"tag-france","15":"tag-indices-devises","16":"tag-international","17":"tag-investir","18":"tag-investissement","19":"tag-marche-boursier","20":"tag-news","21":"tag-sicav","22":"tag-trackers","23":"tag-warrants","24":"tag-world"},"share_on_mastodon":{"url":"https:\/\/pubeurope.com\/@fr\/115951829330608014","error":""},"_links":{"self":[{"href":"https:\/\/www.europesays.com\/fr\/wp-json\/wp\/v2\/posts\/686728","targetHints":{"allow":["GET"]}}],"collection":[{"href":"https:\/\/www.europesays.com\/fr\/wp-json\/wp\/v2\/posts"}],"about":[{"href":"https:\/\/www.europesays.com\/fr\/wp-json\/wp\/v2\/types\/post"}],"author":[{"embeddable":true,"href":"https:\/\/www.europesays.com\/fr\/wp-json\/wp\/v2\/users\/2"}],"replies":[{"embeddable":true,"href":"https:\/\/www.europesays.com\/fr\/wp-json\/wp\/v2\/comments?post=686728"}],"version-history":[{"count":0,"href":"https:\/\/www.europesays.com\/fr\/wp-json\/wp\/v2\/posts\/686728\/revisions"}],"wp:featuredmedia":[{"embeddable":true,"href":"https:\/\/www.europesays.com\/fr\/wp-json\/wp\/v2\/media\/686729"}],"wp:attachment":[{"href":"https:\/\/www.europesays.com\/fr\/wp-json\/wp\/v2\/media?parent=686728"}],"wp:term":[{"taxonomy":"category","embeddable":true,"href":"https:\/\/www.europesays.com\/fr\/wp-json\/wp\/v2\/categories?post=686728"},{"taxonomy":"post_tag","embeddable":true,"href":"https:\/\/www.europesays.com\/fr\/wp-json\/wp\/v2\/tags?post=686728"}],"curies":[{"name":"wp","href":"https:\/\/api.w.org\/{rel}","templated":true}]}}