{"id":686768,"date":"2026-01-24T20:20:13","date_gmt":"2026-01-24T20:20:13","guid":{"rendered":"https:\/\/www.europesays.com\/fr\/686768\/"},"modified":"2026-01-24T20:20:13","modified_gmt":"2026-01-24T20:20:13","slug":"n2-les-resultats-et-le-classement-des-girondins-6","status":"publish","type":"post","link":"https:\/\/www.europesays.com\/fr\/686768\/","title":{"rendered":"N2 : les r\u00e9sultats et le classement des Girondins"},"content":{"rendered":"<p><img decoding=\"async\" src=\"https:\/\/www.europesays.com\/fr\/wp-content\/uploads\/2025\/08\/671_27a5a9e7434fc1a02b561d60e7fadd28.jpg\" alt=\"N2 : les r\u00e9sultats et le classement des Girondins\" class=\"img-responsive mt-3\"\/><\/p>\n<p class=\"text-center mb-3\" style=\"font-size: 14px\">\u00a9 Iconsport<\/p>\n<p><strong>National 2 : les r\u00e9sultats de la 16e journ\u00e9e et le classement des Girondins de Bordeaux<\/strong><\/p>\n<p>Angoul\u00eame s\u2019incline \u00e0 Montlouis, tandis que Les Herbiers, vainqueurs de Bordeaux lors de la pr\u00e9c\u00e9dente journ\u00e9e, ne parviennent pas \u00e0 s\u2019imposer \u00e0 Saumur. De leur c\u00f4t\u00e9, les Girondins de Bordeaux repartent de Normandie avec les trois points et conservent la t\u00eate du classement.<\/p>\n<p>\u00a0<\/p>\n<p><strong>R\u00e9sultats :<\/strong><\/p>\n<p>Vend\u00e9e Foot Club RY <strong>2-1<\/strong> FC Lorient II<br \/>Angoul\u00eame Charente FC <strong>1-3<\/strong> FC Montlouis<br \/>Voltigeurs de Ch\u00e2teaubriant <strong>1-1<\/strong> US Avranches<br \/>Chauray FC <strong>0-1<\/strong> Saint-Colomban Locmin\u00e9<br \/><a href=\"https:\/\/www.webgirondins.com\/live-girondins-revivez-granville-bordeaux-131922\" target=\"_blank\" rel=\"noopener\"><strong>US Granville 2-3 Girondins de Bordeaux<\/strong><\/a><br \/>US Saint-Malo report\u00e9 Avrion Bayonnais<br \/>Olympique Saumur FC <strong>3-0<\/strong> Les Herbiers<br \/>Stade Poitevin FC <strong>1-1<\/strong> Dinan L\u00e9hon<\/p>\n<p>&gt;&gt; <strong><a href=\"https:\/\/www.webgirondins.com\/classement-girondins-national-2\" target=\"_blank\" rel=\"noopener\">Voir le classement du Groupe A<\/a><\/strong><\/p>\n<p>\u00a0<\/p>\n<p>\u00c0 lire &gt;&gt; <strong><a href=\"https:\/\/www.webgirondins.com\/actualite-girondins-girondins-le-debrief-a-chaud-de-granville-bordeaux-en-direct-131927\" target=\"_blank\" rel=\"noopener\">Girondins : Le D\u00e9brief \u00e0 Chaud de Granville-Bordeaux en direct<\/a><\/strong><\/p>\n<p>Notre podcast court sur l&rsquo;actu des Girondins :<\/p>\n<p>\u00a0<\/p>\n","protected":false},"excerpt":{"rendered":"\u00a9 Iconsport National 2 : les r\u00e9sultats de la 16e journ\u00e9e et le classement des Girondins de Bordeaux&hellip;\n","protected":false},"author":2,"featured_media":309954,"comment_status":"","ping_status":"","sticky":false,"template":"","format":"standard","meta":{"footnotes":""},"categories":[2817],"tags":[1111,11,3396,1997,1981,1446,1777,674,4815,1011,27,1987,2705,3465,2003,3238,12,2219,3393,25,1980,376,1264],"class_list":{"0":"post-686768","1":"post","2":"type-post","3":"status-publish","4":"format-standard","5":"has-post-thumbnail","7":"category-bordeaux","8":"tag-actu","9":"tag-actualites","10":"tag-avec","11":"tag-bordeaux","12":"tag-classement","13":"tag-dans","14":"tag-eu","15":"tag-europe","16":"tag-exterieur","17":"tag-fr","18":"tag-france","19":"tag-girondins","20":"tag-groupe","21":"tag-journee","22":"tag-livre","23":"tag-national","24":"tag-news","25":"tag-nouvelle-aquitaine","26":"tag-precieuse","27":"tag-republique-francaise","28":"tag-resultats","29":"tag-verdict","30":"tag-victoire"},"share_on_mastodon":{"url":"https:\/\/pubeurope.com\/@fr\/115951935472547073","error":""},"_links":{"self":[{"href":"https:\/\/www.europesays.com\/fr\/wp-json\/wp\/v2\/posts\/686768","targetHints":{"allow":["GET"]}}],"collection":[{"href":"https:\/\/www.europesays.com\/fr\/wp-json\/wp\/v2\/posts"}],"about":[{"href":"https:\/\/www.europesays.com\/fr\/wp-json\/wp\/v2\/types\/post"}],"author":[{"embeddable":true,"href":"https:\/\/www.europesays.com\/fr\/wp-json\/wp\/v2\/users\/2"}],"replies":[{"embeddable":true,"href":"https:\/\/www.europesays.com\/fr\/wp-json\/wp\/v2\/comments?post=686768"}],"version-history":[{"count":0,"href":"https:\/\/www.europesays.com\/fr\/wp-json\/wp\/v2\/posts\/686768\/revisions"}],"wp:featuredmedia":[{"embeddable":true,"href":"https:\/\/www.europesays.com\/fr\/wp-json\/wp\/v2\/media\/309954"}],"wp:attachment":[{"href":"https:\/\/www.europesays.com\/fr\/wp-json\/wp\/v2\/media?parent=686768"}],"wp:term":[{"taxonomy":"category","embeddable":true,"href":"https:\/\/www.europesays.com\/fr\/wp-json\/wp\/v2\/categories?post=686768"},{"taxonomy":"post_tag","embeddable":true,"href":"https:\/\/www.europesays.com\/fr\/wp-json\/wp\/v2\/tags?post=686768"}],"curies":[{"name":"wp","href":"https:\/\/api.w.org\/{rel}","templated":true}]}}