{"id":686794,"date":"2026-01-24T20:36:18","date_gmt":"2026-01-24T20:36:18","guid":{"rendered":"https:\/\/www.europesays.com\/fr\/686794\/"},"modified":"2026-01-24T20:36:18","modified_gmt":"2026-01-24T20:36:18","slug":"en-direct-conseil-de-paix-lula-accuse-trump-de-vouloir-devenir-le-maitre-dune-nouvelle-onu","status":"publish","type":"post","link":"https:\/\/www.europesays.com\/fr\/686794\/","title":{"rendered":"EN DIRECT &#8211; \u00abConseil de paix\u00bb : Lula accuse Trump de vouloir devenir le \u00abma\u00eetre\u00bb d\u2019une \u00abnouvelle ONU\u00bb"},"content":{"rendered":"<p class=\"fig-paragraph\">Des responsables ukrainiens, am\u00e9ricains et russes se sont r\u00e9unis vendredi \u00e0\u00a0<a href=\"http:\/\/www.lefigaro.fr\/flash-eco\/courses-de-drones-batailles-de-robots-a-abou-dhabi-les-jeux-du-futur-brouillent-les-frontieres-entre-sport-et-esport-20251217\" data-fig-type=\"NewsFlash\" data-gtm-custom-categorie=\"navigation\" data-gtm-custom-action=\"crossclick\" data-gtm-custom-label=\"Contextuel\" data-gtm-event=\"customEventSPE\" data-fig-domain=\"LEFIGARO\" target=\"_blank\" rel=\"noopener\">Abou Dhabi<\/a>\u00a0pour discuter d\u2019un r\u00e8glement du conflit en Ukraine sur la base d\u2019un plan promu par le pr\u00e9sident am\u00e9ricain Donald Trump. Voici un aper\u00e7u des pr\u00e9c\u00e9dents cycles de n\u00e9gociations, depuis le d\u00e9but de l\u2019invasion russe de l\u2019Ukraine le 24 f\u00e9vrier 2022\u00a0:<\/p>\n<ul class=\"fig-list\">\n<li>F\u00e9vrier 2022, premiers contacts<\/li>\n<\/ul>\n<p class=\"fig-paragraph\">Des n\u00e9gociateurs russes et ukrainiens se rencontrent au B\u00e9larus quelques jours apr\u00e8s le d\u00e9but de l\u2019offensive russe \u00e0 grande \u00e9chelle. Moscou exige que l\u2019Ukraine cesse de combattre et reconnaisse l\u2019annexion de la Crim\u00e9e et des r\u00e9gions mini\u00e8res du Donbass, celles de Donetsk et de Lougansk. Inacceptable pour Kiev.<\/p>\n<p class=\"fig-paragraph\">Un accord sur des \u00abcouloirs humanitaires\u00bb est cependant trouv\u00e9.<\/p>\n<ul class=\"fig-list\">\n<li>Premier cycle de discussions en Turquie<\/li>\n<\/ul>\n<p class=\"fig-paragraph\">Une rencontre a lieu en mars 2022 en Turquie avec les ministres russe et ukrainien des Affaires \u00e9trang\u00e8res Sergue\u00ef Lavrov et Dmytro Kouleba, tandis que les Ukrainiens opposent une r\u00e9sistance inattendue aux forces russes. La Russie \u00e9voque un possible retrait de territoires du nord de l\u2019Ukraine et Kiev fait part d\u2019un possible \u00abstatut de neutralit\u00e9\u00bb et de la poursuite des pourparlers sur la Crim\u00e9e et le Donbass.<\/p>\n<p class=\"fig-paragraph\">La d\u00e9couverte des massacres de Boutcha, pr\u00e8s de Kiev, met fin aux volont\u00e9s de discussions.<\/p>\n<p class=\"fig-body-link\">\n            \u00c0 lire aussi<br \/>\n        <a class=\"fig-body-link__link fig-premium-mark\" href=\"http:\/\/www.lefigaro.fr\/international\/la-guerre-en-ukraine-dure-depuis-plus-longtemps-que-la-grande-guerre-patriotique-russe-20260112\" target=\"_blank\" data-fig-type=\"NewsFlash\" rel=\"noopener\" data-gtm-custom-categorie=\"navigation\" data-gtm-custom-action=\"crossclick\" data-gtm-custom-label=\"Contextuel\" data-gtm-event=\"customEventSPE\" data-fig-domain=\"LEFIGARO\"><\/p>\n<p>        La guerre en Ukraine dure depuis plus longtemps que la \u00abgrande guerre patriotique\u00bb russe<br \/>\n    <\/a>\n<\/p>\n<p class=\"fig-paragraph\">\u00c0 son retour \u00e0 la Maison Blanche en janvier 2025, Donald Trump promet de mettre fin au conflit \u00aben 24 heures\u00bb. En f\u00e9vrier, pendant une rencontre explosive \u00e0 Washington, il accuse son homologue ukrainien de n\u2019\u00eatre pas assez \u00abreconnaissant\u00bb pour le soutien am\u00e9ricain.<\/p>\n<p class=\"fig-paragraph\">En ao\u00fbt, le pr\u00e9sident am\u00e9ricain adresse \u00e0 la Russie un ultimatum, la mena\u00e7ant de droits de douane, pour ensuite accueillir Vladimir Poutine en grande pompe en Alaska.<\/p>\n<p class=\"fig-paragraph\">Des n\u00e9gociations directes ont lieu en mai, juin et juillet 2025, tandis que les \u00c9tats-Unis menacent la Russie de sanctions si elle n\u2019accepte pas un cessez-le-feu de 30 jours. La derni\u00e8re rencontre ne dure qu\u2019une heure, Vladimir Medinski, encore \u00e0 la t\u00eate de l\u2019\u00e9quipe russe, constatant que les positions respectives de Moscou et de Kiev sont \u00abassez \u00e9loign\u00e9es les unes des autres\u00bb.<\/p>\n<p class=\"fig-paragraph\">Ces pourparlers directs permettent un \u00e9change important de prisonniers de guerre.<\/p>\n<p class=\"fig-paragraph\">Mi-novembre 2025, Ukrainiens et Am\u00e9ricains se retrouvent d\u2019urgence \u00e0 Gen\u00e8ve en pr\u00e9sence des alli\u00e9s europ\u00e9ens de Kiev pour discuter d\u2019un projet de plan en 28 points de Donald Trump en vue de mettre fin \u00e0 la guerre.<\/p>\n<p class=\"fig-paragraph\">Consid\u00e9r\u00e9 comme largement favorable \u00e0 Moscou, ce plan pr\u00e9voit notamment que l\u2019Ukraine c\u00e8de des territoires, y compris une partie toujours sous son contr\u00f4le mais offre des garanties de s\u00e9curit\u00e9 occidentales \u00e0 Kiev pour \u00e9viter toute nouvelle attaque russe.<\/p>\n<p class=\"fig-paragraph\">S\u2019ensuivent de nombreuses discussions s\u00e9par\u00e9es entre n\u00e9gociateurs ukrainiens et russes avec les Am\u00e9ricains autour de plusieurs documents, dont un plan en 20 points.<\/p>\n","protected":false},"excerpt":{"rendered":"Des responsables ukrainiens, am\u00e9ricains et russes se sont r\u00e9unis vendredi \u00e0\u00a0Abou Dhabi\u00a0pour discuter d\u2019un r\u00e8glement du conflit en&hellip;\n","protected":false},"author":2,"featured_media":686795,"comment_status":"","ping_status":"","sticky":false,"template":"","format":"standard","meta":{"footnotes":""},"categories":[1590],"tags":[259,11,260,75,1777,674,13012,131,14,261,12,262,220],"class_list":{"0":"post-686794","1":"post","2":"type-post","3":"status-publish","4":"format-standard","5":"has-post-thumbnail","7":"category-ukraine","8":"tag-actualite-internationale","9":"tag-actualites","10":"tag-affaires-etrangeres","11":"tag-donald-trump","12":"tag-eu","13":"tag-europe","14":"tag-forum-de-davos","15":"tag-guerre-en-ukraine","16":"tag-international","17":"tag-ministere-des-affaires-etrangeres","18":"tag-news","19":"tag-politique-etrangere","20":"tag-ukraine"},"share_on_mastodon":{"url":"https:\/\/pubeurope.com\/@fr\/115951998320577920","error":""},"_links":{"self":[{"href":"https:\/\/www.europesays.com\/fr\/wp-json\/wp\/v2\/posts\/686794","targetHints":{"allow":["GET"]}}],"collection":[{"href":"https:\/\/www.europesays.com\/fr\/wp-json\/wp\/v2\/posts"}],"about":[{"href":"https:\/\/www.europesays.com\/fr\/wp-json\/wp\/v2\/types\/post"}],"author":[{"embeddable":true,"href":"https:\/\/www.europesays.com\/fr\/wp-json\/wp\/v2\/users\/2"}],"replies":[{"embeddable":true,"href":"https:\/\/www.europesays.com\/fr\/wp-json\/wp\/v2\/comments?post=686794"}],"version-history":[{"count":0,"href":"https:\/\/www.europesays.com\/fr\/wp-json\/wp\/v2\/posts\/686794\/revisions"}],"wp:featuredmedia":[{"embeddable":true,"href":"https:\/\/www.europesays.com\/fr\/wp-json\/wp\/v2\/media\/686795"}],"wp:attachment":[{"href":"https:\/\/www.europesays.com\/fr\/wp-json\/wp\/v2\/media?parent=686794"}],"wp:term":[{"taxonomy":"category","embeddable":true,"href":"https:\/\/www.europesays.com\/fr\/wp-json\/wp\/v2\/categories?post=686794"},{"taxonomy":"post_tag","embeddable":true,"href":"https:\/\/www.europesays.com\/fr\/wp-json\/wp\/v2\/tags?post=686794"}],"curies":[{"name":"wp","href":"https:\/\/api.w.org\/{rel}","templated":true}]}}