{"id":686811,"date":"2026-01-24T20:46:11","date_gmt":"2026-01-24T20:46:11","guid":{"rendered":"https:\/\/www.europesays.com\/fr\/686811\/"},"modified":"2026-01-24T20:46:11","modified_gmt":"2026-01-24T20:46:11","slug":"la-passe-va-un-peu-dicter-mon-jeu-tom-picard-ou-lart-de-la-feinte-a-lalterna-stade-poitevin","status":"publish","type":"post","link":"https:\/\/www.europesays.com\/fr\/686811\/","title":{"rendered":"\u00ab\u00a0La passe va un peu dicter mon jeu\u00a0\u00bb, Tom Picard ou l\u2019art de la feinte \u00e0 l\u2019Alterna Stade Poitevin"},"content":{"rendered":"<p><strong>Alterna Stade Poitevin\u00a0&#8211; Saint-Nazaire\ufeff<\/strong><\/p>\n<p>Tom Picard a pass\u00e9 un mauvais d\u00e9but de semaine. En plus de la d\u00e9faite conc\u00e9d\u00e9e en 8e\u00a0de finale Coupe CEV chez le Dinamo Bucarest (3-0), son club de c\u0153ur, l\u2019Olympique de Marseille, s\u2019est inclin\u00e9 face \u00e0 Liverpool (0-3) en Ligue des champions. Dur, dur\u2026 Mais, au moins, le r\u00e9ceptionneur-attaquant de l\u2019Alterna Stade Poitevin n\u2019a pas vu en live les buts encaiss\u00e9s par Geronimo Rulli.<\/p>\n<p>Apr\u00e8s le long voyage retour depuis la Roumanie, l\u2019ancien Toulousain \u00e9tait dans son lit d\u00e8s 21 heures. Histoire de r\u00e9cup\u00e9rer un peu et de pr\u00e9parer la venue de Saint-Nazaire, ce samedi, le plus s\u00e9rieusement possible. C\u2019est aussi pour \u00e7a que le natif des Bouches-du-Rh\u00f4ne fut le premier \u00e0 entrer sur le terrain lors de l\u2019entra\u00eenement, jeudi, pour effectuer sa routine d\u2019\u00e9chauffement avant que K\u00e9vin Cerda, en haut de sa machine \u00e0 ballons, ne vienne le solliciter en r\u00e9ception avec Franco Massimino. Mais, contrairement au libero argentin, Tom Picard ne s\u2019est pas content\u00e9 de manchettes et a ensuite pu passer \u00e0 l\u2019attaque. En claquant ou en poussant les ballons. \u00ab\u00a0Tant qu\u2019il finit par terre, je suis content\u00a0\u00bb, sourit-il.<\/p>\n","protected":false},"excerpt":{"rendered":"Alterna Stade Poitevin\u00a0&#8211; Saint-Nazaire\ufeff Tom Picard a pass\u00e9 un mauvais d\u00e9but de semaine. En plus de la d\u00e9faite&hellip;\n","protected":false},"author":2,"featured_media":686812,"comment_status":"","ping_status":"","sticky":false,"template":"","format":"standard","meta":{"footnotes":""},"categories":[1417],"tags":[1392,1654,1011,27,1655,1653,60,1584,1470,1469],"class_list":{"0":"post-686811","1":"post","2":"type-post","3":"status-publish","4":"format-standard","5":"has-post-thumbnail","7":"category-volley","8":"tag-a-la-une-local","9":"tag-alterna-stade-poitevin-volley-ball","10":"tag-fr","11":"tag-france","12":"tag-ligue-a","13":"tag-poitiers","14":"tag-sports","15":"tag-vienne","16":"tag-volley","17":"tag-volleyball"},"share_on_mastodon":{"url":"https:\/\/pubeurope.com\/@fr\/115952037656112766","error":""},"_links":{"self":[{"href":"https:\/\/www.europesays.com\/fr\/wp-json\/wp\/v2\/posts\/686811","targetHints":{"allow":["GET"]}}],"collection":[{"href":"https:\/\/www.europesays.com\/fr\/wp-json\/wp\/v2\/posts"}],"about":[{"href":"https:\/\/www.europesays.com\/fr\/wp-json\/wp\/v2\/types\/post"}],"author":[{"embeddable":true,"href":"https:\/\/www.europesays.com\/fr\/wp-json\/wp\/v2\/users\/2"}],"replies":[{"embeddable":true,"href":"https:\/\/www.europesays.com\/fr\/wp-json\/wp\/v2\/comments?post=686811"}],"version-history":[{"count":0,"href":"https:\/\/www.europesays.com\/fr\/wp-json\/wp\/v2\/posts\/686811\/revisions"}],"wp:featuredmedia":[{"embeddable":true,"href":"https:\/\/www.europesays.com\/fr\/wp-json\/wp\/v2\/media\/686812"}],"wp:attachment":[{"href":"https:\/\/www.europesays.com\/fr\/wp-json\/wp\/v2\/media?parent=686811"}],"wp:term":[{"taxonomy":"category","embeddable":true,"href":"https:\/\/www.europesays.com\/fr\/wp-json\/wp\/v2\/categories?post=686811"},{"taxonomy":"post_tag","embeddable":true,"href":"https:\/\/www.europesays.com\/fr\/wp-json\/wp\/v2\/tags?post=686811"}],"curies":[{"name":"wp","href":"https:\/\/api.w.org\/{rel}","templated":true}]}}