{"id":686870,"date":"2026-01-24T21:23:27","date_gmt":"2026-01-24T21:23:27","guid":{"rendered":"https:\/\/www.europesays.com\/fr\/686870\/"},"modified":"2026-01-24T21:23:27","modified_gmt":"2026-01-24T21:23:27","slug":"a-strasbourg-une-eglise-regale-pour-la-st-valentin","status":"publish","type":"post","link":"https:\/\/www.europesays.com\/fr\/686870\/","title":{"rendered":"\u00e0 Strasbourg, une \u00e9glise r\u00e9gale pour la St-Valentin"},"content":{"rendered":"<p>    <img loading=\"lazy\" width=\"1800\" height=\"900\" src=\"https:\/\/www.europesays.com\/fr\/wp-content\/uploads\/2025\/11\/jeanne-callthepolice.jpg\" class=\"attachment-full size-full\" alt=\"\" id=\"imageLove\" decoding=\"async\"  \/><\/p>\n<p id=\"breadcrumbs\"><a href=\"https:\/\/pokaa.fr\/\" target=\"_blank\" rel=\"noopener\">Accueil<\/a> \/ <a href=\"https:\/\/pokaa.fr\/categories\/ses-sorties\/\" target=\"_blank\" rel=\"noopener\">Sorties<\/a> \/ Banquets d\u2019exception avec op\u00e9ra : \u00e0 Strasbourg, une \u00e9glise r\u00e9gale pour la St-Valentin<\/p>\n<p>                    Sorties<\/p>\n<p><strong>Envie de sortir le grand jeu pour la Saint-Valentin ? Si vous \u00eates fan d\u2019op\u00e9ra et que vous voulez en profiter dans un contexte insolite, on a le bon plan pour vous : l\u2019association Passions Crois\u00e9es organise un banquet, pour profiter d\u2019une repr\u00e9sentation de Didon et En\u00e9e de Purcell en savourant des merveilles gustatives sign\u00e9es La Casserole. On vous d\u00e9taille le programme.<\/strong><\/p>\n<p><strong>Menu en 5 temps, repr\u00e9sentation de Didon et En\u00e9e de Purcell avec un orchestre baroque professionnel, le tout au c\u0153ur d\u2019une \u00e9glise<\/strong> dans un d\u00e9cor hors du temps\u2026 C\u2019est <strong>le programme de Saint-Valentin que propose Passions Crois\u00e9es, au c\u0153ur de l\u2019\u00e9glise Saint-Guillaume.<\/strong><\/p>\n<p>Pour la troisi\u00e8me \u00e9dition de l\u2019\u00e9v\u00e9nement, <strong>petite nouveaut\u00e9 : vous pouvez choisir de profiter du banquet lyrique en soir\u00e9e, ou pour le d\u00e9jeuner !<\/strong> On vous donne les d\u00e9tails de cette journ\u00e9e en deux actes, qui promet d\u2019\u00eatre inoubliable.<\/p>\n<p>                <img width=\"454\" height=\"500\" src=\"https:\/\/www.europesays.com\/fr\/wp-content\/uploads\/2025\/11\/diner-lyrique-passions-croisees-3-454x500.png\" class=\"attachment-gallery size-gallery\" alt=\"D\u00eener lyrique passions crois\u00e9es (3)\" data-full-url=\"https:\/\/pokaa.fr\/wp-content\/uploads\/2025\/01\/14\/diner-lyrique-passions-croisees-3.png\" decoding=\"async\" loading=\"lazy\"  \/>            <\/p>\n<p>                <img width=\"756\" height=\"500\" src=\"https:\/\/www.europesays.com\/fr\/wp-content\/uploads\/2025\/11\/diner-lyrique-passions-croisees-2-756x500.png\" class=\"attachment-gallery size-gallery\" alt=\"D\u00eener lyrique passions crois\u00e9es (2)\" data-full-url=\"https:\/\/pokaa.fr\/wp-content\/uploads\/2025\/01\/14\/diner-lyrique-passions-croisees-2.png\" decoding=\"async\" loading=\"lazy\"  \/>            <\/p>\n<p>                    \u00a9 Antonin Schnurr \/ Documents remis<\/p>\n<p>Faire valser les papilles en musique<\/p>\n<p><strong>D\u00e9jeuner ou d\u00eener\u00a0: pour savourer le banquet et profiter de la production lyrique Didon et En\u00e9e, deux cr\u00e9neaux s\u2019offrent \u00e0 vous le 14 f\u00e9vrier. <\/strong>Une nouveaut\u00e9 qui a de quoi ravir tous les emplois du temps.<\/p>\n<p>Au menu de cette journ\u00e9e, <strong>un banquet en 5 temps, con\u00e7u par K\u00e9vin Stroh, le chef de La Casserole.<\/strong> Le midi comme le soir, il sera possible de savourer des amuse-bouche en sirotant un verre <strong>de champagne Mo\u00ebt-Chandon ou Veuve-Clicquot\u2026 <\/strong>Avant de d\u00e9guster <strong>de la langoustine, de l\u2019\u0153uf de poule truff\u00e9, du filet de maigre et des mignardises, le tout en accord mets et vins d\u2019exception. <\/strong><\/p>\n<p>                <img width=\"750\" height=\"500\" src=\"https:\/\/www.europesays.com\/fr\/wp-content\/uploads\/2025\/11\/la-casserole-3-750x500.jpg\" class=\"attachment-gallery size-gallery\" alt=\"La casserole (3)\" data-full-url=\"https:\/\/pokaa.fr\/wp-content\/uploads\/2025\/11\/05\/la-casserole-3.jpg\" decoding=\"async\" loading=\"lazy\"  \/>            <\/p>\n<p>                <img width=\"334\" height=\"500\" src=\"https:\/\/www.europesays.com\/fr\/wp-content\/uploads\/2025\/11\/la-casserole-334x500.jpg\" class=\"attachment-gallery size-gallery\" alt=\"La casserole\" data-full-url=\"https:\/\/pokaa.fr\/wp-content\/uploads\/2025\/11\/05\/la-casserole.jpg\" decoding=\"async\" loading=\"lazy\"  \/>            <\/p>\n<p>                <img width=\"900\" height=\"340\" src=\"https:\/\/www.europesays.com\/fr\/wp-content\/uploads\/2025\/11\/la-casserole-2.jpg\" class=\"attachment-gallery size-gallery\" alt=\"La casserole (2)\" data-full-url=\"https:\/\/www.europesays.com\/fr\/wp-content\/uploads\/2025\/11\/la-casserole-2.jpg\" decoding=\"async\" loading=\"lazy\"  \/>            <\/p>\n<p>                <img width=\"500\" height=\"500\" src=\"https:\/\/www.europesays.com\/fr\/wp-content\/uploads\/2026\/01\/la-casserole-1.jpg\" class=\"attachment-gallery size-gallery\" alt=\"la-casserole\" data-full-url=\"https:\/\/www.europesays.com\/fr\/wp-content\/uploads\/2026\/01\/la-casserole-1.jpg\" decoding=\"async\" loading=\"lazy\"  \/>            <\/p>\n<p>                    Des plats propos\u00e9s \u00e0 La Casserole en 2025. \u00a9 La Casserole \/ Documents remis<\/p>\n<p>Pour en profiter, il faut compter <strong>104,90\u20ac par personne (boissons incluses), en plus d\u2019un don de 95\u20ac<\/strong>, r\u00e9investi dans les travaux de restauration et de valorisation de la paroisse. Il est possible de r\u00e9server des tables pour 2 \u00e0 8 personnes, et d\u2019adapter le menu aux diff\u00e9rents r\u00e9gimes alimentaires sur demande.<\/p>\n<p><strong>La billetterie pour <a href=\"https:\/\/www.passions-croisees.com\/concert\/banquets-de-noel-le-lac-des-cygnes-copy-copy-2-copy-3\/\" target=\"_blank\" rel=\"noopener\">le d\u00e9jeuner est disponible ici<\/a>, et <a href=\"https:\/\/www.passions-croisees.com\/concert\/banquets-de-noel-le-lac-des-cygnes-copy-copy-2\/\" target=\"_blank\" rel=\"noopener\">juste l\u00e0 pour le d\u00eener<\/a> !\u00a0<\/strong><\/p>\n<p>    <img width=\"800\" height=\"525\" src=\"https:\/\/www.europesays.com\/fr\/wp-content\/uploads\/2026\/01\/capture-decran-2026-01-22-142500-800x525.png\" class=\"attachment-image-size-L size-image-size-L\" alt=\"D\u00eener lyrique Saint valentin passions crois\u00e9es guillaume\" decoding=\"async\" loading=\"lazy\"  \/>         \u00a9 Passions Crois\u00e9es \/ Documents remis <\/p>\n<p>\u00ab\u00a0Didon et En\u00e9e \u00bb, la production lyrique de l\u2019ann\u00e9e 2026 <\/p>\n<p><strong>Didon et En\u00e9e<\/strong>, deux noms mythiques\u00a0: la premi\u00e8re, c\u2019est la reine de Carthage. Le second, c\u2019est un h\u00e9ros troyen en fuite, apr\u00e8s la destruction de sa ville. <strong>Tous deux tombent amoureux,<\/strong> mais sorci\u00e8re et esprit sont bien d\u00e9cid\u00e9(e)s \u00e0 saboter leur idylle. Ils parviennent \u00e0 pousser En\u00e9e en direction de la mer, afin de partir fonder Rome. D\u00e9sesp\u00e9r\u00e9e, Didon se donne la mort en maudissant son amant.<\/p>\n<p>Pour interpr\u00e9ter cette histoire passionn\u00e9e, on retrouvera <strong>des solistes de l\u2019Op\u00e9ra de Paris, dont Margarita Polonskaya<\/strong> dans le r\u00f4le de la reine, ainsi que <strong>Yiorgo Ioannou<\/strong> dans le r\u00f4le de son amant. Les artistes seront accompagn\u00e9(e)s de <strong>l\u2019orchestre baroque Les Ornements,<\/strong> le tout avec costumes et d\u00e9cors con\u00e7us pour l\u2019occasion.<\/p>\n<p>                <img width=\"331\" height=\"500\" src=\"https:\/\/www.europesays.com\/fr\/wp-content\/uploads\/2026\/01\/polonskaya-331x500.jpeg\" class=\"attachment-gallery size-gallery\" alt=\"Margarita polonskaya\" data-full-url=\"https:\/\/pokaa.fr\/wp-content\/uploads\/2026\/01\/22\/polonskaya.jpeg\" decoding=\"async\" loading=\"lazy\"  \/>            <\/p>\n<p>                <img width=\"500\" height=\"500\" src=\"https:\/\/www.europesays.com\/fr\/wp-content\/uploads\/2026\/01\/yiorgo-500x500.jpg\" class=\"attachment-gallery size-gallery\" alt=\"yiorgo Ioannou\" data-full-url=\"https:\/\/pokaa.fr\/wp-content\/uploads\/2026\/01\/22\/yiorgo.jpg\" decoding=\"async\" loading=\"lazy\"  \/>            <\/p>\n<p>                    Margarita Polonskaya et Yiorgo Ioannou. \u00a9 Site web de Passions Crois\u00e9es \/ Captures d&rsquo;\u00e9cran<\/p>\n<p>Si vous souhaitez profiter de l\u2019op\u00e9ra uniquement, une date a \u00e9t\u00e9 pens\u00e9e expr\u00e8s. <strong>Le 12 f\u00e9vrier \u00e0 20h, vous pouvez profiter d\u2019une repr\u00e9sentation sc\u00e9nique seule,<\/strong> au prix de 20\u20ac par personne (gratuit pour les membres). <strong>Pour faire vos r\u00e9servations, c\u2019est <a href=\"https:\/\/www.passions-croisees.com\/programmation\/\" target=\"_blank\" rel=\"noopener\">par ici.<\/a><\/strong><\/p>\n<p>De quoi satisfaire toutes les envies,<strong> pour savourer cette histoire d\u2019amour l\u00e9gendaire.<\/strong><\/p>\n<p>    <img width=\"800\" height=\"533\" src=\"https:\/\/www.europesays.com\/fr\/wp-content\/uploads\/2026\/01\/25-saint-valentin-4-2048x1365-1-800x533.jpg\" class=\"attachment-image-size-L size-image-size-L\" alt=\"D\u00eener lyrique saint valentin passions crois\u00e9e saint guillaume Didon et \u00e9n\u00e9e\" decoding=\"async\" loading=\"lazy\"  \/>         \u00a9 Passions Crois\u00e9es \/ Document remis <\/p>\n<p>            D\u00e9jeuner et D\u00eener lyrique de la Saint-Valentin<\/p>\n<p>            Quoi ? <\/p>\n<p>Op\u00e9ra Didon et En\u00e9e (Purcell) avec repas en 5 temps<\/p>\n<p>                Quand ?<\/p>\n<p>Le 14 f\u00e9vrier, de 12h \u00e0 16h pour le d\u00e9jeuner et de 19h \u00e0 23h pour le d\u00eener<\/p>\n<p>            o\u00f9 ?<\/p>\n<p>\u00c9glise Saint-Guillaume, 1 rue Munch, \u00e0 Strasbourg<\/p>\n<p>                Plus d&rsquo;infos ?<\/p>\n<p><a href=\"https:\/\/www.passions-croisees.com\/concert\/banquets-de-noel-le-lac-des-cygnes-copy-copy-2-copy-3\/\" target=\"_blank\" rel=\"noopener\">Le d\u00e9jeuner lyrique\u00a0<\/a><br \/><a href=\"https:\/\/www.passions-croisees.com\/concert\/banquets-de-noel-le-lac-des-cygnes-copy-copy-2\/\" target=\"_blank\" rel=\"noopener\">Le d\u00eener lyrique\u00a0<\/a><br \/><a href=\"https:\/\/www.passions-croisees.com\/programmation\/\" target=\"_blank\" rel=\"noopener\">La programmation et la billetterie<\/a><\/p>\n","protected":false},"excerpt":{"rendered":"Accueil \/ Sorties \/ Banquets d\u2019exception avec op\u00e9ra : \u00e0 Strasbourg, une \u00e9glise r\u00e9gale pour la St-Valentin Sorties&hellip;\n","protected":false},"author":2,"featured_media":686871,"comment_status":"","ping_status":"","sticky":false,"template":"","format":"standard","meta":{"footnotes":""},"categories":[2820],"tags":[1111,11,78341,1777,674,1011,27,775,12,65895,20789,3907,25,20790,72878,640],"class_list":{"0":"post-686870","1":"post","2":"type-post","3":"status-publish","4":"format-standard","5":"has-post-thumbnail","7":"category-strasbourg","8":"tag-actu","9":"tag-actualites","10":"tag-diner-lyrique","11":"tag-eu","12":"tag-europe","13":"tag-fr","14":"tag-france","15":"tag-grand-est","16":"tag-news","17":"tag-ou-manger","18":"tag-passions-croisees","19":"tag-que-faire","20":"tag-republique-francaise","21":"tag-saint-guillaume","22":"tag-saint-valentin","23":"tag-strasbourg"},"share_on_mastodon":{"url":"https:\/\/pubeurope.com\/@fr\/115952184234088987","error":""},"_links":{"self":[{"href":"https:\/\/www.europesays.com\/fr\/wp-json\/wp\/v2\/posts\/686870","targetHints":{"allow":["GET"]}}],"collection":[{"href":"https:\/\/www.europesays.com\/fr\/wp-json\/wp\/v2\/posts"}],"about":[{"href":"https:\/\/www.europesays.com\/fr\/wp-json\/wp\/v2\/types\/post"}],"author":[{"embeddable":true,"href":"https:\/\/www.europesays.com\/fr\/wp-json\/wp\/v2\/users\/2"}],"replies":[{"embeddable":true,"href":"https:\/\/www.europesays.com\/fr\/wp-json\/wp\/v2\/comments?post=686870"}],"version-history":[{"count":0,"href":"https:\/\/www.europesays.com\/fr\/wp-json\/wp\/v2\/posts\/686870\/revisions"}],"wp:featuredmedia":[{"embeddable":true,"href":"https:\/\/www.europesays.com\/fr\/wp-json\/wp\/v2\/media\/686871"}],"wp:attachment":[{"href":"https:\/\/www.europesays.com\/fr\/wp-json\/wp\/v2\/media?parent=686870"}],"wp:term":[{"taxonomy":"category","embeddable":true,"href":"https:\/\/www.europesays.com\/fr\/wp-json\/wp\/v2\/categories?post=686870"},{"taxonomy":"post_tag","embeddable":true,"href":"https:\/\/www.europesays.com\/fr\/wp-json\/wp\/v2\/tags?post=686870"}],"curies":[{"name":"wp","href":"https:\/\/api.w.org\/{rel}","templated":true}]}}