{"id":686897,"date":"2026-01-24T21:40:31","date_gmt":"2026-01-24T21:40:31","guid":{"rendered":"https:\/\/www.europesays.com\/fr\/686897\/"},"modified":"2026-01-24T21:40:31","modified_gmt":"2026-01-24T21:40:31","slug":"ile-de-france-plus-que-quelques-jours-pour-participer-aux-journees-europeennes-des-metiers-dart","status":"publish","type":"post","link":"https:\/\/www.europesays.com\/fr\/686897\/","title":{"rendered":"\u00cele-de-France\u00a0: plus que quelques jours pour participer aux Journ\u00e9es europ\u00e9ennes des m\u00e9tiers d&rsquo;art"},"content":{"rendered":"\n<p style=\"margin-bottom: 0cm;\">Cet \u00e9v\u00e9nement se tiendra du 7 au 12 avril 2026 sous le th\u00e8me \u00ab C\u0153urs \u00e0 l\u2019ouvrage \u00bb. Une \u00e9dition centr\u00e9e sur l\u2019engagement, la transmission et l\u2019excellence des savoir-faire artisanaux. La Chambre des m\u00e9tiers et de l&rsquo;artisanat invite artisans d\u2019art, entreprises et lieux culturels \u00e0 rejoindre cette manifestation port\u00e9e par l\u2019Institut pour les Savoir-Faire Fran\u00e7ais. L\u2019objectif est de valoriser les m\u00e9tiers, rencontrer le grand public et promouvoir le patrimoine vivant sur les territoires. Les inscriptions se termineront le 31 janvier au soir. Rendez-vous sur <a href=\"https:\/\/www.cma-idf.fr\/actualites-evenements\/jema-2026-ouverture-des-candidatures\" rel=\"noopener\" target=\"_blank\">www.cma-idf.fr<\/a>. <\/p>\n<p style=\"margin-bottom: 0cm;\">\u00a0<\/p>\n<p style=\"margin-bottom: 0cm;\">\u00a0<\/p>\n<p lang=\"fr-FR\" style=\"margin-bottom: 0cm;\">Nicolas Chacun <\/p>\n<p>!function(f,b,e,v,n,t,s){if(f.fbq)return;n=f.fbq=function(){n.callMethod?<br \/>\nn.callMethod.apply(n,arguments):n.queue.push(arguments)};if(!f._fbq)f._fbq=n;<br \/>\nn.push=n;n.loaded=!0;n.version=&rsquo;2.0&prime;;n.queue=[];t=b.createElement(e);t.async=!0;<br \/>\nt.src=v;s=b.getElementsByTagName(e)[0];s.parentNode.insertBefore(t,s)}(window,<br \/>\ndocument,&rsquo;script&rsquo;,&rsquo;https:\/\/connect.facebook.net\/en_US\/fbevents.js&rsquo;);<br \/>\nfbq(&lsquo;init&rsquo;, &lsquo;278974969201861&rsquo;); \/\/ Insert your pixel ID here.<br \/>\nfbq(&lsquo;track&rsquo;, &lsquo;PageView&rsquo;);<\/p>\n","protected":false},"excerpt":{"rendered":"Cet \u00e9v\u00e9nement se tiendra du 7 au 12 avril 2026 sous le th\u00e8me \u00ab C\u0153urs \u00e0 l\u2019ouvrage \u00bb.&hellip;\n","protected":false},"author":2,"featured_media":668016,"comment_status":"","ping_status":"","sticky":false,"template":"","format":"standard","meta":{"footnotes":""},"categories":[1592],"tags":[1111,11,1933,1936,1777,1939,674,1011,27,662,1934,12,1940,626,1935,25,1937,1941,1938],"class_list":{"0":"post-686897","1":"post","2":"type-post","3":"status-publish","4":"format-standard","5":"has-post-thumbnail","7":"category-ile-de-france","8":"tag-actu","9":"tag-actualites","10":"tag-actualites-locales","11":"tag-essonne","12":"tag-eu","13":"tag-eure-et-loir","14":"tag-europe","15":"tag-fr","16":"tag-france","17":"tag-ile-de-france","18":"tag-infos-locales","19":"tag-news","20":"tag-oise","21":"tag-paris","22":"tag-pres-de-chez-vous","23":"tag-republique-francaise","24":"tag-seine-et-marne","25":"tag-somme","26":"tag-yvelines"},"share_on_mastodon":{"url":"https:\/\/pubeurope.com\/@fr\/115952249955705990","error":""},"_links":{"self":[{"href":"https:\/\/www.europesays.com\/fr\/wp-json\/wp\/v2\/posts\/686897","targetHints":{"allow":["GET"]}}],"collection":[{"href":"https:\/\/www.europesays.com\/fr\/wp-json\/wp\/v2\/posts"}],"about":[{"href":"https:\/\/www.europesays.com\/fr\/wp-json\/wp\/v2\/types\/post"}],"author":[{"embeddable":true,"href":"https:\/\/www.europesays.com\/fr\/wp-json\/wp\/v2\/users\/2"}],"replies":[{"embeddable":true,"href":"https:\/\/www.europesays.com\/fr\/wp-json\/wp\/v2\/comments?post=686897"}],"version-history":[{"count":0,"href":"https:\/\/www.europesays.com\/fr\/wp-json\/wp\/v2\/posts\/686897\/revisions"}],"wp:featuredmedia":[{"embeddable":true,"href":"https:\/\/www.europesays.com\/fr\/wp-json\/wp\/v2\/media\/668016"}],"wp:attachment":[{"href":"https:\/\/www.europesays.com\/fr\/wp-json\/wp\/v2\/media?parent=686897"}],"wp:term":[{"taxonomy":"category","embeddable":true,"href":"https:\/\/www.europesays.com\/fr\/wp-json\/wp\/v2\/categories?post=686897"},{"taxonomy":"post_tag","embeddable":true,"href":"https:\/\/www.europesays.com\/fr\/wp-json\/wp\/v2\/tags?post=686897"}],"curies":[{"name":"wp","href":"https:\/\/api.w.org\/{rel}","templated":true}]}}