{"id":686898,"date":"2026-01-24T21:41:12","date_gmt":"2026-01-24T21:41:12","guid":{"rendered":"https:\/\/www.europesays.com\/fr\/686898\/"},"modified":"2026-01-24T21:41:12","modified_gmt":"2026-01-24T21:41:12","slug":"des-milliers-de-personnes-manifestent-a-paris-en-soutien-aux-kurdes-de-syrie","status":"publish","type":"post","link":"https:\/\/www.europesays.com\/fr\/686898\/","title":{"rendered":"Des milliers de personnes manifestent \u00e0 Paris en soutien aux Kurdes de Syrie"},"content":{"rendered":"<p>\n    Cette nouvelle manifestation intervient au moment o\u00f9 la communaut\u00e9 kurde en Syrie, qui dispose de sa propre administration, est engag\u00e9e dans des tensions avec le pouvoir de Damas.<\/p>\n<p class=\"fig-paragraph\">Des milliers de personnes ont manifest\u00e9 samedi \u00e0 Paris pour d\u00e9fendre\u00a0<a href=\"http:\/\/www.lefigaro.fr\/vox\/monde\/abandon-des-kurdes-en-syrie-n-y-aurait-il-plus-en-nous-francais-une-seule-once-de-lucidite-et-d-honneur-20260121\" data-fig-type=\"Article\" data-gtm-custom-categorie=\"navigation\" data-gtm-custom-action=\"crossclick\" data-gtm-custom-label=\"Contextuel\" data-gtm-event=\"customEventSPE\" data-fig-domain=\"LEFIGARO\" target=\"_blank\" rel=\"noopener\">le peuple kurde de Syrie<\/a>\u00a0et appeler la France \u00e0 renforcer son soutien dans le nord-est syrien, ont constat\u00e9 des journalistes de l&rsquo;AFP. Selon la pr\u00e9fecture de police de Paris, 7500 personnes ont pris part \u00e0 la manifestation. Il y a \u00e9galement eu une interpellation pour jets de projectiles et deux manifestants bless\u00e9s l\u00e9g\u00e8rement, a assur\u00e9 une source polici\u00e8re \u00e0 l&rsquo;AFP.<\/p>\n<p class=\"fig-paragraph\">Partis de la place de la R\u00e9publique, les manifestants ont rejoint en milieu d&rsquo;apr\u00e8s-midi la place de la Bastille, scandant notamment \u00abLes Kurdes vaincront\u00bb ou encore \u00ab Koban\u00e9 ne tombera pas\u00a0\u00bb. De nombreuses pancartes portaient \u00e9galement l&rsquo;inscription \u00abDefend Rojava\u00bb (\u00abD\u00e9fendre le Rojava\u00bb en fran\u00e7ais), du nom de ce territoire semi-autonome kurde th\u00e9\u00e2tre de l&rsquo;offensive de l&rsquo;arm\u00e9e syrienne soutenue par le gouvernement turc.<\/p>\n<p>                                            <a class=\"fig-a11y-skip\" href=\"#fig-a11y-skip-main-inarticle\" data-module=\"a11y-skip\" data-context=\"was @visible\"><br \/>\n    Passer la publicit\u00e9<br \/>\n<\/a>            <\/p>\n<p class=\"fig-paragraph\">Cette nouvelle manifestation intervient au moment o\u00f9\u00a0<a href=\"http:\/\/www.lefigaro.fr\/international\/nous-ne-lachons-pas-les-kurdes-en-syrie-assure-le-porte-parole-du-quai-d-orsay-20260122\" data-fig-type=\"NewsFlash\" data-gtm-custom-categorie=\"navigation\" data-gtm-custom-action=\"crossclick\" data-gtm-custom-label=\"Contextuel\" data-gtm-event=\"customEventSPE\" data-fig-domain=\"LEFIGARO\" target=\"_blank\" rel=\"noopener\">la communaut\u00e9 kurde en Syrie<\/a>, qui dispose de sa propre administration, est engag\u00e9e dans des tensions avec le pouvoir de Damas, d\u00e9termin\u00e9 \u00e0 \u00e9tendre son autorit\u00e9 sur l&rsquo;ensemble du pays morcel\u00e9 par la guerre.<\/p>\n<p class=\"fig-body-link\">\n            \u00c0 lire aussi<br \/>\n        <a class=\"fig-body-link__link fig-premium-mark\" href=\"http:\/\/www.lefigaro.fr\/international\/syrie-comment-ahmed-al-charaa-a-defait-les-kurdes-grace-au-lachage-americain-20260120\" data-fig-type=\"Article\" data-gtm-custom-categorie=\"navigation\" data-gtm-custom-action=\"crossclick\" data-gtm-custom-label=\"Contextuel\" data-gtm-event=\"customEventSPE\" data-fig-domain=\"LEFIGARO\" target=\"_blank\" rel=\"noopener\"><\/p>\n<p>        Syrie\u00a0: comment Ahmed al-Charaa a d\u00e9fait les Kurdes gr\u00e2ce au l\u00e2chage am\u00e9ricain<br \/>\n    <\/a>\n<\/p>\n<p class=\"fig-paragraph\">Dans le cort\u00e8ge qui a d\u00e9fil\u00e9 dans le calme, Demet Sahin, 28 ans, dit se sentir \u00abt\u00e9tanis\u00e9e pour l&rsquo;avenir des Kurdes\u00bb dans la zone. \u00abAujourd&rsquo;hui, il y a un consensus sur le fait de les aider, mais en r\u00e9alit\u00e9, il n&rsquo;y a rien\u00bb, d\u00e9nonce \u00e0 l&rsquo;AFP cette avocate, dont la famille est originaire du Kurdistan turc. La France a pourtant martel\u00e9 jeudi qu&rsquo;elle n&rsquo;abandonnait pas les Kurdes, qui ont jou\u00e9 un r\u00f4le cl\u00e9 pour combattre le groupe \u00c9tat islamique (EI). Des d\u00e9clarations qui peinent toutefois \u00e0 convaincre les manifestants.<\/p>\n<p>                                            Davantage de soutien de la France<\/p>\n<p class=\"fig-paragraph\">\u00abOn a un sentiment d&rsquo;impuissance face au silence g\u00e9n\u00e9ral, face (au sentiment de) trahison que l&rsquo;on ressent aujourd&rsquo;hui profond\u00e9ment\u00bb, d\u00e9plore Laurine, 20 ans, une autre manifestante franco-kurde qui n&rsquo;a pas souhait\u00e9 donner son nom de famille. \u00abOn veut juste de la justice, notre libert\u00e9 et nos droits l\u00e9gitimes en tant que peuple\u00bb, dit encore la jeune femme, le visage entour\u00e9 d&rsquo;un drapeau jaune-rouge-vert aux couleurs du Rojava.<\/p>\n<p class=\"fig-paragraph\">Mahir, qui a souhait\u00e9 garder l&rsquo;anonymat, demande lui aussi davantage de soutien de la France: \u00abOn ne comprend pas pourquoi aujourd&rsquo;hui Emmanuel Macron prend la d\u00e9fense des jihadistes. Ce sont des int\u00e9r\u00eats g\u00e9opolitiques, on suppose, mais c&rsquo;est une haute trahison pour nous\u00bb. Plus t\u00f4t cette semaine, 24 personnes ont \u00e9t\u00e9 interpell\u00e9es en France et 21 policiers bless\u00e9s apr\u00e8s des incidents en marge de rassemblements similaires.<\/p>\n<p class=\"fig-paragraph\">\u00c0 Marseille,\u00a0<a href=\"http:\/\/www.lefigaro.fr\/marseille\/marseille-une-manifestation-kurde-interdite-apres-les-violences-de-jeudi-20260123\" data-fig-type=\"NewsFlash\" data-gtm-custom-categorie=\"navigation\" data-gtm-custom-action=\"crossclick\" data-gtm-custom-label=\"Contextuel\" data-gtm-event=\"customEventSPE\" data-fig-domain=\"LEFIGARO\" target=\"_blank\" rel=\"noopener\">les autorit\u00e9s ont interdit une nouvelle manifestation<\/a>\u00a0pr\u00e9vue samedi, apr\u00e8s plusieurs mobilisations similaires \u00e9maill\u00e9es selon elles de \u00abtroubles \u00e0 l&rsquo;ordre public\u00bb. La communaut\u00e9 kurde de France compte entre 320 000 et 400 000 personnes, la deuxi\u00e8me d&rsquo;Europe apr\u00e8s l&rsquo;Allemagne, selon une estimation de l&rsquo;Institut kurde de Paris, la plus ancienne institution kurde d&rsquo;Europe.<\/p>\n","protected":false},"excerpt":{"rendered":"Cette nouvelle manifestation intervient au moment o\u00f9 la communaut\u00e9 kurde en Syrie, qui dispose de sa propre administration,&hellip;\n","protected":false},"author":2,"featured_media":686899,"comment_status":"","ping_status":"","sticky":false,"template":"","format":"standard","meta":{"footnotes":""},"categories":[1888],"tags":[1111,1928,11,1927,1777,674,1011,27,38913,12,1926,626,1925,25,32],"class_list":{"0":"post-686898","1":"post","2":"type-post","3":"status-publish","4":"format-standard","5":"has-post-thumbnail","7":"category-paris","8":"tag-actu","9":"tag-actu-paris","10":"tag-actualites","11":"tag-actualites-paris","12":"tag-eu","13":"tag-europe","14":"tag-fr","15":"tag-france","16":"tag-kurdes","17":"tag-news","18":"tag-news-paris","19":"tag-paris","20":"tag-paris-news","21":"tag-republique-francaise","22":"tag-syrie"},"share_on_mastodon":{"url":"https:\/\/pubeurope.com\/@fr\/115952253935726906","error":""},"_links":{"self":[{"href":"https:\/\/www.europesays.com\/fr\/wp-json\/wp\/v2\/posts\/686898","targetHints":{"allow":["GET"]}}],"collection":[{"href":"https:\/\/www.europesays.com\/fr\/wp-json\/wp\/v2\/posts"}],"about":[{"href":"https:\/\/www.europesays.com\/fr\/wp-json\/wp\/v2\/types\/post"}],"author":[{"embeddable":true,"href":"https:\/\/www.europesays.com\/fr\/wp-json\/wp\/v2\/users\/2"}],"replies":[{"embeddable":true,"href":"https:\/\/www.europesays.com\/fr\/wp-json\/wp\/v2\/comments?post=686898"}],"version-history":[{"count":0,"href":"https:\/\/www.europesays.com\/fr\/wp-json\/wp\/v2\/posts\/686898\/revisions"}],"wp:featuredmedia":[{"embeddable":true,"href":"https:\/\/www.europesays.com\/fr\/wp-json\/wp\/v2\/media\/686899"}],"wp:attachment":[{"href":"https:\/\/www.europesays.com\/fr\/wp-json\/wp\/v2\/media?parent=686898"}],"wp:term":[{"taxonomy":"category","embeddable":true,"href":"https:\/\/www.europesays.com\/fr\/wp-json\/wp\/v2\/categories?post=686898"},{"taxonomy":"post_tag","embeddable":true,"href":"https:\/\/www.europesays.com\/fr\/wp-json\/wp\/v2\/tags?post=686898"}],"curies":[{"name":"wp","href":"https:\/\/api.w.org\/{rel}","templated":true}]}}