{"id":686900,"date":"2026-01-24T21:42:16","date_gmt":"2026-01-24T21:42:16","guid":{"rendered":"https:\/\/www.europesays.com\/fr\/686900\/"},"modified":"2026-01-24T21:42:16","modified_gmt":"2026-01-24T21:42:16","slug":"neuf-essais-jalibert-magique-la-mauvaise-semaine-de-penaud-les-tops-et-les-flops","status":"publish","type":"post","link":"https:\/\/www.europesays.com\/fr\/686900\/","title":{"rendered":"Neuf essais, Jalibert magique, la mauvaise semaine de Penaud&#8230; Les tops et les flops"},"content":{"rendered":"<p>\n    <strong>D\u00c9CRYPTAGE &#8211;<\/strong> Apr\u00e8s la victoire du Stade Fran\u00e7ais contre l\u2019Union Bordeaux B\u00e8gles (28-33), dans l\u2019un des chocs de cette 15e journ\u00e9e de Top 14, d\u00e9couvrez ce qui a retenu l\u2019attention de la r\u00e9daction du Figaro.<\/p>\n<p class=\"fig-paragraph\">TOPS<\/p>\n<p>                                            Un choc qui a tenu toutes ses promesses<\/p>\n<p class=\"fig-paragraph\">Dans une\u00a0<a href=\"https:\/\/www.lefigaro.fr\/sports\/rugby\/top-14\/calendrier-resultats\" target=\"_blank\" rel=\"sponsored noopener\" data-gtm-custom-categorie=\"navigation\" data-gtm-custom-action=\"crossclick\" data-gtm-custom-label=\"Contextuel\" data-gtm-event=\"customEventSPE\">15e journ\u00e9e de Top 14<\/a>\u00a0au programme extr\u00eamement all\u00e9chant, avec uniquement des affiches qui opposent deux adversaires qui se suivent au\u00a0<a href=\"https:\/\/www.lefigaro.fr\/sports\/rugby\/top-14\/classement\" target=\"_blank\" rel=\"sponsored noopener\" data-gtm-custom-categorie=\"navigation\" data-gtm-custom-action=\"crossclick\" data-gtm-custom-label=\"Contextuel\" data-gtm-event=\"customEventSPE\">classement<\/a>, la premi\u00e8re rencontre du week-end voyait s\u2019affronter deux \u00e9quipes en lutte pour le podium et \u00e0 \u00e9galit\u00e9 de points au coup d\u2019envoi (39). \u00c0 Chaban Delmas, le Stade Fran\u00e7ais Paris devait d\u00e9fendre sa 3e place contre son poursuivant direct, l\u2019Union Bordeaux B\u00e8gles. Un contexte id\u00e9al pour un match passionnant, et les joueurs n\u2019ont pas d\u00e9\u00e7u, avec une\u00a0<a href=\"http:\/\/www.lefigaro.fr\/sports\/rugby\/top-14\/top-14-exploit-du-stade-francais-sur-la-pelouse-de-l-ubb-20260124\" target=\"_blank\" data-fig-type=\"NewsFlash\" rel=\"noopener\" data-gtm-custom-categorie=\"navigation\" data-gtm-custom-action=\"crossclick\" data-gtm-custom-label=\"Contextuel\" data-gtm-event=\"customEventSPE\" data-fig-domain=\"LEFIGARO\">victoire prolifique du Stade Fran\u00e7ais<\/a>\u00a0(28-33). Neuf essais ont \u00e9t\u00e9 inscrits dans cette partie incroyable d\u2019un bout \u00e0 l\u2019autre, avec des magnifiques actions, des beaux exploits individuels, du suspense, des retournements de situation&#8230; Un spectacle grandiose et un choc qui a tenu toutes ses promesses.<\/p>\n<p>                                            <a class=\"fig-a11y-skip\" href=\"#fig-a11y-skip-main-inarticle\" data-module=\"a11y-skip\" data-context=\"was @visible\"><br \/>\n    Passer la publicit\u00e9<br \/>\n<\/a>            <\/p>\n<p>                                            Le mental des Parisiens<\/p>\n<p class=\"fig-paragraph\">Il y avait beaucoup \u00e0 perdre pour les joueurs du Stade Fran\u00e7ais sur ce match. Mais ils n\u2019ont pas eu peur du contexte. Les Parisiens ont d\u2019abord r\u00e9alis\u00e9 une entame de match exceptionnelle, avec deux essais inscrits dans les 10 premi\u00e8res minutes. Ils ont ensuite fait ce qu\u2019ils ont pu lorsqu\u2019ils \u00e9taient en inf\u00e9riorit\u00e9 num\u00e9rique suite au carton jaune de Louis Carbonel, et ont repris l\u2019avantage en fin de premi\u00e8re mi-temps. Enfin, malgr\u00e9 la domination bordelaise en deuxi\u00e8me p\u00e9riode, ils ont su marquer l\u2019essai d\u00e9cisif sur leur premi\u00e8re occasion, avant de r\u00e9sister aux assauts girondins dans le dernier quart d\u2019heure. Avec un tel mental, les Parisiens peuvent viser loin cette saison.<\/p>\n<p class=\"fig-body-link\">\n            \u00c0 lire aussi<br \/>\n        <a class=\"fig-body-link__link\" href=\"http:\/\/www.lefigaro.fr\/sports\/rugby\/top-14\/top-14-la-geniale-inspiration-au-pied-de-matthieu-jalibert-offrant-le-troisieme-essai-a-l-ubb-20260124\" data-fig-type=\"NewsFlash\" data-gtm-custom-categorie=\"navigation\" data-gtm-custom-action=\"crossclick\" data-gtm-custom-label=\"Contextuel\" data-gtm-event=\"customEventSPE\" data-fig-domain=\"LEFIGARO\" target=\"_blank\" rel=\"noopener\"><\/p>\n<p>        Top 14\u00a0: la g\u00e9niale inspiration au pied de Matthieu Jalibert offrant le troisi\u00e8me essai \u00e0 l\u2019UBB<br \/>\n    <\/a>\n<\/p>\n<p>                                            La magie Jalibert<\/p>\n<p class=\"fig-paragraph\">Amen\u00e9 \u00e0 probablement d\u00e9marrer\u00a0<a href=\"http:\/\/www.lefigaro.fr\/sports\/rugby\/xv-de-france\/xv-de-france-penaud-et-fickou-trop-temeraires-l-effronte-alldritt-quand-fabien-galthie-fait-le-menage-20260121\" data-fig-type=\"NewsFlash\" data-gtm-custom-categorie=\"navigation\" data-gtm-custom-action=\"crossclick\" data-gtm-custom-label=\"Contextuel\" data-gtm-event=\"customEventSPE\" data-fig-domain=\"LEFIGARO\" target=\"_blank\" rel=\"noopener\">le tournoi des Six Nations dans la peau d\u2019un titulaire avec le XV de France<\/a>, dans deux semaines, le demi d\u2019ouverture de Bordeaux a montr\u00e9 pourquoi il est un joueur \u00e0 part. Le joueur de 27 ans a \u00e9clabouss\u00e9 cette partie de son talent. Matthieu Jalibert a \u00e9t\u00e9 le distributeur officiel de caviar sur cette partie, que ce soit \u00e0 la main ou au pied. Il s\u2019est \u00e9galement montr\u00e9 efficace, puisqu\u2019il a inscrit pr\u00e8s de la moiti\u00e9 des points de son \u00e9quipe (13\/28), avec un essai inscrit et un sans-faute sur ses coups de pied (4\/4). Sa prestation n\u2019a pas suffi, mais \u00e0 deux semaines du d\u00e9but du Tournoi, il d\u00e9montre qu\u2019il est en pleine confiance.<\/p>\n<p class=\"fig-paragraph\">FLOPS<\/p>\n<p>                                            La d\u00e9fense de Bordeaux<\/p>\n<p class=\"fig-paragraph\">Si le match a \u00e9t\u00e9 aussi spectaculaire, c\u2019est aussi (et surtout) \u00e0 cause de la fragilit\u00e9 de la d\u00e9fense de l\u2019UBB, o\u00f9 seule la m\u00eal\u00e9e a fonctionn\u00e9 aujourd\u2019hui. Car dans le jeu, ce fut beaucoup plus compliqu\u00e9. D\u00e8s le d\u00e9but du match, les champions d\u2019Europe en titre ont fait peu preuve d\u2019une grande f\u00e9brilit\u00e9. Ils ont laiss\u00e9 \u00e9norm\u00e9ment d\u2019espaces dans leur dos et les Parisiens ont su en profiter gr\u00e2ce \u00e0 un jeu au pied efficace, notamment en premi\u00e8re p\u00e9riode. La vitesse des ailiers parisiens (Dakuwaka et Marchant) a \u00e9galement fait mal aux Bordelais, qui n\u2019ont pas pu compter sur\u00a0<a href=\"http:\/\/www.lefigaro.fr\/sports\/rugby\/top-14\/top-14-l-ubb-sans-bielle-biarrey-mais-avec-jalibert-pour-defier-le-stade-francais-20260123\" target=\"_blank\" data-fig-type=\"NewsFlash\" rel=\"noopener\" data-gtm-custom-categorie=\"navigation\" data-gtm-custom-action=\"crossclick\" data-gtm-custom-label=\"Contextuel\" data-gtm-event=\"customEventSPE\" data-fig-domain=\"LEFIGARO\">Louis Bielle-Biarrey<\/a>. Une absence qui a compt\u00e9 pour prot\u00e9ger les ailes de Bordeaux, qui ont beaucoup souffert. \u00c0 l\u2019image de toute la d\u00e9fense.<\/p>\n<p>                                            Penaud, sale semaine<\/p>\n<p class=\"fig-paragraph\">Sale temps pour le recordman d\u2019essais en \u00c9quipe de France. Il y a d\u2019abord eu cette mauvaise surprise en milieu de semaine, avec son\u00a0<a href=\"http:\/\/www.lefigaro.fr\/sports\/rugby\/xv-de-france\/xv-de-france-damian-penaud-absent-de-la-liste-de-fabien-galthie-pour-preparer-le-tournoi-des-six-nations-20260120\" target=\"_blank\" data-fig-type=\"NewsFlash\" rel=\"noopener\" data-gtm-custom-categorie=\"navigation\" data-gtm-custom-action=\"crossclick\" data-gtm-custom-label=\"Contextuel\" data-gtm-event=\"customEventSPE\" data-fig-domain=\"LEFIGARO\">absence de la liste de Fabien Galthi\u00e9<\/a>\u00a0pour pr\u00e9parer le Tournoi des Six Nations. Et il y a eu ce samedi apr\u00e8s-midi tr\u00e8s difficile contre le Stade Fran\u00e7ais. Car au-del\u00e0 de la d\u00e9faite collective, la prestation individuelle de Damian Penaud n\u2019a pas \u00e9t\u00e9 rassurante. L\u2019ailier bordelais n\u2019a pas tout rat\u00e9 &#8211; notamment dans les airs, pourtant son point faible -, mais il a beaucoup subi en d\u00e9fense, comme ses co\u00e9quipiers. Mais c\u2019est surtout en attaque qu\u2019il a \u00e9t\u00e9 tr\u00e8s timide, avec tr\u00e8s peu de diff\u00e9rences. En l\u2019absence de son comp\u00e8re Louis Bielle-Biarrey, l\u2019UBB comptait sur lui. Mais ce n\u2019\u00e9tait pas son jour&#8230; Pas sa semaine non plus.<\/p>\n","protected":false},"excerpt":{"rendered":"D\u00c9CRYPTAGE &#8211; Apr\u00e8s la victoire du Stade Fran\u00e7ais contre l\u2019Union Bordeaux B\u00e8gles (28-33), dans l\u2019un des chocs de&hellip;\n","protected":false},"author":2,"featured_media":686901,"comment_status":"","ping_status":"","sticky":false,"template":"","format":"standard","meta":{"footnotes":""},"categories":[1888],"tags":[1111,1928,11,1927,1777,674,1011,27,12,1926,626,1925,25,2558,478,4364],"class_list":{"0":"post-686900","1":"post","2":"type-post","3":"status-publish","4":"format-standard","5":"has-post-thumbnail","7":"category-paris","8":"tag-actu","9":"tag-actu-paris","10":"tag-actualites","11":"tag-actualites-paris","12":"tag-eu","13":"tag-europe","14":"tag-fr","15":"tag-france","16":"tag-news","17":"tag-news-paris","18":"tag-paris","19":"tag-paris-news","20":"tag-republique-francaise","21":"tag-stade-francais","22":"tag-top-14","23":"tag-ubb"},"share_on_mastodon":{"url":"https:\/\/pubeurope.com\/@fr\/115952257888105295","error":""},"_links":{"self":[{"href":"https:\/\/www.europesays.com\/fr\/wp-json\/wp\/v2\/posts\/686900","targetHints":{"allow":["GET"]}}],"collection":[{"href":"https:\/\/www.europesays.com\/fr\/wp-json\/wp\/v2\/posts"}],"about":[{"href":"https:\/\/www.europesays.com\/fr\/wp-json\/wp\/v2\/types\/post"}],"author":[{"embeddable":true,"href":"https:\/\/www.europesays.com\/fr\/wp-json\/wp\/v2\/users\/2"}],"replies":[{"embeddable":true,"href":"https:\/\/www.europesays.com\/fr\/wp-json\/wp\/v2\/comments?post=686900"}],"version-history":[{"count":0,"href":"https:\/\/www.europesays.com\/fr\/wp-json\/wp\/v2\/posts\/686900\/revisions"}],"wp:featuredmedia":[{"embeddable":true,"href":"https:\/\/www.europesays.com\/fr\/wp-json\/wp\/v2\/media\/686901"}],"wp:attachment":[{"href":"https:\/\/www.europesays.com\/fr\/wp-json\/wp\/v2\/media?parent=686900"}],"wp:term":[{"taxonomy":"category","embeddable":true,"href":"https:\/\/www.europesays.com\/fr\/wp-json\/wp\/v2\/categories?post=686900"},{"taxonomy":"post_tag","embeddable":true,"href":"https:\/\/www.europesays.com\/fr\/wp-json\/wp\/v2\/tags?post=686900"}],"curies":[{"name":"wp","href":"https:\/\/api.w.org\/{rel}","templated":true}]}}