{"id":686904,"date":"2026-01-24T21:44:18","date_gmt":"2026-01-24T21:44:18","guid":{"rendered":"https:\/\/www.europesays.com\/fr\/686904\/"},"modified":"2026-01-24T21:44:18","modified_gmt":"2026-01-24T21:44:18","slug":"paris-des-milliers-de-personnes-manifestent-en-soutien-aux-kurdes-de-syrie-2","status":"publish","type":"post","link":"https:\/\/www.europesays.com\/fr\/686904\/","title":{"rendered":"Paris. Des milliers de personnes manifestent en soutien aux Kurdes de Syrie"},"content":{"rendered":"<p>Des milliers de personnes ont manifest\u00e9 ce samedi \u00e0 Paris pour d\u00e9fendre le peuple kurde de Syrie et appeler la France \u00e0 renforcer son soutien dans le nord-est syrien.\u00a0<\/p>\n<p>\u00ab\u00a0La situation des Kurdes est particuli\u00e8rement pr\u00e9occupante par les risques imm\u00e9diats de massacres de civils, d\u2019\u00e9puration politique et ethnique et destruction m\u00e9thodique des acquis sociaux et d\u00e9mocratiques construits au Rojava\u00a0\u00bb, a d\u00e9clar\u00e9 la pr\u00e9sidente de l\u2019association France-Kurdistan Roseline Beriwan Kisa, ce samedi \u00e0 Paris, devant de nombreux manifestants venus apporter leur soutien aux Kurdes. Selon la pr\u00e9fecture de police de Paris, 7 500 personnes ont pris part \u00e0 la manifestation. La figure de la lutte pour la d\u00e9fense des Kurdes a d\u00e9nonc\u00e9 la passivit\u00e9 de la communaut\u00e9 internationale \u00ab\u00a0autorisant de facto le massacre des Kurdes\u00a0\u00bb.<\/p>\n<p>Partis de la place de la R\u00e9publique, les manifestants ont rejoint en milieu d&rsquo;apr\u00e8s-midi la place de la Bastille, scandant notamment \u00ab Les Kurdes vaincront \u00bb ou encore \u00ab Koban\u00e9 ne tombera pas \u00bb. De nombreuses pancartes portaient \u00e9galement l&rsquo;inscription \u00ab Defend Rojava \u00bb (\u00ab D\u00e9fendre le Rojava \u00bb en fran\u00e7ais), du nom de ce territoire semi-autonome kurde th\u00e9\u00e2tre de l&rsquo;offensive de l&rsquo;arm\u00e9e syrienne soutenue par le gouvernement turc.<\/p>\n<p>  Damas \u00e0 l&rsquo;offensive<\/p>\n<p>Cette nouvelle manifestation intervient au moment o\u00f9 la communaut\u00e9 kurde en Syrie, qui dispose de sa propre administration, est engag\u00e9e dans des tensions avec le pouvoir de Damas, d\u00e9termin\u00e9 \u00e0 \u00e9tendre son autorit\u00e9 sur l&rsquo;ensemble du pays morcel\u00e9 par la guerre. Ce samedi soir, le pouvoir de Damas a fait savoir que\u00a0le cessez-le-feu avec les forces kurdes \u00e9tait prolong\u00e9 de 15 jours.\u00a0<\/p>\n<p>Dans le cort\u00e8ge qui a d\u00e9fil\u00e9 dans le calme, Demet Sahin, 28 ans, dit se sentir \u00ab t\u00e9tanis\u00e9e pour l&rsquo;avenir des Kurdes \u00bb dans la zone. \u00ab Aujourd&rsquo;hui, il y a un consensus sur le fait de les aider, mais en r\u00e9alit\u00e9, il n&rsquo;y a rien \u00bb, d\u00e9nonce cette avocate, dont la famille est originaire du Kurdistan turc.<\/p>\n<p>  \u00ab\u00a0Sentiment d&rsquo;impuissance\u00a0\u00bb<\/p>\n<p>La France a pourtant martel\u00e9 jeudi qu&rsquo;elle n&rsquo;abandonnait pas les Kurdes, qui ont jou\u00e9 un r\u00f4le cl\u00e9 pour combattre Daech. Des d\u00e9clarations qui peinent toutefois \u00e0 convaincre les manifestants. \u00ab On a un sentiment d&rsquo;impuissance face au silence g\u00e9n\u00e9ral, face (au sentiment de) trahison que l&rsquo;on ressent aujourd&rsquo;hui profond\u00e9ment \u00bb, d\u00e9plore Laurine, 20 ans, une autre manifestante franco-kurde qui n&rsquo;a pas souhait\u00e9 donner son nom de famille. \u00ab On veut juste de la justice, notre libert\u00e9 et nos droits l\u00e9gitimes en tant que peuple \u00bb, dit encore la jeune femme, le visage entour\u00e9 d&rsquo;un drapeau jaune-rouge-vert aux couleurs du Rojava.<\/p>\n<p>Mahir, qui a souhait\u00e9 garder l&rsquo;anonymat, demande lui aussi davantage de soutien de la France: \u00ab On ne comprend pas pourquoi aujourd&rsquo;hui <a href=\"https:\/\/www.ledauphine.com\/p\/emmanuel-macron\" target=\"_blank\" rel=\"noopener\">Emmanuel Macron<\/a> prend la d\u00e9fense des jihadistes. Ce sont des int\u00e9r\u00eats g\u00e9opolitiques, on suppose, mais c&rsquo;est une haute trahison pour nous \u00bb.<\/p>\n<p>Plus t\u00f4t cette semaine, 24 personnes ont \u00e9t\u00e9 interpell\u00e9es en France et 21 policiers bless\u00e9s apr\u00e8s des incidents en marge de rassemblements similaires. A Marseille, les autorit\u00e9s ont interdit une nouvelle manifestation pr\u00e9vue samedi, apr\u00e8s plusieurs mobilisations similaires \u00e9maill\u00e9es selon elles de \u00ab troubles \u00e0 l&rsquo;ordre public \u00bb.\u00a0La communaut\u00e9 kurde de France compte entre 320 000 et 400 000 personnes, la deuxi\u00e8me d&rsquo;Europe apr\u00e8s l&rsquo;Allemagne, selon une estimation de l&rsquo;Institut kurde de Paris, la plus ancienne institution kurde d&rsquo;Europe.<\/p>\n","protected":false},"excerpt":{"rendered":"Des milliers de personnes ont manifest\u00e9 ce samedi \u00e0 Paris pour d\u00e9fendre le peuple kurde de Syrie et&hellip;\n","protected":false},"author":2,"featured_media":686791,"comment_status":"","ping_status":"","sticky":false,"template":"","format":"standard","meta":{"footnotes":""},"categories":[1888],"tags":[11,3206,1777,674,107,1011,27,329,12,626,25],"class_list":{"0":"post-686904","1":"post","2":"type-post","3":"status-publish","4":"format-standard","5":"has-post-thumbnail","7":"category-paris","8":"tag-actualites","9":"tag-defense-guerre-conflit","10":"tag-eu","11":"tag-europe","12":"tag-fil-info","13":"tag-fr","14":"tag-france","15":"tag-france-monde","16":"tag-news","17":"tag-paris","18":"tag-republique-francaise"},"share_on_mastodon":{"url":"https:\/\/pubeurope.com\/@fr\/115952265680027721","error":""},"_links":{"self":[{"href":"https:\/\/www.europesays.com\/fr\/wp-json\/wp\/v2\/posts\/686904","targetHints":{"allow":["GET"]}}],"collection":[{"href":"https:\/\/www.europesays.com\/fr\/wp-json\/wp\/v2\/posts"}],"about":[{"href":"https:\/\/www.europesays.com\/fr\/wp-json\/wp\/v2\/types\/post"}],"author":[{"embeddable":true,"href":"https:\/\/www.europesays.com\/fr\/wp-json\/wp\/v2\/users\/2"}],"replies":[{"embeddable":true,"href":"https:\/\/www.europesays.com\/fr\/wp-json\/wp\/v2\/comments?post=686904"}],"version-history":[{"count":0,"href":"https:\/\/www.europesays.com\/fr\/wp-json\/wp\/v2\/posts\/686904\/revisions"}],"wp:featuredmedia":[{"embeddable":true,"href":"https:\/\/www.europesays.com\/fr\/wp-json\/wp\/v2\/media\/686791"}],"wp:attachment":[{"href":"https:\/\/www.europesays.com\/fr\/wp-json\/wp\/v2\/media?parent=686904"}],"wp:term":[{"taxonomy":"category","embeddable":true,"href":"https:\/\/www.europesays.com\/fr\/wp-json\/wp\/v2\/categories?post=686904"},{"taxonomy":"post_tag","embeddable":true,"href":"https:\/\/www.europesays.com\/fr\/wp-json\/wp\/v2\/tags?post=686904"}],"curies":[{"name":"wp","href":"https:\/\/api.w.org\/{rel}","templated":true}]}}