{"id":686905,"date":"2026-01-24T21:45:24","date_gmt":"2026-01-24T21:45:24","guid":{"rendered":"https:\/\/www.europesays.com\/fr\/686905\/"},"modified":"2026-01-24T21:45:24","modified_gmt":"2026-01-24T21:45:24","slug":"poursuite-dimanche-des-negociations-entre-la-russie-et-lukraine-a-abou-dhabi-responsable-americain-24-01-2026-a-1916","status":"publish","type":"post","link":"https:\/\/www.europesays.com\/fr\/686905\/","title":{"rendered":"Poursuite dimanche des n\u00e9gociations entre la Russie et l&rsquo;Ukraine \u00e0 Abou Dhabi- responsable am\u00e9ricain &#8211; 24\/01\/2026 \u00e0 19:16"},"content":{"rendered":"<p>\n Le prochain cycle de<br \/>\nn\u00e9gociations entre l&rsquo;Ukraine et la Russie, sous l&rsquo;\u00e9gide des<br \/>\nEtats-Unis, aura lieu dimanche \u00e0 Abou Dhabi, aux Emirats arabes<br \/>\nunis, a d\u00e9clar\u00e9 samedi un responsable am\u00e9ricain, saluant les<br \/>\nprogr\u00e8s r\u00e9alis\u00e9s apr\u00e8s deux journ\u00e9es de discussions, m\u00eame si<br \/>\nelles se sont achev\u00e9es samedi sans accord.\n<\/p>\n<p>\n \u00ab\u00a0Nous avons constat\u00e9 un grand respect entre les parties<br \/>\nparce qu&rsquo;elles cherchaient vraiment \u00e0 trouver des solutions\u00a0\u00bb, a<br \/>\nd\u00e9clar\u00e9 ce responsable \u00e0 la presse, sous couvert d&rsquo;anonymat.\n<\/p>\n<p>\n \u00ab\u00a0Nous sommes entr\u00e9s dans les moindres d\u00e9tails et dimanche<br \/>\nprochain sera, si Dieu le veut, une nouvelle r\u00e9union au cours de<br \/>\nlaquelle nous ferons avancer cet accord vers son aboutissement<br \/>\nfinal\u00a0\u00bb.\n<\/p>\n<p>\n Les n\u00e9gociations \u00e0 Abou Dhabi portent notamment sur<br \/>\nd&rsquo;\u00e9ventuelles concessions territoriales de la part de Kyiv \u00e0<br \/>\nMoscou pour mettre un terme \u00e0 un conflit qui dure depuis pr\u00e8s de<br \/>\nquatre ans.\n<\/p>\n<p>\n (Reportage Phil Stewart, Steve Holland et Gram Slattery;<br \/>\nversion fran\u00e7aise Claude Chendjou)<\/p>\n","protected":false},"excerpt":{"rendered":"Le prochain cycle de n\u00e9gociations entre l&rsquo;Ukraine et la Russie, sous l&rsquo;\u00e9gide des Etats-Unis, aura lieu dimanche \u00e0&hellip;\n","protected":false},"author":2,"featured_media":17400,"comment_status":"","ping_status":"","sticky":false,"template":"","format":"standard","meta":{"footnotes":""},"categories":[1591],"tags":[400,11,398,408,405,1887,403,402,399,404,12,1885,1886,132,401,406,407],"class_list":{"0":"post-686905","1":"post","2":"type-post","3":"status-publish","4":"format-standard","5":"has-post-thumbnail","7":"category-russie","8":"tag-action-cac-40","9":"tag-actualites","10":"tag-bourse-de-paris","11":"tag-boursorama","12":"tag-cotations","13":"tag-federation-de-russie","14":"tag-indices-devises","15":"tag-investir","16":"tag-investissement","17":"tag-marche-boursier","18":"tag-news","19":"tag-russia","20":"tag-russian-federation","21":"tag-russie","22":"tag-sicav","23":"tag-trackers","24":"tag-warrants"},"share_on_mastodon":{"url":"https:\/\/pubeurope.com\/@fr\/115952269635707015","error":""},"_links":{"self":[{"href":"https:\/\/www.europesays.com\/fr\/wp-json\/wp\/v2\/posts\/686905","targetHints":{"allow":["GET"]}}],"collection":[{"href":"https:\/\/www.europesays.com\/fr\/wp-json\/wp\/v2\/posts"}],"about":[{"href":"https:\/\/www.europesays.com\/fr\/wp-json\/wp\/v2\/types\/post"}],"author":[{"embeddable":true,"href":"https:\/\/www.europesays.com\/fr\/wp-json\/wp\/v2\/users\/2"}],"replies":[{"embeddable":true,"href":"https:\/\/www.europesays.com\/fr\/wp-json\/wp\/v2\/comments?post=686905"}],"version-history":[{"count":0,"href":"https:\/\/www.europesays.com\/fr\/wp-json\/wp\/v2\/posts\/686905\/revisions"}],"wp:featuredmedia":[{"embeddable":true,"href":"https:\/\/www.europesays.com\/fr\/wp-json\/wp\/v2\/media\/17400"}],"wp:attachment":[{"href":"https:\/\/www.europesays.com\/fr\/wp-json\/wp\/v2\/media?parent=686905"}],"wp:term":[{"taxonomy":"category","embeddable":true,"href":"https:\/\/www.europesays.com\/fr\/wp-json\/wp\/v2\/categories?post=686905"},{"taxonomy":"post_tag","embeddable":true,"href":"https:\/\/www.europesays.com\/fr\/wp-json\/wp\/v2\/tags?post=686905"}],"curies":[{"name":"wp","href":"https:\/\/api.w.org\/{rel}","templated":true}]}}