{"id":68691,"date":"2025-05-02T06:39:20","date_gmt":"2025-05-02T06:39:20","guid":{"rendered":"https:\/\/www.europesays.com\/fr\/68691\/"},"modified":"2025-05-02T06:39:20","modified_gmt":"2025-05-02T06:39:20","slug":"programme-lille-om-le-grand-prix-de-miami-les-cinq-evenements-sportifs-a-ne-pas-manquer-ce-week-end","status":"publish","type":"post","link":"https:\/\/www.europesays.com\/fr\/68691\/","title":{"rendered":"Programme. Lille-OM, le Grand Prix de Miami&#8230; les cinq \u00e9v\u00e9nements sportifs \u00e0 ne pas manquer ce week-end"},"content":{"rendered":"<p>  Football\u00a0: Lille &#8211; Marseille, 32e journ\u00e9e de Ligue 1<\/p>\n<p>Les Lillois et les Marseillais\u00a0pourraient faire un grand pas vers le top 3 directement qualificatif pour la Ligue des champions en cas de victoire dimanche (20h45). Surtout Marseille (2e, 58 points), qui a repris du poil de la b\u00eate dimanche dernier <a href=\"https:\/\/www.ledauphine.com\/sport\/2025\/04\/27\/ligue-1-avec-un-triple-de-gouiri-l-om-reprend-la-deuxieme-place\" target=\"_blank\" rel=\"nofollow noopener\">en \u00e9trillant Brest (4-1)<\/a>. L&rsquo;OM vise la deuxi\u00e8me place &#8211; <a href=\"https:\/\/www.ledauphine.com\/sport\/2025\/04\/05\/ligue-1-vainqueur-d-angers-le-paris-saint-germain-est-champion-de-france\" target=\"_blank\" rel=\"nofollow noopener\">derri\u00e8re le PSG d\u00e9j\u00e0 champion<\/a> &#8211; qui lui semblait promise \u00e0 la mi-saison, avant une p\u00e9riode de doute qui a pouss\u00e9 les dirigeants \u00e0 d\u00e9cider d&rsquo;une mise au vert pr\u00e8s de Rome.<\/p>\n<p>Lille (3e, 56 points), qui avait perdu gros contre un concurrent direct, Lyon (2-1), il y a quatre journ\u00e9es, va aussi un peu mieux apr\u00e8s trois victoires contre Toulouse,\u00a0<a href=\"https:\/\/www.ledauphine.com\/sport\/2025\/04\/20\/ligue-1-lille-se-rapproche-du-podium-apres-sa-victoire-face-a-auxerre\" target=\"_blank\" rel=\"nofollow noopener\">Auxerre<\/a>\u00a0et Angers.\u00a0Pour les Lillois, le match contre l&rsquo;OM devrait \u00eatre autrement plus tendu&#8230;<\/p>\n<p>Dimanche 4 mai (20h45), DAZN<\/p>\n<p>Ce contenu est bloqu\u00e9 car vous n&rsquo;avez pas accept\u00e9 les cookies et autres traceurs.<\/p>\n<p>En cliquant sur \u00ab J\u2019accepte \u00bb, les cookies et autres traceurs seront d\u00e9pos\u00e9s et vous pourrez visualiser les contenus  (<a href=\"\" class=\"consentModule_policy\" target=\"_blank\" title=\"Consulter la politique de protection des donn\u00e9es du fournisseur\">plus d&rsquo;informations<\/a>).<\/p>\n<p>En cliquant sur \u00ab J\u2019accepte tous les cookies \u00bb, vous autorisez des d\u00e9p\u00f4ts de cookies et autres traceurs pour le stockage de vos donn\u00e9es sur nos sites et applications \u00e0 des fins de personnalisation et de ciblage publicitaire.<\/p>\n<p class=\"consentModule_secondaryText\">Vous gardez la possibilit\u00e9 de retirer votre consentement \u00e0 tout moment en consultant notre <a href=\"https:\/\/www.ledauphine.com\/protection-des-donnees\" target=\"_blank\" title=\"Consulter notre politique de protection des donn\u00e9es\" rel=\"nofollow noopener\">politique de protection des donn\u00e9es<\/a>. <br \/>&#13;<br \/>\n            <a href=\"https:\/\/www.ledauphine.com\/sport\/2025\/05\/02\/javascript:Didomi.notice.show()\" class=\"consentModule_cmp\" rel=\"nofollow noopener\" target=\"_blank\">G\u00e9rer mes choix<\/a>&#13;\n        <\/p>\n<p>&#13;<br \/>\n                        J&rsquo;accepte&#13;<br \/>\n            J&rsquo;accepte tous les cookies&#13;\n        <\/p>\n<p>  Football : PSG &#8211; Paris FC, finale de la Coupe de France f\u00e9minine<\/p>\n<p>Duel parisien en finale de la Coupe de France f\u00e9minine. Le Paris Saint-Germain et le Paris FC s&rsquo;affrontent samedi apr\u00e8s-midi (15h) au\u00a0stade de l&rsquo;\u00c9pop\u00e9e \u00e0 Calais.<\/p>\n<p>Les joueuses du Paris FC, qui ont remport\u00e9 <a href=\"https:\/\/www.ledauphine.com\/sport\/2025\/04\/29\/emotions-recompenses-annonce-les-temps-forts-de-la-ceremonie-des-trophees-lffp\" target=\"_blank\" rel=\"nofollow noopener\">plusieurs prix lors de la c\u00e9r\u00e9monie des troph\u00e9es LFFP<\/a> lundi dernier, \u00e0 l&rsquo;image de Clara Mateo \u00e9lue meilleure joueuse d&rsquo;Arkema Premi\u00e8re Ligue, vont tenter de battre le PSG pour la premi\u00e8re fois de la saison. Les deux pr\u00e9c\u00e9dentes confrontations se sont sold\u00e9es par deux matches nuls.<\/p>\n<p>De leur c\u00f4t\u00e9, les joueuses du PSG vont tout faire pour conserver leur titre, <a href=\"https:\/\/www.ledauphine.com\/sport\/2024\/05\/04\/coupe-de-france-feminine-le-psg-sacre-pour-la-quatrieme-fois\" target=\"_blank\" rel=\"nofollow noopener\">qu&rsquo;elles ont acquis contre Fleury<\/a>\u00a0l&rsquo;ann\u00e9e derni\u00e8re\u00a0gr\u00e2ce \u00e0 la N\u00e9erlandaise Lieke Martens (1-0).<\/p>\n<p>Samedi 3 mai (15h), France 3 et BeIN Sports 1<\/p>\n<p>Ce contenu est bloqu\u00e9 car vous n&rsquo;avez pas accept\u00e9 les cookies et autres traceurs.<\/p>\n<p>En cliquant sur \u00ab J\u2019accepte \u00bb, les cookies et autres traceurs seront d\u00e9pos\u00e9s et vous pourrez visualiser les contenus  (<a href=\"\" class=\"consentModule_policy\" target=\"_blank\" title=\"Consulter la politique de protection des donn\u00e9es du fournisseur\">plus d&rsquo;informations<\/a>).<\/p>\n<p>En cliquant sur \u00ab J\u2019accepte tous les cookies \u00bb, vous autorisez des d\u00e9p\u00f4ts de cookies et autres traceurs pour le stockage de vos donn\u00e9es sur nos sites et applications \u00e0 des fins de personnalisation et de ciblage publicitaire.<\/p>\n<p class=\"consentModule_secondaryText\">Vous gardez la possibilit\u00e9 de retirer votre consentement \u00e0 tout moment en consultant notre <a href=\"https:\/\/www.ledauphine.com\/protection-des-donnees\" target=\"_blank\" title=\"Consulter notre politique de protection des donn\u00e9es\" rel=\"nofollow noopener\">politique de protection des donn\u00e9es<\/a>. <br \/>&#13;<br \/>\n            <a href=\"https:\/\/www.ledauphine.com\/sport\/2025\/05\/02\/javascript:Didomi.notice.show()\" class=\"consentModule_cmp\" rel=\"nofollow noopener\" target=\"_blank\">G\u00e9rer mes choix<\/a>&#13;\n        <\/p>\n<p>&#13;<br \/>\n                        J&rsquo;accepte&#13;<br \/>\n            J&rsquo;accepte tous les cookies&#13;\n        <\/p>\n<p>  Formule 1 : Grand Prix de Miami<\/p>\n<p class=\"\" data-start=\"146\" data-end=\"354\">Le Grand Prix de Miami (\u00c9tats-Unis), sixi\u00e8me manche du championnat du monde de Formule 1, d\u00e9bute vendredi. Ce week-end sera particuli\u00e8rement anim\u00e9 avec la tenue d\u2019une course sprint samedi.<\/p>\n<p class=\"\" data-start=\"356\" data-end=\"543\">Sur le circuit de Miami Gardens, l\u2019\u00e9curie McLaren, actuellement en t\u00eate du classement des constructeurs, tentera de confirmer sa domination face \u00e0 une concurrence toujours plus pressante.<\/p>\n<p class=\"\" data-start=\"545\" data-end=\"1110\">Parmi ses principaux rivaux figure <a href=\"https:\/\/www.ledauphine.com\/p\/max-verstappen\" target=\"_blank\" rel=\"nofollow noopener\">Max Verstappen<\/a>. Le quadruple champion du monde en titre et son \u00e9quipe Red Bull entendent bien r\u00e9agir. Vainqueur d\u2019un seul des cinq premiers Grands Prix de la saison &#8211; celui du Japon d\u00e9but avril -, le N\u00e9erlandais occupe la troisi\u00e8me place du championnat. Il accuse un retard de deux points sur le Britannique Lando Norris et de douze sur l\u2019Australien Oscar Piastri, les deux pilotes McLaren. Il esp\u00e8re profiter de cette \u00e9tape am\u00e9ricaine pour combler l\u2019\u00e9cart et ne pas se laisser distancer davantage dans la course au titre.<\/p>\n<p>Dimanche 4 mai (22h), Canal +<\/p>\n<p>Ce contenu est bloqu\u00e9 car vous n&rsquo;avez pas accept\u00e9 les cookies et autres traceurs.<\/p>\n<p>En cliquant sur \u00ab J\u2019accepte \u00bb, les cookies et autres traceurs seront d\u00e9pos\u00e9s et vous pourrez visualiser les contenus  (<a href=\"\" class=\"consentModule_policy\" target=\"_blank\" title=\"Consulter la politique de protection des donn\u00e9es du fournisseur\">plus d&rsquo;informations<\/a>).<\/p>\n<p>En cliquant sur \u00ab J\u2019accepte tous les cookies \u00bb, vous autorisez des d\u00e9p\u00f4ts de cookies et autres traceurs pour le stockage de vos donn\u00e9es sur nos sites et applications \u00e0 des fins de personnalisation et de ciblage publicitaire.<\/p>\n<p class=\"consentModule_secondaryText\">Vous gardez la possibilit\u00e9 de retirer votre consentement \u00e0 tout moment en consultant notre <a href=\"https:\/\/www.ledauphine.com\/protection-des-donnees\" target=\"_blank\" title=\"Consulter notre politique de protection des donn\u00e9es\" rel=\"nofollow noopener\">politique de protection des donn\u00e9es<\/a>. <br \/>&#13;<br \/>\n            <a href=\"https:\/\/www.ledauphine.com\/sport\/2025\/05\/02\/javascript:Didomi.notice.show()\" class=\"consentModule_cmp\" rel=\"nofollow noopener\" target=\"_blank\">G\u00e9rer mes choix<\/a>&#13;\n        <\/p>\n<p>&#13;<br \/>\n                        J&rsquo;accepte&#13;<br \/>\n            J&rsquo;accepte tous les cookies&#13;\n        <\/p>\n<p>  Rugby : Bordeaux-B\u00e8gles &#8211; Stade Toulousain, demi-finale de Champions Cup<\/p>\n<p>Il y aura un club fran\u00e7ais en finale de la Champions Cup. Mais lequel ? L&rsquo;Union Bordeaux-B\u00e8gles re\u00e7oit dimanche (16h), en demi-finale, le Stade Toulousain, champion d&rsquo;Europe en titre.<\/p>\n<p>Les co\u00e9quipiers du Toulousain <a href=\"https:\/\/www.ledauphine.com\/p\/romain-ntamack\" target=\"_blank\" rel=\"nofollow noopener\">Romain Ntamack<\/a> devront \u00eatre plus costauds que lors des deux derni\u00e8res fois o\u00f9 ils ont affront\u00e9 les Bordelais en Top 14 puisqu&rsquo;ils se sont \u00e0 chaque fois inclin\u00e9s (16-12 en septembre \u00e0 Ernest-Wallon puis 32-24 en mars \u00e0 Chaban-Delmas).<\/p>\n<p>Mais la t\u00e2che s&rsquo;annonce compliqu\u00e9e puisque que pour cette rencontre d\u00e9cisive, le Stade Toulousain devra\u00a0composer avec les absences du talonneur du XV de France Peato Mauvaka, dont la saison est termin\u00e9e en raison d&rsquo;une <a href=\"https:\/\/www.ledauphine.com\/sport\/2025\/04\/30\/blesse-a-un-genou-le-toulousain-peato-mauvaka-contraint-d-arreter-sa-saison\" target=\"_blank\" rel=\"nofollow noopener\">grave blessure \u00e0 un genou<\/a>, de l&rsquo;arri\u00e8re \u00e9cossais Blair Kinghorn, lui aussi touch\u00e9 \u00e0 un genou et de l&rsquo;arri\u00e8re fran\u00e7ais Thomas Ramos, bless\u00e9 \u00e0 un mollet.<\/p>\n<p>Dimanche 4 mai (16h), France 2 et BeIN Sports 2<\/p>\n<p>Ce contenu est bloqu\u00e9 car vous n&rsquo;avez pas accept\u00e9 les cookies et autres traceurs.<\/p>\n<p>En cliquant sur \u00ab J\u2019accepte \u00bb, les cookies et autres traceurs seront d\u00e9pos\u00e9s et vous pourrez visualiser les contenus  (<a href=\"\" class=\"consentModule_policy\" target=\"_blank\" title=\"Consulter la politique de protection des donn\u00e9es du fournisseur\">plus d&rsquo;informations<\/a>).<\/p>\n<p>En cliquant sur \u00ab J\u2019accepte tous les cookies \u00bb, vous autorisez des d\u00e9p\u00f4ts de cookies et autres traceurs pour le stockage de vos donn\u00e9es sur nos sites et applications \u00e0 des fins de personnalisation et de ciblage publicitaire.<\/p>\n<p class=\"consentModule_secondaryText\">Vous gardez la possibilit\u00e9 de retirer votre consentement \u00e0 tout moment en consultant notre <a href=\"https:\/\/www.ledauphine.com\/protection-des-donnees\" target=\"_blank\" title=\"Consulter notre politique de protection des donn\u00e9es\" rel=\"nofollow noopener\">politique de protection des donn\u00e9es<\/a>. <br \/>&#13;<br \/>\n            <a href=\"https:\/\/www.ledauphine.com\/sport\/2025\/05\/02\/javascript:Didomi.notice.show()\" class=\"consentModule_cmp\" rel=\"nofollow noopener\" target=\"_blank\">G\u00e9rer mes choix<\/a>&#13;\n        <\/p>\n<p>&#13;<br \/>\n                        J&rsquo;accepte&#13;<br \/>\n            J&rsquo;accepte tous les cookies&#13;\n        <\/p>\n<p>  Tennis : Gauff &#8211; Sabalenka, finale du Masters 1000 de Madrid<\/p>\n<p>L&rsquo;Am\u00e9ricaine Coco Gauff (4e) d\u00e9fiera dimanche la B\u00e9larusse Aryna Sabalenka (1re) en finale du Masters 1000 de Madrid. La premi\u00e8re a inflig\u00e9 jeudi apr\u00e8s-midi une claque \u00e0 la Polonaise Iga Swiatek (6-1, 6-1) tandis que la deuxi\u00e8me s&rsquo;est impos\u00e9e un peu plus difficilement dans la soir\u00e9e face \u00e0 l&rsquo;Ukrainienne Elina Svitolina (6-3, 7-5).<\/p>\n<p>Octuple laur\u00e9ate de WTA 1000, les tournois les plus importants apr\u00e8s les Grands Chelems, la B\u00e9larusse compte deux titres (2021 et 2023) et une finale (2024) \u00e0 Madrid.<\/p>\n<p>Samedi 3\u00a0mai (18h30), BeIN Sports 2<\/p>\n","protected":false},"excerpt":{"rendered":"Football\u00a0: Lille &#8211; Marseille, 32e journ\u00e9e de Ligue 1 Les Lillois et les Marseillais\u00a0pourraient faire un grand pas&hellip;\n","protected":false},"author":2,"featured_media":68692,"comment_status":"","ping_status":"","sticky":false,"template":"","format":"standard","meta":{"footnotes":""},"categories":[2815],"tags":[1111,11,1976,1777,674,274,107,63,1011,27,811,1307,12,25,479,517,1947,1467],"class_list":{"0":"post-68691","1":"post","2":"type-post","3":"status-publish","4":"format-standard","5":"has-post-thumbnail","7":"category-lille","8":"tag-actu","9":"tag-actualites","10":"tag-auto-moto","11":"tag-eu","12":"tag-europe","13":"tag-faits-divers-justice","14":"tag-fil-info","15":"tag-football","16":"tag-fr","17":"tag-france","18":"tag-hauts-de-france","19":"tag-lille","20":"tag-news","21":"tag-republique-francaise","22":"tag-rugby","23":"tag-sport","24":"tag-sport-national","25":"tag-tennis"},"share_on_mastodon":{"url":"https:\/\/pubeurope.com\/@fr\/114436870236972715","error":""},"_links":{"self":[{"href":"https:\/\/www.europesays.com\/fr\/wp-json\/wp\/v2\/posts\/68691","targetHints":{"allow":["GET"]}}],"collection":[{"href":"https:\/\/www.europesays.com\/fr\/wp-json\/wp\/v2\/posts"}],"about":[{"href":"https:\/\/www.europesays.com\/fr\/wp-json\/wp\/v2\/types\/post"}],"author":[{"embeddable":true,"href":"https:\/\/www.europesays.com\/fr\/wp-json\/wp\/v2\/users\/2"}],"replies":[{"embeddable":true,"href":"https:\/\/www.europesays.com\/fr\/wp-json\/wp\/v2\/comments?post=68691"}],"version-history":[{"count":0,"href":"https:\/\/www.europesays.com\/fr\/wp-json\/wp\/v2\/posts\/68691\/revisions"}],"wp:featuredmedia":[{"embeddable":true,"href":"https:\/\/www.europesays.com\/fr\/wp-json\/wp\/v2\/media\/68692"}],"wp:attachment":[{"href":"https:\/\/www.europesays.com\/fr\/wp-json\/wp\/v2\/media?parent=68691"}],"wp:term":[{"taxonomy":"category","embeddable":true,"href":"https:\/\/www.europesays.com\/fr\/wp-json\/wp\/v2\/categories?post=68691"},{"taxonomy":"post_tag","embeddable":true,"href":"https:\/\/www.europesays.com\/fr\/wp-json\/wp\/v2\/tags?post=68691"}],"curies":[{"name":"wp","href":"https:\/\/api.w.org\/{rel}","templated":true}]}}