{"id":686921,"date":"2026-01-24T21:54:13","date_gmt":"2026-01-24T21:54:13","guid":{"rendered":"https:\/\/www.europesays.com\/fr\/686921\/"},"modified":"2026-01-24T21:54:13","modified_gmt":"2026-01-24T21:54:13","slug":"municipales-2026-la-france-insoumise-devoile-son-programme-pour-besancon","status":"publish","type":"post","link":"https:\/\/www.europesays.com\/fr\/686921\/","title":{"rendered":"Municipales 2026 : La France Insoumise d\u00e9voile son programme pour Besan\u00e7on"},"content":{"rendered":"<p>La liste \u00ab\u00a0Faire mieux pour Besan\u00e7on\u00a0\u00bb (LFI) a d\u00e9voil\u00e9 son programme ce samedi 24 janvier pour la campagne des municipales de Besan\u00e7on. Plus de 200 mesures de politique sociale et \u00e9cologique, issues du programme national du parti et des pr\u00e9occupations locales recueillies aupr\u00e8s des Bisontins.<\/p>\n<p>La liste de gauche appel\u00e9e \u00ab\u00a0faire mieux pour Besan\u00e7on\u00a0\u00bb avec \u00e0 sa t\u00eate, Sandrine V\u00e9zi\u00e8s, <a target=\"_blank\" rel=\"nofollow noopener noreferrer\" class=\"IciLink ici-link IciArticleLink g-ici-body-regular-1 underline brand svelte-1chfe2s\" href=\"https:\/\/fairemieuxbesancon.fr\/programme\/\">a d\u00e9voil\u00e9 son programme pour les municipales 2026<\/a>\u00a0\u00e0 Besan\u00e7on. Il comporte environ 200 mesures, inspir\u00e9es du programme national de la France Insoumise mais aussi des pr\u00e9occupations locales recueillies aupr\u00e8s des Bisontins, <strong>via du porte \u00e0 porte et environ 1.000 questionnaires remplis.<\/strong><\/p>\n<p>La liste bisontine propose donc <strong>un programme de politiques sociales et \u00e9cologiques<\/strong>, dont le premier \u00ab\u00a0pilier\u00a0\u00bb est de \u00ab\u00a0revitaliser la d\u00e9mocratie\u00a0\u00bb. Avec la cr\u00e9ation \u00e0 Besan\u00e7on de 7 \u00ab\u00a0maisons du peuple et de l&rsquo;autonomie\u00a0\u00bb pens\u00e9es comme des espaces de d\u00e9bats, d&rsquo;acc\u00e8s au droits et de r\u00e9unions interg\u00e9n\u00e9rationnelles, ou encore avec l&rsquo;organisation de <strong>r\u00e9f\u00e9rendum d&rsquo;initiative citoyenne<\/strong> (RIC). \u00ab\u00a0L&rsquo;id\u00e9e, c&rsquo;est de leur permettre, si 10\u00a0% des Bisontins le souhaitent, d&rsquo;organiser un r\u00e9f\u00e9rendum sur une question. Ensuite, la ville s&rsquo;engage \u00e0 respecter le r\u00e9sultat de cette consultation\u00a0\u00bb expose S\u00e9verine V\u00e9zi\u00e8s.<\/p>\n<p>Transports en commun et cantine scolaire gratuits<\/p>\n<p>Le parti d\u00e9fend aussi <strong>la cr\u00e9ation d&rsquo;un parc naturel dans le quartier des Vaites<\/strong>, l&rsquo;instauration d&rsquo;un <strong>\u00ab\u00a0droit \u00e0 la mobilit\u00e9\u00a0\u00bb<\/strong> avec les transports en commun gratuits pour tous. Ou encore \u00ab\u00a0la cantine Bio gratuite pour tous les enfants, on a encore des enfants qui arrivent le ventre vide \u00e0 l&rsquo;\u00e9cole. C&rsquo;est un outil social, de sant\u00e9 publique, mais aussi de soutien \u00e0 l&rsquo;agriculture biologique locale\u00a0\u00bb souligne la t\u00eate de liste.<\/p>\n<p>Une politique sociale qui a un co\u00fbt, <strong>8 millions\u00a0d&rsquo;euros par an pour les transports gratuits<\/strong>, 2 millions d&rsquo;euros pour la cantine. Soutenable, selon Sylvie Foucher, coordinatrice du programme LFI \u00e0 Besan\u00e7on. Mais si les dotations de l&rsquo;Etat diminuent, des arbitrages seront \u00e0 pr\u00e9voir et restent encore \u00e0 d\u00e9finir.<\/p>\n<p>\u00ab\u00a0On ne va pas supprimer 2 millions comme \u00e7a paf \u00e0 tel endroit, \u00e7a ne serait pas tr\u00e8s raisonnable. Il faudra faire des \u00e9conomies ici ou l\u00e0, \u00e7a reste compl\u00e8tement \u00e0 \u00e9tudier\u00a0\u00bb explique Sylvie Foucher avant d&rsquo;ajouter\u00a0: \u00ab\u00a0<strong>on ne va pas augmenter la taxe fonci\u00e8re [&#8230;] et il\u00a0l n&rsquo;y aura pas non plus d&rsquo;augmentation des imp\u00f4ts<\/strong> de notre c\u00f4te parce que les gens sont d\u00e9j\u00e0 suffisamment difficult\u00e9*\u00a0\u00bb. La liste pr\u00e9voit par ailleurs\u00a0\u00a0<strong>70 millions\u00a0d&rsquo;euros d&rsquo;investissement<\/strong> pour la dur\u00e9e du mandat.<\/p>\n<p>Pas d&rsquo;armement l\u00e9tal de la police municipale pour LFI<\/p>\n<p><strong>Mais que propose la liste quant \u00e0 la s\u00e9curit\u00e9 \u00e0 Besan\u00e7on\u00a0?<\/strong> Face \u00e0 ses adversaires comme le candidat <strong>Eric Delabrousse<\/strong> (Horizon-Renaissance-Parti Radical) <strong>qui propose de doubler l&rsquo;effectif des policiers municipaux<\/strong>, ou <strong>Ludovic Fagaut<\/strong> (LR-Modem) qui souhaite atteindre l&rsquo;effectif de <strong>100 policiers municipaux arm\u00e9s<\/strong>, S\u00e9verine V\u00e9zi\u00e8s (LFI) se prononce contre l&rsquo;armement l\u00e9tal des policiers municipaux.<\/p>\n<p>\u00ab\u00a0Toutes celles et ceux qui disent qu&rsquo;avec leurs petits bras de maire, ils vont r\u00e9soudre la question du trafic de stup\u00e9fiants \u00e0 Besan\u00e7on, il faut dire que ces personnes leur mentent tout simplement parce que ce n&rsquo;est pas la comp\u00e9tence de la commune et que c&rsquo;est la comp\u00e9tence de la police nationale\u00a0\u00bb d\u00e9veloppe S\u00e9verine V\u00e9zi\u00e8s. \u00ab\u00a0Le r\u00f4le de la police municipale, c&rsquo;est un r\u00f4le de pr\u00e9vention, de maintien de la tranquillit\u00e9 publique. <strong>On refuse qu&rsquo;ils portent des armes l\u00e9tales puisqu&rsquo;on les met en danger<\/strong> potentiellement, ils ne sont pas form\u00e9s pour faire cela\u00a0\u00bb rench\u00e9rit la candidate.<\/p>\n<p>LFI envisage une police municipale de proximit\u00e9 \u00ab\u00a0qui cr\u00e9e des liens que les habitants\u00a0\u00bb accompagn\u00e9e\u00a0 notamment par des m\u00e9diateurs, des \u00e9ducateurs de rue. En compl\u00e9ment la liste propose <strong>la cr\u00e9ation d&rsquo;une halte soin addiction mobile<\/strong> \u00ab\u00a0afin d&rsquo;accompagner les personnes qui sont en proie \u00e0 une addiction et qui pourraient avoir des comportements \u00e0 risques\u00a0\u00bb.<\/p>\n","protected":false},"excerpt":{"rendered":"La liste \u00ab\u00a0Faire mieux pour Besan\u00e7on\u00a0\u00bb (LFI) a d\u00e9voil\u00e9 son programme ce samedi 24 janvier pour la campagne&hellip;\n","protected":false},"author":2,"featured_media":686922,"comment_status":"","ping_status":"","sticky":false,"template":"","format":"standard","meta":{"footnotes":""},"categories":[4],"tags":[11,1011,27,12,25],"class_list":{"0":"post-686921","1":"post","2":"type-post","3":"status-publish","4":"format-standard","5":"has-post-thumbnail","7":"category-france","8":"tag-actualites","9":"tag-fr","10":"tag-france","11":"tag-news","12":"tag-republique-francaise"},"share_on_mastodon":{"url":"https:\/\/pubeurope.com\/@fr\/115952305037939945","error":""},"_links":{"self":[{"href":"https:\/\/www.europesays.com\/fr\/wp-json\/wp\/v2\/posts\/686921","targetHints":{"allow":["GET"]}}],"collection":[{"href":"https:\/\/www.europesays.com\/fr\/wp-json\/wp\/v2\/posts"}],"about":[{"href":"https:\/\/www.europesays.com\/fr\/wp-json\/wp\/v2\/types\/post"}],"author":[{"embeddable":true,"href":"https:\/\/www.europesays.com\/fr\/wp-json\/wp\/v2\/users\/2"}],"replies":[{"embeddable":true,"href":"https:\/\/www.europesays.com\/fr\/wp-json\/wp\/v2\/comments?post=686921"}],"version-history":[{"count":0,"href":"https:\/\/www.europesays.com\/fr\/wp-json\/wp\/v2\/posts\/686921\/revisions"}],"wp:featuredmedia":[{"embeddable":true,"href":"https:\/\/www.europesays.com\/fr\/wp-json\/wp\/v2\/media\/686922"}],"wp:attachment":[{"href":"https:\/\/www.europesays.com\/fr\/wp-json\/wp\/v2\/media?parent=686921"}],"wp:term":[{"taxonomy":"category","embeddable":true,"href":"https:\/\/www.europesays.com\/fr\/wp-json\/wp\/v2\/categories?post=686921"},{"taxonomy":"post_tag","embeddable":true,"href":"https:\/\/www.europesays.com\/fr\/wp-json\/wp\/v2\/tags?post=686921"}],"curies":[{"name":"wp","href":"https:\/\/api.w.org\/{rel}","templated":true}]}}