{"id":686943,"date":"2026-01-24T22:10:09","date_gmt":"2026-01-24T22:10:09","guid":{"rendered":"https:\/\/www.europesays.com\/fr\/686943\/"},"modified":"2026-01-24T22:10:09","modified_gmt":"2026-01-24T22:10:09","slug":"psychologie-du-vieillissement-a-70-ou-80-ans-ces-8-habitudes-vous-eloignent-dun-declin-silencieux","status":"publish","type":"post","link":"https:\/\/www.europesays.com\/fr\/686943\/","title":{"rendered":"Psychologie du vieillissement : \u00e0 70 ou 80 ans, ces 8 habitudes vous \u00e9loignent d\u2019un d\u00e9clin silencieux"},"content":{"rendered":"<p>Dans chaque quartier, on croise ce septuag\u00e9naire alerte qui<br \/>\nporte ses sacs de march\u00e9 d\u2019un pas souple, rit avec le commer\u00e7ant,<br \/>\nse souvient de chaque pr\u00e9nom. Juste \u00e0 c\u00f4t\u00e9, d\u2019autres personnes<br \/>\nsemblent fatigu\u00e9es, ralenties, comme si les ann\u00e9es s\u2019\u00e9taient<br \/>\nabattues sur leurs \u00e9paules.<\/p>\n<p>La <strong>psychologie du vieillissement<\/strong> montre que<br \/>\ncette diff\u00e9rence ne vient pas seulement des g\u00e8nes. Elle renvoie \u00e0<br \/>\ndes <strong>habitudes quotidiennes<\/strong> concr\u00e8tes, r\u00e9p\u00e9t\u00e9es<br \/>\ndiscr\u00e8tement, qui prot\u00e8gent le corps, le cerveau et l\u2019humeur apr\u00e8s<br \/>\n70 ans. Les chercheurs observent chez les seniors les plus \u00e9panouis<br \/>\nun m\u00eame bouquet de huit r\u00e9flexes. Reste \u00e0 les d\u00e9coder.<\/p>\n<p>Psychologie du vieillissement : pourquoi certains 70 ans<br \/>\nrayonnent<\/p>\n<p>Les sp\u00e9cialistes parlent d\u2019<strong>attractivit\u00e9 per\u00e7ue<\/strong><br \/>\n: un m\u00e9lange d\u2019apparence, de posture, de ton de voix et d\u2019\u00e9nergie<br \/>\nsociale. Une enqu\u00eate IFOP indique que 98 % des Fran\u00e7aises pensent<br \/>\nque la beaut\u00e9 ne se limite pas \u00e0 l\u2019apparence, et 56 % citent la<br \/>\nconfiance en soi en premier. Or cette confiance s\u2019appuie surtout<br \/>\nsur le mode de vie.<\/p>\n<p>Des travaux ont montr\u00e9 que les mauvais dormeurs pr\u00e9sentaient un<br \/>\nscore de vieillissement cutan\u00e9 plus de deux fois sup\u00e9rieur et une<br \/>\npeau qui se r\u00e9parait 30 % plus lentement. \u00ab\u00a0La diff\u00e9rence entre le<br \/>\nfait de para\u00eetre votre \u00e2ge et de para\u00eetre vingt ans plus jeune<br \/>\npourrait se cacher dans ces heures de sommeil de qualit\u00e9 que vous<br \/>\nne prenez pas\u00a0\u00bb, explique un auteur sp\u00e9cialis\u00e9, cit\u00e9 par<br \/>\nGeediting.<\/p>\n<p>Les 8 habitudes quotidiennes des seniors \u00e9panouis \u00e0 70 et 80<br \/>\nans<\/p>\n<p>En observant les septuag\u00e9naires et octog\u00e9naires les plus vifs,<br \/>\nles chercheurs retrouvent toujours les m\u00eames piliers. Une vision<br \/>\npositive de l\u2019\u00e2ge, \u00e9tudi\u00e9e par l\u2019Universit\u00e9 Yale, a \u00e9t\u00e9 li\u00e9e \u00e0 7,5<br \/>\nann\u00e9es d\u2019esp\u00e9rance de vie en plus. Un mode de vie sain combinant<br \/>\nplusieurs gestes quotidiens a aussi \u00e9t\u00e9 associ\u00e9 \u00e0 24 ann\u00e9es<br \/>\nsuppl\u00e9mentaires chez les hommes et 21 chez les femmes.<\/p>\n<ul>\n<li>Mouvement physique quotidien, adapt\u00e9 \u00e0 ses capacit\u00e9s.<\/li>\n<li>Liens sociaux r\u00e9guliers avec famille, amis, voisins,<br \/>\nassociations.<\/li>\n<li>Stimulation intellectuelle continue : lecture, jeux, nouvelles<br \/>\ncomp\u00e9tences.<\/li>\n<li>Sommeil stable, 7 \u00e0 8 heures, horaires r\u00e9guliers.<\/li>\n<li>Pratiques de gratitude et regard positif sur l\u2019\u00e2ge.<\/li>\n<li>Sens du but clair : projets, b\u00e9n\u00e9volat, r\u00f4le de<br \/>\ngrand\u2011parent.<\/li>\n<li>Alimentation r\u00e9elle, peu ultra\u2011transform\u00e9e, et hydratation<br \/>\nsuffisante.<\/li>\n<li>Acceptation de ce qu\u2019on ne contr\u00f4le pas et gestion du<br \/>\nstress.<\/li>\n<\/ul>\n<p>Apr\u00e8s 50 ans, on perd environ 1 % de masse musculaire par an, et<br \/>\njusqu\u2019\u00e0 15 % apr\u00e8s 70 ans en cas de s\u00e9dentarit\u00e9 ; bouger chaque<br \/>\njour limite cette sarcop\u00e9nie. L\u2019isolement augmente de 26 % le<br \/>\nrisque de mortalit\u00e9, alors que la combinaison bon sommeil, faible<br \/>\nstress et vie sociale active a \u00e9t\u00e9 li\u00e9e \u00e0 un cerveau paraissant<br \/>\njusqu\u2019\u00e0 huit ans plus jeune. L\u2019Universit\u00e9 du Texas a aussi montr\u00e9<br \/>\nque l\u2019apprentissage de nouvelles comp\u00e9tences entretient la<br \/>\nneuroplasticit\u00e9 et la m\u00e9moire.<\/p>\n<p>Installer ces habitudes apr\u00e8s 70 ans<br \/>\nsans se sentir d\u00e9pass\u00e9<\/p>\n<p>Les psychologues conseillent de ne pas tout changer d\u2019un coup.<br \/>\nMieux vaut transformer ces huit piliers en micro\u2011gestes r\u00e9alistes :<br \/>\nun verre d\u2019eau au lever, dix minutes de marche apr\u00e8s le d\u00e9jeuner,<br \/>\nun appel \u00e0 une amie le dimanche soir, un coucher \u00e0 heure fixe. En<br \/>\nr\u00e9p\u00e9tant ces rendez\u2011vous, \u00e9nergie, curiosit\u00e9 et confiance<br \/>\nremontent, et l\u2019on se rapproche peu \u00e0 peu de ces seniors qui<br \/>\nsemblent se bonifier avec le temps.<\/p>\n","protected":false},"excerpt":{"rendered":"Dans chaque quartier, on croise ce septuag\u00e9naire alerte qui porte ses sacs de march\u00e9 d\u2019un pas souple, rit&hellip;\n","protected":false},"author":2,"featured_media":686944,"comment_status":"","ping_status":"","sticky":false,"template":"","format":"standard","meta":{"footnotes":""},"categories":[10],"tags":[258,1011,27,72,206,71,3552,279,4990],"class_list":{"0":"post-686943","1":"post","2":"type-post","3":"status-publish","4":"format-standard","5":"has-post-thumbnail","7":"category-sante","8":"tag-alimentation","9":"tag-fr","10":"tag-france","11":"tag-health","12":"tag-psycho","13":"tag-sante","14":"tag-seniors","15":"tag-sommeil","16":"tag-stress"},"share_on_mastodon":{"url":"https:\/\/pubeurope.com\/@fr\/115952367959523970","error":""},"_links":{"self":[{"href":"https:\/\/www.europesays.com\/fr\/wp-json\/wp\/v2\/posts\/686943","targetHints":{"allow":["GET"]}}],"collection":[{"href":"https:\/\/www.europesays.com\/fr\/wp-json\/wp\/v2\/posts"}],"about":[{"href":"https:\/\/www.europesays.com\/fr\/wp-json\/wp\/v2\/types\/post"}],"author":[{"embeddable":true,"href":"https:\/\/www.europesays.com\/fr\/wp-json\/wp\/v2\/users\/2"}],"replies":[{"embeddable":true,"href":"https:\/\/www.europesays.com\/fr\/wp-json\/wp\/v2\/comments?post=686943"}],"version-history":[{"count":0,"href":"https:\/\/www.europesays.com\/fr\/wp-json\/wp\/v2\/posts\/686943\/revisions"}],"wp:featuredmedia":[{"embeddable":true,"href":"https:\/\/www.europesays.com\/fr\/wp-json\/wp\/v2\/media\/686944"}],"wp:attachment":[{"href":"https:\/\/www.europesays.com\/fr\/wp-json\/wp\/v2\/media?parent=686943"}],"wp:term":[{"taxonomy":"category","embeddable":true,"href":"https:\/\/www.europesays.com\/fr\/wp-json\/wp\/v2\/categories?post=686943"},{"taxonomy":"post_tag","embeddable":true,"href":"https:\/\/www.europesays.com\/fr\/wp-json\/wp\/v2\/tags?post=686943"}],"curies":[{"name":"wp","href":"https:\/\/api.w.org\/{rel}","templated":true}]}}