{"id":68695,"date":"2025-05-02T06:41:08","date_gmt":"2025-05-02T06:41:08","guid":{"rendered":"https:\/\/www.europesays.com\/fr\/68695\/"},"modified":"2025-05-02T06:41:08","modified_gmt":"2025-05-02T06:41:08","slug":"benjamin-castaldi-hospitalise-en-urgence-a-marseille-gros-incident-avec-son-helicoptere-telecommande","status":"publish","type":"post","link":"https:\/\/www.europesays.com\/fr\/68695\/","title":{"rendered":"Benjamin Castaldi hospitalis\u00e9 en urgence \u00e0 Marseille : gros incident avec son \u00ab\u00a0h\u00e9licopt\u00e8re t\u00e9l\u00e9command\u00e9\u00a0\u00bb"},"content":{"rendered":"<p>Ces derniers jours sont compliqu\u00e9s pour <a href=\"https:\/\/www.public.fr\/tag\/benjamin-castaldi\" rel=\"nofollow noopener\" target=\"_blank\">Benjamin Castaldi<\/a>. Alors qu\u2019il avait repris les r\u00eanes de la matinale d\u2019Europe 2, l\u2019ancien pr\u00e9sentateur de <strong>\u00ab\u00a0Loft Story\u00a0\u00bb<\/strong> et <strong>\u00ab\u00a0Secret Story<\/strong>\u00ab\u00a0, a vu <a href=\"https:\/\/www.public.fr\/tag\/sebastien-cauet\" rel=\"nofollow noopener\" target=\"_blank\">S\u00e9bastien Cauet<\/a>, qui n\u2019a plus anim\u00e9 d\u2019\u00e9mission radio depuis 2023,<a href=\"https:\/\/www.public.fr\/benjamin-castaldi-cest-confirme-cauet-lui-pique-sa-place\" rel=\"nofollow noopener\" target=\"_blank\"> lui \u00ab\u00a0ravir\u00a0\u00bb sa place il y a quelques jours.<\/a>\u00a0<\/p>\n<p>Le 24 mars 2025, Le Figaro annon\u00e7ait l\u2019arriv\u00e9e de Cauet \u00e0 la matinale. Quelques semaines plus tard, le 10 avril, nos confr\u00e8res de Purepeople confirmaient cette information en assurant que Cauet reprenait \u00ab\u00a0la matinale d\u2019Europe 2\u00a0\u00e0 la place de <a href=\"https:\/\/vsd.fr\/tag\/benjamin-castaldi\/\" rel=\"nofollow noopener\" target=\"_blank\">Benjamin Castaldi\u00a0<\/a>\u00ab\u00a0.\u00a0\u00ab\u00a0Et ce, d\u00e8s la fin avril\u00a0\u00bb, comme l&rsquo;ajoute cette m\u00eame source.<\/p>\n<p>\u00ab\u00a0Cauet prendra place dans les locaux d\u2019Europe 2 d\u00e8s le 22 avril prochain\u00a0\u00bb, confirmait de son c\u00f4t\u00e9 Purepeople.\u00a0 Et d\u00e8s son retour, l\u2019ancien pr\u00e9sentateur de <strong>\u00ab\u00a0La M\u00e9thode Cauet\u00a0\u00bb <\/strong>a d\u00e9cid\u00e9 de frapper fort en tapant\u2026 sur l\u2019animateur qu\u2019il vient tout juste de remplacer.<\/p>\n<p>Benjamin Castaldi, tacl\u00e9 par Cauet d\u00e8s son retour<\/p>\n<p>En effet, le lundi 28 avril 2025, le compagnon de Nathalie Dartois a eu l\u2019occasion de tacler Benjamin Castaldi, avec humour, et ne l\u2019a pas loup\u00e9e. Au cours de la matinale, sa chroniqueuse \u00ab\u00a0Stouf\u00a0\u00bb racontait une anecdote : son compagnon avait fini toutes les glaces du cong\u00e9lateur.\u00a0<\/p>\n<p>L\u2019occasion pour Cauet de r\u00e9agir et l\u00e2cher : \u00ab\u00a0C\u2019est un bon combat de gros\u00a0\u00bb. \u00ab\u00a0Vous voulez pas qu\u2019on vous envoie Benjamin Castaldi, il a un peu de temps\u00a0\u00bb, a-t-il tacl\u00e9 en faisant r\u00e9f\u00e9rence aux pubs Comme J\u2019aime de son coll\u00e8gue et le fait qu\u2019il ait \u00e9t\u00e9 r\u00e9cemment \u00e9vinc\u00e9 de la radio.\u00a0<\/p>\n<p>Si Benjamin Castaldi n\u2019a pas r\u00e9agi officiellement, il a tout de m\u00eame pris le temps de faire une publication sur ses r\u00e9seaux sociaux en citant un passage du livre d\u2019\u00c9mile Zola, <strong>\u00ab\u00a0La D\u00e9b\u00e2cle\u00a0\u00bb<\/strong> : \u00ab\u00a0il montait, s\u00fbr de lui, sourd aux cris de ceux qui tombaient. Puis il chuta, et ce fut son tour de hurler dans le vide\u2026 Personne ne l\u2019entendit\u00a0\u00bb. Reste \u00e0 savoir si l\u2019animateur vise r\u00e9ellement Cauet avec ce passage.<\/p>\n<p>L&rsquo;animateur, hospitalis\u00e9 apr\u00e8s avoir perdu \u00ab\u00a0pas mal de sang\u00a0\u00bb ? <\/p>\n<p>Le principal int\u00e9ress\u00e9 ne pourra pas r\u00e9pondre tout de suite \u00e0 cette question. Etant donn\u00e9 qu\u2019il s\u00e9journerait \u00e0 l\u2019h\u00f4pital depuis quelques heures \u00e0 en croire les informations d\u2019Aqababe. <\/p>\n<p>En effet, le blogueur qui a d\u00e9cid\u00e9 de se lancer dans une traque de Xavier Dupont de Ligonn\u00e8s, a annonc\u00e9 <strong>l\u2019hospitalisation de Benjamin Castaldi.<\/strong><\/p>\n<p><strong>\u00ab\u00a0Benjamin Castaldi hospitalis\u00e9 en urgence \u00e0 l\u2019h\u00f4pital Nord de Marseille. Il s\u2019est gravement coup\u00e9 avec son h\u00e9licopt\u00e8re t\u00e9l\u00e9command\u00e9. Il aurait perdu pas mal de sang\u00a0\u00bb<\/strong>, a-t-il r\u00e9v\u00e9l\u00e9. Pour le moment, l\u2019ancien chroniqueur de <a href=\"https:\/\/www.public.fr\/tag\/cyril-hanouna\" rel=\"nofollow noopener\" target=\"_blank\">Cyril Hanouna<\/a> n\u2019a pas donn\u00e9 de nouvelles afin de rassurer sa communaut\u00e9.\u00a0<\/p>\n<p><img loading=\"lazy\" decoding=\"async\" width=\"581\" height=\"1024\" src=\"data:image\/svg+xml,%3Csvg%20xmlns=\" http:=\"\" alt=\"Benjamin Castaldi hospitalis\u00e9 en urgence \u00e0 Marseille : gros incident avec son &quot;h\u00e9licopt\u00e8re t\u00e9l\u00e9command\u00e9&quot;\" data-lazy- data-lazy- data-lazy-src=\"https:\/\/www.europesays.com\/fr\/wp-content\/uploads\/2025\/05\/Capture-decran-2025-05-02-a-07.31.14-581x1024.jpg\"\/><\/p>\n<p>Screenshot<\/p>\n<p>      Mentionn\u00e9s dans cet article<\/p>\n<p>\u00c0 lire aussi<\/p>\n","protected":false},"excerpt":{"rendered":"Ces derniers jours sont compliqu\u00e9s pour Benjamin Castaldi. Alors qu\u2019il avait repris les r\u00eanes de la matinale d\u2019Europe&hellip;\n","protected":false},"author":2,"featured_media":68696,"comment_status":"","ping_status":"","sticky":false,"template":"","format":"standard","meta":{"footnotes":""},"categories":[2814],"tags":[119,1111,11,6468,1777,674,1011,27,6373,17048,884,12,882,25,10082],"class_list":{"0":"post-68695","1":"post","2":"type-post","3":"status-publish","4":"format-standard","5":"has-post-thumbnail","7":"category-marseille","8":"tag-accident","9":"tag-actu","10":"tag-actualites","11":"tag-benjamin-castaldi","12":"tag-eu","13":"tag-europe","14":"tag-fr","15":"tag-france","16":"tag-helicoptere","17":"tag-la-methode-cauet","18":"tag-marseille","19":"tag-news","20":"tag-provence-alpes-cote-dazur","21":"tag-republique-francaise","22":"tag-sebastien-cauet"},"share_on_mastodon":{"url":"https:\/\/pubeurope.com\/@fr\/114436878065605105","error":""},"_links":{"self":[{"href":"https:\/\/www.europesays.com\/fr\/wp-json\/wp\/v2\/posts\/68695","targetHints":{"allow":["GET"]}}],"collection":[{"href":"https:\/\/www.europesays.com\/fr\/wp-json\/wp\/v2\/posts"}],"about":[{"href":"https:\/\/www.europesays.com\/fr\/wp-json\/wp\/v2\/types\/post"}],"author":[{"embeddable":true,"href":"https:\/\/www.europesays.com\/fr\/wp-json\/wp\/v2\/users\/2"}],"replies":[{"embeddable":true,"href":"https:\/\/www.europesays.com\/fr\/wp-json\/wp\/v2\/comments?post=68695"}],"version-history":[{"count":0,"href":"https:\/\/www.europesays.com\/fr\/wp-json\/wp\/v2\/posts\/68695\/revisions"}],"wp:featuredmedia":[{"embeddable":true,"href":"https:\/\/www.europesays.com\/fr\/wp-json\/wp\/v2\/media\/68696"}],"wp:attachment":[{"href":"https:\/\/www.europesays.com\/fr\/wp-json\/wp\/v2\/media?parent=68695"}],"wp:term":[{"taxonomy":"category","embeddable":true,"href":"https:\/\/www.europesays.com\/fr\/wp-json\/wp\/v2\/categories?post=68695"},{"taxonomy":"post_tag","embeddable":true,"href":"https:\/\/www.europesays.com\/fr\/wp-json\/wp\/v2\/tags?post=68695"}],"curies":[{"name":"wp","href":"https:\/\/api.w.org\/{rel}","templated":true}]}}