{"id":687015,"date":"2026-01-24T22:56:15","date_gmt":"2026-01-24T22:56:15","guid":{"rendered":"https:\/\/www.europesays.com\/fr\/687015\/"},"modified":"2026-01-24T22:56:15","modified_gmt":"2026-01-24T22:56:15","slug":"hermes-a-paris-veronique-nichanian-signe-une-derniere-collection-comme-les-autres-actualites","status":"publish","type":"post","link":"https:\/\/www.europesays.com\/fr\/687015\/","title":{"rendered":"Herm\u00e8s: \u00e0 Paris, V\u00e9ronique Nichanian signe une derni\u00e8re \u00ab\u00a0collection comme les autres\u00a0\u00bb : Actualit\u00e9s"},"content":{"rendered":"<p class=\"lead \">Une standing ovation et \u00ab\u00a0\u00e9norm\u00e9ment d&rsquo;\u00e9motions\u00a0\u00bb: la styliste fran\u00e7aise V\u00e9ronique Nichanian a pr\u00e9sent\u00e9 samedi soir \u00e0 Paris son dernier vestiaire Herm\u00e8s apr\u00e8s 37 ans \u00e0 la t\u00eate de la ligne homme, une collection qu&rsquo;elle a voulu \u00ab\u00a0comme les autres\u00a0\u00bb.<\/p>\n<p class=\"lead \">\u00ab\u00a0C&rsquo;est \u00e9norm\u00e9ment d&rsquo;\u00e9motions, parce que ce n&rsquo;est pas une r\u00e9trospective, ce n&rsquo;est pas du tout nostalgique, mais de voir tout le monde qui m&rsquo;aime, qui m&#8217;embrasse, qui me dit que \u00e7a les touche&#8230; Toute cette affection, cet amour, c&rsquo;est fort\u00a0\u00bb, a confi\u00e9 \u00e0 l&rsquo;AFP la cr\u00e9atrice de 71 ans \u00e0 l&rsquo;issue du d\u00e9fil\u00e9 organis\u00e9 au Palais Brongniart.<\/p>\n<p class=\"lead \">En coulisses, de nombreuses personnalit\u00e9s se pressaient pour la saluer et la f\u00e9liciter, dont le cr\u00e9ateur britannique Paul Smith, le chanteur am\u00e9ricain Usher et la star de \u00ab\u00a0Gossip Girl\u00a0\u00bb Ed Westwick.<\/p>\n<p class=\"lead \">V\u00e9ronique Nichanian a annonc\u00e9 son d\u00e9part en octobre. \u00ab\u00a0C&rsquo;est ma d\u00e9cision d&rsquo;arr\u00eater, de faire autre chose\u00a0\u00bb, assure-t-elle. \u00c0 savoir, prendre plus de temps pour elle, notamment pour \u00ab\u00a0r\u00e9aliser un r\u00eave de longue date\u00a0\u00bb: passer plusieurs mois au Japon, confiait-elle \u00e0 l&rsquo;\u00e9poque au Figaro.<\/p>\n<p class=\"lead \">Si la styliste quitte la direction artistique des collections homme, elle ne s&rsquo;\u00e9loigne pas pour autant d&rsquo;Herm\u00e8s. \u00ab\u00a0Je reste sur la soie et le cuir masculin, mais j&rsquo;arr\u00eate le pr\u00eat-\u00e0-porter et c&rsquo;est tout un pan de ma vie\u00a0\u00bb, explique-t-elle. <\/p>\n<p class=\"lead \">&#8211; \u00ab\u00a0Clins d&rsquo;oeil\u00a0\u00bb &#8211;<\/p>\n<p class=\"lead \">Pour cette ultime pr\u00e9sentation, V\u00e9ronique Nichanian n&rsquo;a pas souhait\u00e9 d\u00e9roger \u00e0 sa m\u00e9thode. \u00ab\u00a0Cette derni\u00e8re collection, c&rsquo;\u00e9tait une collection comme les autres\u00a0\u00bb, pr\u00e9sente-t-elle.  <\/p>\n<p class=\"lead \">\u00ab\u00a0Mais juste en clins d&rsquo;\u0153il, j&rsquo;ai mis des passages de diff\u00e9rentes collections, avec des tenues de 1991, 2001, 2010&#8230; Pour prouver combien les v\u00eatements d&rsquo;Herm\u00e8s sont intemporels. Ils sont faits pour aujourd&rsquo;hui et pour toujours\u00a0\u00bb.<\/p>\n<p class=\"lead \">Pantalons droits en cuir, parkas \u00e0 capuche en peau lain\u00e9, blousons droits en feutre de laine, vestes en crocodile, pulls en cachemire ou encore costumes en flanelle composent ce nouveau vestiaire.<\/p>\n<p class=\"lead \">Le tout dans une palette tr\u00e8s monochrome de noir, gris, beige ou taupe, relev\u00e9e parfois d&rsquo;\u00e9clats de couleurs: du jaune moutarde sur une parka ou du rose vif dans la doublure d&rsquo;un blouson.<\/p>\n<p class=\"lead \">Une fois le final pass\u00e9, la cr\u00e9atrice a fait un dernier tour de piste, acclam\u00e9e par les quelques centaines d&rsquo;invit\u00e9s tous debout, tandis que des \u00e9crans g\u00e9ants diffusaient ses anciens d\u00e9fil\u00e9s.<\/p>\n<p class=\"lead \">&#8211; \u00ab\u00a0Pas difficile\u00a0\u00bb &#8211; <\/p>\n<p class=\"lead \">Rare femme \u00e0 s&rsquo;imposer dans l&rsquo;univers de la mode masculine, V\u00e9ronique Nichanian assure que cela \u00ab\u00a0\u202fn&rsquo;a pas \u00e9t\u00e9 difficile\u00a0\u00bb. <\/p>\n<p class=\"lead \">De Nino Cerruti, qui l&rsquo;a recrut\u00e9e \u00e0 la sortie de l&rsquo;\u00e9cole, \u00e0 Jean\u2011Louis Dumas, qui la fait venir chez Herm\u00e8s en 1988, elle dit avoir crois\u00e9 \u00ab\u00a0des hommes intelligents qui ont vu un cr\u00e9ateur au lieu de se dire +c&rsquo;est une femme ou c&rsquo;est un homme+.\u00a0\u00bb<\/p>\n<p class=\"lead \">La Britannique d&rsquo;origine jama\u00efcaine Grace Wales Bonner a \u00e9t\u00e9 nomm\u00e9e quelques jours apr\u00e8s l&rsquo;annonce de son d\u00e9part pour lui succ\u00e9der. <\/p>\n<p class=\"lead \">Elle pr\u00e9sentera sa premi\u00e8re collection en janvier 2027. Celle de juin sera pr\u00e9par\u00e9e par les studios de cr\u00e9ation interne. <\/p>\n<p class=\"lead \">\u00ab\u00a0Je lui souhaite le meilleur pour l&rsquo;avenir\u00a0\u00bb, a dit V\u00e9ronique Nichanian, pr\u00e9cisant qu&rsquo;elles ne s&rsquo;\u00e9taient pas encore rencontr\u00e9es.<\/p>\n<p class=\"lead \">Les collections femme Herm\u00e8s restent dirig\u00e9es par Nad\u00e8ge Vanh\u00e9e-Cybulski, \u00e0 la t\u00eate de la ligne depuis 2014.<\/p>\n<p class=\"lead \">Ce changement prend place dans un vaste mercato des directeurs artistiques, chez Chanel, Dior ou Gucci, alors que le march\u00e9 du luxe fait face \u00e0 des d\u00e9fis \u00e9conomiques et commerciaux.<\/p>\n<p class=\"lead \">Herm\u00e8s ne conna\u00eet pas la crise. La maison dont la publication des r\u00e9sultats annuels est attendue le 12 f\u00e9vrier, a vu son chiffre d&rsquo;affaires cro\u00eetre de 6,3% sur les neuf premiers mois de 2025, \u00e0 11,9 milliards d&rsquo;euros.<\/p>\n<p class=\"lead \">L&rsquo;an pass\u00e9, le groupe de luxe a investi plus d&rsquo;un milliard d&rsquo;euros, avec notamment l&rsquo;ouverture d&rsquo;une 25e maroquinerie en France, en Charente. Herm\u00e8s pr\u00e9voit d&rsquo;en ouvrir trois autres dans le pays au cours des trois prochaines ann\u00e9es.<\/p>\n<p class=\"lead \">Dans ce contexte, le directeur g\u00e9n\u00e9ral Finances, Eric du Halgou\u00ebt, a confirm\u00e9 en octobre que le projet de se lancer dans la haute couture \u00e9tait \u00ab\u00a0bien en cours de pr\u00e9paration\u00a0\u00bb, mais pas \u00ab\u00a0avant 2027 au plus t\u00f4t\u00a0\u00bb. <\/p>\n<p class=\"small font-weight-bold text-gray3 \"> publi\u00e9 le 24 janvier \u00e0 23h09, AFP<\/p>\n<p>                             Partager<\/p>\n","protected":false},"excerpt":{"rendered":"Une standing ovation et \u00ab\u00a0\u00e9norm\u00e9ment d&rsquo;\u00e9motions\u00a0\u00bb: la styliste fran\u00e7aise V\u00e9ronique Nichanian a pr\u00e9sent\u00e9 samedi soir \u00e0 Paris son&hellip;\n","protected":false},"author":2,"featured_media":687016,"comment_status":"","ping_status":"","sticky":false,"template":"","format":"standard","meta":{"footnotes":""},"categories":[1888],"tags":[11,2105,1777,674,1011,27,2425,985,12,626,25],"class_list":{"0":"post-687015","1":"post","2":"type-post","3":"status-publish","4":"format-standard","5":"has-post-thumbnail","7":"category-paris","8":"tag-actualites","9":"tag-distribution","10":"tag-eu","11":"tag-europe","12":"tag-fr","13":"tag-france","14":"tag-luxe","15":"tag-mode","16":"tag-news","17":"tag-paris","18":"tag-republique-francaise"},"share_on_mastodon":{"url":"https:\/\/pubeurope.com\/@fr\/115952548844563644","error":""},"_links":{"self":[{"href":"https:\/\/www.europesays.com\/fr\/wp-json\/wp\/v2\/posts\/687015","targetHints":{"allow":["GET"]}}],"collection":[{"href":"https:\/\/www.europesays.com\/fr\/wp-json\/wp\/v2\/posts"}],"about":[{"href":"https:\/\/www.europesays.com\/fr\/wp-json\/wp\/v2\/types\/post"}],"author":[{"embeddable":true,"href":"https:\/\/www.europesays.com\/fr\/wp-json\/wp\/v2\/users\/2"}],"replies":[{"embeddable":true,"href":"https:\/\/www.europesays.com\/fr\/wp-json\/wp\/v2\/comments?post=687015"}],"version-history":[{"count":0,"href":"https:\/\/www.europesays.com\/fr\/wp-json\/wp\/v2\/posts\/687015\/revisions"}],"wp:featuredmedia":[{"embeddable":true,"href":"https:\/\/www.europesays.com\/fr\/wp-json\/wp\/v2\/media\/687016"}],"wp:attachment":[{"href":"https:\/\/www.europesays.com\/fr\/wp-json\/wp\/v2\/media?parent=687015"}],"wp:term":[{"taxonomy":"category","embeddable":true,"href":"https:\/\/www.europesays.com\/fr\/wp-json\/wp\/v2\/categories?post=687015"},{"taxonomy":"post_tag","embeddable":true,"href":"https:\/\/www.europesays.com\/fr\/wp-json\/wp\/v2\/tags?post=687015"}],"curies":[{"name":"wp","href":"https:\/\/api.w.org\/{rel}","templated":true}]}}