{"id":687019,"date":"2026-01-24T22:58:18","date_gmt":"2026-01-24T22:58:18","guid":{"rendered":"https:\/\/www.europesays.com\/fr\/687019\/"},"modified":"2026-01-24T22:58:18","modified_gmt":"2026-01-24T22:58:18","slug":"guerre-en-ukraine-kiev-et-moscou-vont-continuer-a-parler-et-lotan-veut-une-zone-de-defense-automatisee","status":"publish","type":"post","link":"https:\/\/www.europesays.com\/fr\/687019\/","title":{"rendered":"Guerre en Ukraine : Kiev et Moscou vont continuer \u00e0 parler et l\u2019Otan veut une zone de d\u00e9fense \u00ab automatis\u00e9e \u00bb"},"content":{"rendered":"<p class=\"mb-4 text-lg md:leading-8 break-words\"><strong>r\u00e9cap &#8211; \u00ab\u00a020 Minutes\u00a0\u00bb fait le point pour vous tous les soirs sur le conflit en Ukraine. Ce samedi, la journ\u00e9e a \u00e9t\u00e9 marqu\u00e9e par les discussions russo-ukrainiennes \u00e0 Abou Dhabi<\/strong><\/p>\n<p class=\"mb-4 text-lg md:leading-8 break-words\">Vous avez rat\u00e9 les derniers \u00e9v\u00e9nements sur la <a href=\"https:\/\/www.20minutes.fr\/monde\/ukraine\/?at_medium=RSS%20feed&amp;at_campaign=ynews&amp;utm_source=yahoo&amp;utm_medium=rss&amp;utm_campaign=news_feed&amp;utm_content=in_article_link\" rel=\"nofollow noopener\" target=\"_blank\" data-ylk=\"slk:guerre en Ukraine;elm:context_link;itc:0;sec:content-canvas\" class=\"link \">guerre en Ukraine<\/a>\u00a0? 20 Minutes fait le point pour vous tous les soirs. Voici l\u2019essentiel de ce samedi 24\u00a0janvier, au 1.430e jour du conflit.<\/p>\n<p>Le fait du jour<\/p>\n<p class=\"mb-4 text-lg md:leading-8 break-words\">Les pourparlers entre d\u00e9l\u00e9gations ukrainienne, russe et am\u00e9ricaine se sont achev\u00e9s samedi \u00e0 Abou Dhabi apr\u00e8s des discussions \u00ab\u00a0constructives\u00a0\u00bb selon le pr\u00e9sident ukrainien. <a href=\"https:\/\/www.20minutes.fr\/monde\/volodymyr-zelensky\/?at_medium=RSS%20feed&amp;at_campaign=ynews&amp;utm_source=yahoo&amp;utm_medium=rss&amp;utm_campaign=news_feed&amp;utm_content=in_article_link\" rel=\"nofollow noopener\" target=\"_blank\" data-ylk=\"slk:Volodymyr Zelensky;elm:context_link;itc:0;sec:content-canvas\" class=\"link \">Volodymyr Zelensky<\/a> a indiqu\u00e9 que de nouvelles rencontres pourraient avoir lieu \u00ab\u00a0d\u00e8s la semaine prochaine\u00a0\u00bb.<\/p>\n<p class=\"mb-4 text-lg md:leading-8 break-words\">Ces pourparlers sont les premi\u00e8res n\u00e9gociations directes connues entre <a href=\"https:\/\/www.20minutes.fr\/monde\/moscou\/?at_medium=RSS%20feed&amp;at_campaign=ynews&amp;utm_source=yahoo&amp;utm_medium=rss&amp;utm_campaign=news_feed&amp;utm_content=in_article_link\" rel=\"nofollow noopener\" target=\"_blank\" data-ylk=\"slk:Moscou;elm:context_link;itc:0;sec:content-canvas\" class=\"link \">Moscou<\/a> et Kiev sur le plan am\u00e9ricain de r\u00e8glement de cette guerre qui a fait des dizaines de milliers de morts depuis\u00a02022, mais les Ukrainiens affichent peu d\u2019espoir. La Russie continue d\u2019ailleurs \u00e0 pilonner les infrastructures \u00e9nerg\u00e9tiques du pays, <a href=\"https:\/\/www.20minutes.fr\/monde\/ukraine\/4197212-20260122-guerre-ukraine-certains-appartements-affichent-5-kiev-habitants-tentent-survivre-froid?at_medium=RSS%20feed&amp;at_campaign=ynews&amp;utm_source=yahoo&amp;utm_medium=rss&amp;utm_campaign=news_feed&amp;utm_content=in_article_link\" rel=\"nofollow noopener\" target=\"_blank\" data-ylk=\"slk:laissant les civils dans le froid et l\u2019obscurit\u00e9.;elm:context_link;itc:0;sec:content-canvas\" class=\"link \">laissant les civils dans le froid et l\u2019obscurit\u00e9.<\/a><\/p>\n<p>Le chiffre du jour<\/p>\n<p class=\"mb-4 text-lg md:leading-8 break-words\"><strong>370.<\/strong> C\u2019est le nombre de drones qui ont \u00e9t\u00e9 lanc\u00e9s par la Russie sur l\u2019Ukraine dans la nuit de vendredi \u00e0 samedi, selon les autorit\u00e9s ukrainiennes. De plus, 27 missiles ont tent\u00e9 de viser le territoire. Les bombardements nocturnes ont laiss\u00e9 plus d\u2019un million de personnes sans \u00e9lectricit\u00e9 \u00e0 Kiev et dans la r\u00e9gion de Tcherniguiv, avec la moiti\u00e9 des immeubles de la capitale de nouveau priv\u00e9s de courant et chauffage. Et ce, alors que les temp\u00e9ratures descendent quotidiennement en dessous de -10\u00a0\u00b0C.<\/p>\n<p>La d\u00e9claration du jour<\/p>\n<p class=\"mb-4 text-lg md:leading-8 break-words\">Avec cynisme, [Vladimir] Poutine a ordonn\u00e9 une frappe de missiles brutale et massive contre l\u2019Ukrai(&#8230;)<\/p>\n<p class=\"mb-4 text-lg md:leading-8 break-words\"><a href=\"https:\/\/www.20minutes.fr\/monde\/ukraine\/4197818-20260124-guerre-ukraine-kiev-moscou-vont-continuer-parler-otan-veut-zone-defense-automatisee?at_medium=RSS%20feed&amp;at_campaign=ynews&amp;utm_source=yahoo&amp;utm_medium=rss&amp;utm_campaign=news_feed&amp;utm_content=read_more_link&quot;\" rel=\"nofollow noopener\" target=\"_blank\" data-ylk=\"slk:Lire la suite sur 20minutes;elm:context_link;itc:0;sec:content-canvas\" class=\"link \">Lire la suite sur 20minutes<\/a><\/p>\n<p>\u00c0 lire aussi :<br \/><a href=\"https:\/\/www.20minutes.fr\/monde\/ukraine\/4197212-20260122-guerre-ukraine-certains-appartements-affichent-5-kiev-habitants-tentent-survivre-froid?at_medium=RSS%20feed&amp;at_campaign=ynews&amp;utm_source=yahoo&amp;utm_medium=rss&amp;utm_campaign=news_feed&amp;utm_content=related_content_link\" rel=\"nofollow noopener\" target=\"_blank\" data-ylk=\"slk:Guerre en Ukraine\u00a0: \u00ab\u00a0Certains appartements affichent -5\u00a0\u00b0C\u00a0\u00bb\u2026 A Kiev, les habitants tentent de survivre au froid;elm:context_link;itc:0;sec:content-canvas\" class=\"link \">Guerre en Ukraine\u00a0: \u00ab\u00a0Certains appartements affichent -5\u00a0\u00b0C\u00a0\u00bb\u2026 A Kiev, les habitants tentent de survivre au froid <\/a><br \/><a href=\"https:\/\/www.20minutes.fr\/monde\/ukraine\/4197808-20260124-defense-pologne-va-signer-contrat-plus-important-systeme-antidrones-europe?at_medium=RSS%20feed&amp;at_campaign=ynews&amp;utm_source=yahoo&amp;utm_medium=rss&amp;utm_campaign=news_feed&amp;utm_content=related_content_link\" rel=\"nofollow noopener\" target=\"_blank\" data-ylk=\"slk:D\u00e9fense\u00a0: La Pologne va signer un contrat pour \u00ab\u00a0le plus important syst\u00e8me antidrones en Europe\u00a0\u00bb;elm:context_link;itc:0;sec:content-canvas\" class=\"link \">D\u00e9fense\u00a0: La Pologne va signer un contrat pour \u00ab\u00a0le plus important syst\u00e8me antidrones en Europe\u00a0\u00bb<\/a><\/p>\n","protected":false},"excerpt":{"rendered":"r\u00e9cap &#8211; \u00ab\u00a020 Minutes\u00a0\u00bb fait le point pour vous tous les soirs sur le conflit en Ukraine. Ce&hellip;\n","protected":false},"author":2,"featured_media":687020,"comment_status":"","ping_status":"","sticky":false,"template":"","format":"standard","meta":{"footnotes":""},"categories":[1590],"tags":[642,78021,11,1777,674,11229,12,220,134],"class_list":{"0":"post-687019","1":"post","2":"type-post","3":"status-publish","4":"format-standard","5":"has-post-thumbnail","7":"category-ukraine","8":"tag-20-minutes","9":"tag-abou-dhabi","10":"tag-actualites","11":"tag-eu","12":"tag-europe","13":"tag-kiev","14":"tag-news","15":"tag-ukraine","16":"tag-volodymyr-zelensky"},"share_on_mastodon":{"url":"https:\/\/pubeurope.com\/@fr\/115952556786707288","error":""},"_links":{"self":[{"href":"https:\/\/www.europesays.com\/fr\/wp-json\/wp\/v2\/posts\/687019","targetHints":{"allow":["GET"]}}],"collection":[{"href":"https:\/\/www.europesays.com\/fr\/wp-json\/wp\/v2\/posts"}],"about":[{"href":"https:\/\/www.europesays.com\/fr\/wp-json\/wp\/v2\/types\/post"}],"author":[{"embeddable":true,"href":"https:\/\/www.europesays.com\/fr\/wp-json\/wp\/v2\/users\/2"}],"replies":[{"embeddable":true,"href":"https:\/\/www.europesays.com\/fr\/wp-json\/wp\/v2\/comments?post=687019"}],"version-history":[{"count":0,"href":"https:\/\/www.europesays.com\/fr\/wp-json\/wp\/v2\/posts\/687019\/revisions"}],"wp:featuredmedia":[{"embeddable":true,"href":"https:\/\/www.europesays.com\/fr\/wp-json\/wp\/v2\/media\/687020"}],"wp:attachment":[{"href":"https:\/\/www.europesays.com\/fr\/wp-json\/wp\/v2\/media?parent=687019"}],"wp:term":[{"taxonomy":"category","embeddable":true,"href":"https:\/\/www.europesays.com\/fr\/wp-json\/wp\/v2\/categories?post=687019"},{"taxonomy":"post_tag","embeddable":true,"href":"https:\/\/www.europesays.com\/fr\/wp-json\/wp\/v2\/tags?post=687019"}],"curies":[{"name":"wp","href":"https:\/\/api.w.org\/{rel}","templated":true}]}}