{"id":687027,"date":"2026-01-24T23:02:11","date_gmt":"2026-01-24T23:02:11","guid":{"rendered":"https:\/\/www.europesays.com\/fr\/687027\/"},"modified":"2026-01-24T23:02:11","modified_gmt":"2026-01-24T23:02:11","slug":"cette-europe-parle-a-ses-citoyens-parce-quelle-ne-sacrifie-pas-lhumain-sur-lautel-de-ses-interets-commerciaux-ledito-de-bruno-jeudy","status":"publish","type":"post","link":"https:\/\/www.europesays.com\/fr\/687027\/","title":{"rendered":"\u00ab Cette Europe parle \u00e0 ses citoyens parce qu\u2019elle ne sacrifie pas l\u2019humain sur l\u2019autel de ses int\u00e9r\u00eats commerciaux \u00bb : L&rsquo;\u00e9dito de Bruno Jeudy"},"content":{"rendered":"<p>Ce moment groenlandais restera-t-il comme le point de d\u00e9part d\u2019une franche r\u00e9volte europ\u00e9enne face \u00e0 l\u2019Am\u00e9rique de Donald Trump ou comme un simple sursaut, vite englouti par le tumulte mondial\u2009? La semaine \u00e9coul\u00e9e a en tout cas marqu\u00e9 une rupture.<\/p>\n<p>Rarement les Europ\u00e9ens auront oppos\u00e9 <a href=\"https:\/\/www.latribune.fr\/article\/economie\/international\/64355563878635\/loi-du-plus-fort-force-brute-emmanuel-macron-rend-les-coups-a-donald-trump-a-davos\" target=\"_blank\" article-id=\"64355563878635\" rel=\"noopener\">une r\u00e9sistance<\/a> aussi rapide, aussi coordonn\u00e9e, aux oukases et aux coups de menton du pr\u00e9sident am\u00e9ricain. Une r\u00e9sistance qui a pay\u00e9, quoi qu\u2019en disent les esprits chagrins. En affichant une opposition ferme et collective, les Vingt-Sept ont contraint \u2013\u202fau moins provisoirement\u202f\u2013 l\u2019imp\u00e9tueux occupant de la Maison-Blanche \u00e0 reculer, tant sur ses vell\u00e9it\u00e9s d\u2019annexion du Groenland que sur l\u2019instauration de nouveaux droits de douane punitifs. Comme l\u2019a dit Lucie Aubrac, \u00ab\u202fle verbe \u201cr\u00e9sister\u201d \u00a0doit toujours se conjuguer au pr\u00e9sent\u202f\u00bb.<\/p>\n<p>Rien n\u2019est pourtant r\u00e9gl\u00e9. Donald Trump poursuit son entreprise de contournement de l\u2019ordre multilat\u00e9ral avec son n\u00e9buleux \u00ab\u202fconseil de la paix\u202f\u00bb, sorte de club priv\u00e9 o\u00f9 l\u2019on ach\u00e8te son si\u00e8ge \u00e0 coups de milliards. La composition de ce Board of Peace\u00a0dit tout\u2009: monarchies complaisantes, r\u00e9gimes autoritaires, alli\u00e9s int\u00e9ress\u00e9s. Une structure pens\u00e9e pour affaiblir, voire remplacer, le G7, le G20 et l\u2019ONU. \u00c0 d\u00e9faut de paix, c\u2019est bien la loi du plus fort qui s\u2019y dessine. \u00ab\u202fLa tyrannie maintenant\u202f\u00bb pourrait en \u00eatre la devise officieuse.<\/p>\n<p>Face \u00e0 cela, \u00e0 Davos, <a href=\"https:\/\/www.latribune.fr\/article\/la-tribune-dimanche\/dans-le-monde\/4090634905011614\/des-menaces-tarifaires-inacceptables-emmanuel-macron-repond-a-trump-sur-le-groenland\" target=\"_blank\" article-id=\"4090634905011614\" rel=\"noopener\">Emmanuel Macron<\/a> est mont\u00e9 en premi\u00e8re ligne. Il y a prononc\u00e9 sans doute son discours de politique \u00e9trang\u00e8re le plus abouti depuis le d\u00e9but de son second mandat. En opposant \u00ab\u202fl\u2019\u00c9tat de droit \u00e0 la brutalit\u00e9\u202f\u00bb, il a rappel\u00e9 ce qui fonde encore de v\u00e9ritables relations internationales. Peu importe, au fond, les sarcasmes de cour de r\u00e9cr\u00e9ation sur ses lunettes de soleil.<\/p>\n<p>Ce qu\u2019il faut retenir, c\u2019est la capacit\u00e9 retrouv\u00e9e des <a href=\"https:\/\/www.latribune.fr\/article\/la-tribune-dimanche\/dans-le-monde\/12719201614001\/exclusif-ursula-von-der-leyen-a-l-ere-de-l-instabilite-l-accord-ue-mercosur-renforce-l-europe\" target=\"_blank\" article-id=\"12719201614001\" rel=\"noopener\">Europ\u00e9ens<\/a> \u2013\u202favec le Canada\u202f\u2013 \u00e0 faire bloc autour de valeurs simples\u2009: respect, libert\u00e9, dignit\u00e9. Cette Europe-l\u00e0, d\u00e9fendue notamment par Londres et Copenhague, parle \u00e0 ses citoyens parce qu\u2019elle ne sacrifie pas l\u2019humain sur l\u2019autel des seuls int\u00e9r\u00eats commerciaux. Elle s\u2019incarne aussi dans la coalition des volontaires, <a href=\"https:\/\/www.latribune.fr\/article\/economie\/international\/50748252414623\/l-union-europeenne-acte-un-pret-de-90-milliards-d-euros-pour-l-ukraine-sans-les-avoirs-russes\" target=\"_blank\" article-id=\"50748252414623\" rel=\"noopener\">pr\u00eate \u00e0 soutenir l\u2019Ukraine<\/a> face au pr\u00e9dateur russe.<\/p>\n<p>Que le pr\u00e9sident fran\u00e7ais ait sonn\u00e9 le tocsin contre l\u2019h\u00e9g\u00e9monisme trumpien flatte une fibre nationale bien connue\u2009: celle de David face \u00e0 Goliath, du pot de terre contre le pot de fer. Fait rare, Jean-Luc M\u00e9lenchon n\u2019a rien trouv\u00e9 \u00e0 redire \u00e0 ce discours de fermet\u00e9. Jordan Bardella lui-m\u00eame, eurosceptique revendiqu\u00e9 et admirateur des m\u00e9thodes exp\u00e9ditives de Trump, a appel\u00e9 \u00e0 l\u2019aide\u2026 l\u2019Europe.<\/p>\n<p>La semaine fut donc paradoxale pour Emmanuel Macron. <a href=\"https:\/\/www.latribune.fr\/economie\/france\/emmanuel-macron-des-lendemains-si-incertains-1001679.html\" target=\"_blank\" article-id=\"2014956250430515\" rel=\"noopener\">Pr\u00e9sident affaibli<\/a> sur la sc\u00e8ne int\u00e9rieure, contraint \u00e0 <a href=\"https:\/\/www.latribune.fr\/article\/la-tribune-dimanche\/politique\/3575111521291214\/budget-2026-le-ps-a-t-il-vendu-la-meche-trop-tot?id=3575111521291214\" target=\"_blank\" article-id=\"3575111521291214\" rel=\"noopener\">un budget \u00e0 coloration socialiste<\/a>, il s\u2019est mu\u00e9 \u00e0 l\u2019international en h\u00e9ros des d\u00e9mocraties europ\u00e9ennes. Panache, honneur, libert\u00e9. Peut-\u00eatre, au fond, l\u2019illustration de cette intuition de Milan Kundera\u2009: \u00ab\u202fApr\u00e8s avoir \u00e9t\u00e9 longtemps le cerveau de l\u2019Europe, Paris est encore aujourd\u2019hui la capitale de quelque chose de plus que la France.\u202f\u00bb<\/p>\n","protected":false},"excerpt":{"rendered":"Ce moment groenlandais restera-t-il comme le point de d\u00e9part d\u2019une franche r\u00e9volte europ\u00e9enne face \u00e0 l\u2019Am\u00e9rique de Donald&hellip;\n","protected":false},"author":2,"featured_media":422812,"comment_status":"","ping_status":"","sticky":false,"template":"","format":"standard","meta":{"footnotes":""},"categories":[1586],"tags":[5734,11,3211,28489,18165,1777,674,1011,27,19249,52117,30478,78348,40417,3102,12,13406,3837,25,78347],"class_list":{"0":"post-687027","1":"post","2":"type-post","3":"status-publish","4":"format-standard","5":"has-post-thumbnail","7":"category-europe","8":"tag-5734","9":"tag-actualites","10":"tag-bruno","11":"tag-citoyens","12":"tag-commerciaux","13":"tag-eu","14":"tag-europe","15":"tag-fr","16":"tag-france","17":"tag-interets","18":"tag-jeudy","19":"tag-ledito","20":"tag-lautel","21":"tag-lhumain","22":"tag-la-tribune-dimanche","23":"tag-news","24":"tag-parle","25":"tag-quelle","26":"tag-republique-francaise","27":"tag-sacrifie"},"share_on_mastodon":{"url":"https:\/\/pubeurope.com\/@fr\/115952572457121350","error":""},"_links":{"self":[{"href":"https:\/\/www.europesays.com\/fr\/wp-json\/wp\/v2\/posts\/687027","targetHints":{"allow":["GET"]}}],"collection":[{"href":"https:\/\/www.europesays.com\/fr\/wp-json\/wp\/v2\/posts"}],"about":[{"href":"https:\/\/www.europesays.com\/fr\/wp-json\/wp\/v2\/types\/post"}],"author":[{"embeddable":true,"href":"https:\/\/www.europesays.com\/fr\/wp-json\/wp\/v2\/users\/2"}],"replies":[{"embeddable":true,"href":"https:\/\/www.europesays.com\/fr\/wp-json\/wp\/v2\/comments?post=687027"}],"version-history":[{"count":0,"href":"https:\/\/www.europesays.com\/fr\/wp-json\/wp\/v2\/posts\/687027\/revisions"}],"wp:featuredmedia":[{"embeddable":true,"href":"https:\/\/www.europesays.com\/fr\/wp-json\/wp\/v2\/media\/422812"}],"wp:attachment":[{"href":"https:\/\/www.europesays.com\/fr\/wp-json\/wp\/v2\/media?parent=687027"}],"wp:term":[{"taxonomy":"category","embeddable":true,"href":"https:\/\/www.europesays.com\/fr\/wp-json\/wp\/v2\/categories?post=687027"},{"taxonomy":"post_tag","embeddable":true,"href":"https:\/\/www.europesays.com\/fr\/wp-json\/wp\/v2\/tags?post=687027"}],"curies":[{"name":"wp","href":"https:\/\/api.w.org\/{rel}","templated":true}]}}