{"id":687046,"date":"2026-01-24T23:16:10","date_gmt":"2026-01-24T23:16:10","guid":{"rendered":"https:\/\/www.europesays.com\/fr\/687046\/"},"modified":"2026-01-24T23:16:10","modified_gmt":"2026-01-24T23:16:10","slug":"violences-conjugales-le-rappeur-doums-juge-le-29-juin-pour-avoir-agresse-son-ex-lactrice-adele-exarchopoulos","status":"publish","type":"post","link":"https:\/\/www.europesays.com\/fr\/687046\/","title":{"rendered":"Violences conjugales : Le rappeur Doums jug\u00e9 le 29 juin pour avoir agress\u00e9 son ex, l\u2019actrice Ad\u00e8le Exarchopoulos"},"content":{"rendered":"<p class=\"mb-4 text-lg md:leading-8 break-words\"><strong>Violences faites aux femmes &#8211; Mamadou Coulibaly de son vrai nom a \u00e9t\u00e9 plac\u00e9 en garde \u00e0 vue jeudi pour violences habituelles sur Ad\u00e8le Exarchopoulos et non respect d\u2019une ordonnance de protection<\/strong><\/p>\n<p class=\"mb-4 text-lg md:leading-8 break-words\">Nouveau proc\u00e8s en vue pour le <a href=\"https:\/\/www.20minutes.fr\/dossier\/rappeur?at_medium=RSS%20feed&amp;at_campaign=ynews&amp;utm_source=yahoo&amp;utm_medium=rss&amp;utm_campaign=news_feed&amp;utm_content=in_article_link\" rel=\"nofollow noopener\" target=\"_blank\" data-ylk=\"slk:rappeur;elm:context_link;itc:0;sec:content-canvas\" class=\"link \">rappeur <\/a>Doums. D\u00e9j\u00e0 convoqu\u00e9 \u00e0 Cr\u00e9teil en f\u00e9vrier pour <a href=\"https:\/\/www.20minutes.fr\/dossier\/violences_conjugales?at_medium=RSS%20feed&amp;at_campaign=ynews&amp;utm_source=yahoo&amp;utm_medium=rss&amp;utm_campaign=news_feed&amp;utm_content=in_article_link\" rel=\"nofollow noopener\" target=\"_blank\" data-ylk=\"slk:violences;elm:context_link;itc:0;sec:content-canvas\" class=\"link \">violences <\/a>sur son actuelle compagne, il compara\u00eetra fin juin \u00e0 Paris pour violences conjugales sur son ex, <a href=\"https:\/\/www.20minutes.fr\/dossier\/adele_exarchopoulos?at_medium=RSS%20feed&amp;at_campaign=ynews&amp;utm_source=yahoo&amp;utm_medium=rss&amp;utm_campaign=news_feed&amp;utm_content=in_article_link\" rel=\"nofollow noopener\" target=\"_blank\" data-ylk=\"slk:Ad\u00e8le Exarchopoulos;elm:context_link;itc:0;sec:content-canvas\" class=\"link \">Ad\u00e8le Exarchopoulos<\/a>. Doums, de son vrai nom Mamadou Coulibaly, avait \u00e9t\u00e9 plac\u00e9 en garde \u00e0 vue jeudi apr\u00e8s-midi pour violences habituelles (c\u2019est-\u00e0-dire fr\u00e9quentes et r\u00e9p\u00e9t\u00e9es) par conjoint sur <a href=\"https:\/\/www.20minutes.fr\/dossier\/actrice?at_medium=RSS%20feed&amp;at_campaign=ynews&amp;utm_source=yahoo&amp;utm_medium=rss&amp;utm_campaign=news_feed&amp;utm_content=in_article_link\" rel=\"nofollow noopener\" target=\"_blank\" data-ylk=\"slk:l\u2019actrice;elm:context_link;itc:0;sec:content-canvas\" class=\"link \">l\u2019actrice <\/a>et non respect d\u2019une ordonnance de protection, selon une source polici\u00e8re.<\/p>\n<p class=\"mb-4 text-lg md:leading-8 break-words\">A l\u2019issue de sa garde \u00e0 vue samedi, il a \u00e9t\u00e9 convoqu\u00e9 \u00e0 une audience devant le <a href=\"https:\/\/www.20minutes.fr\/dossier\/tribunal?at_medium=RSS%20feed&amp;at_campaign=ynews&amp;utm_source=yahoo&amp;utm_medium=rss&amp;utm_campaign=news_feed&amp;utm_content=in_article_link\" rel=\"nofollow noopener\" target=\"_blank\" data-ylk=\"slk:tribunal;elm:context_link;itc:0;sec:content-canvas\" class=\"link \">tribunal<\/a> correctionnel de Paris, pr\u00e9vue le 29 juin, o\u00f9 il compara\u00eetra pour violences conjugales sur l\u2019actrice. Contact\u00e9e par l\u2019AFP, l\u2019avocate de Doums, Me Marie Coiffier, n\u2019a pas souhait\u00e9 r\u00e9agir.<\/p>\n<p>L\u2019actrice esp\u00e9rait \u00e9viter la m\u00e9diatisation de l\u2019affaire<\/p>\n<p class=\"mb-4 text-lg md:leading-8 break-words\">La plainte, d\u00e9pos\u00e9e en octobre 2024 par Ad\u00e8le Exarchopoulos, d\u00e9non\u00e7ait des <a href=\"https:\/\/www.20minutes.fr\/dossier\/violences_faites_aux_femmes?at_medium=RSS%20feed&amp;at_campaign=ynews&amp;utm_source=yahoo&amp;utm_medium=rss&amp;utm_campaign=news_feed&amp;utm_content=in_article_link\" rel=\"nofollow noopener\" target=\"_blank\" data-ylk=\"slk:violences;elm:context_link;itc:0;sec:content-canvas\" class=\"link \">violences <\/a>\u00ab entre 2017 et 2024 \u00bb d\u2019apr\u00e8s le parquet. Sollicit\u00e9e par l\u2019AFP, l\u2019avocate de la com\u00e9dienne, Me Marie Grimaud, a indiqu\u00e9 que ni sa cliente, ni elle, ne souhaitaient communiquer \u00e0 ce stade. Ad\u00e8le Exarchopoulos, qui a eu un fils avec Doums, voulait \u00e9viter la m\u00e9diatisation de cette affaire, avaient d\u00e9j\u00e0 insist\u00e9 aupr\u00e8s de l\u2019AFP deux autres sources proches du dossier au moment de la r\u00e9v\u00e9lation de la garde \u00e0 vue dans Le Parisien.<\/p>\n<p class=\"mb-4 text-lg md:leading-8 break-words\">Plus t\u00f4t dans le mois, Doums avait \u00e9t\u00e9 entendu dans une autre affaire de violences conjugales, \u00e0 l\u2019encontre de son actuelle compagne. Il a fait l\u2019objet d\u2019une garde \u00e0 vue le 11 janvier \u00e0 (&#8230;)<\/p>\n<p class=\"mb-4 text-lg md:leading-8 break-words\"><a href=\"https:\/\/www.20minutes.fr\/justice\/4197821-20260124-violences-conjugales-rappeur-doums-juge-29-juin-avoir-agresse-ex-actrice-adele-exarchopoulos?at_medium=RSS%20feed&amp;at_campaign=ynews&amp;utm_source=yahoo&amp;utm_medium=rss&amp;utm_campaign=news_feed&amp;utm_content=read_more_link&quot;\" rel=\"nofollow noopener\" target=\"_blank\" data-ylk=\"slk:Lire la suite sur 20minutes;elm:context_link;itc:0;sec:content-canvas\" class=\"link \">Lire la suite sur 20minutes<\/a><\/p>\n<p>\u00c0 lire aussi :<br \/><a href=\"https:\/\/www.20minutes.fr\/faits_divers\/4197762-20260123-rappeur-doums-garde-vue-violences-actrice-adele-exarchopoulos?at_medium=RSS%20feed&amp;at_campaign=ynews&amp;utm_source=yahoo&amp;utm_medium=rss&amp;utm_campaign=news_feed&amp;utm_content=related_content_link\" rel=\"nofollow noopener\" target=\"_blank\" data-ylk=\"slk:Le rappeur Doums en garde \u00e0 vue pour des violences sur l\u2019actrice Ad\u00e8le Exarchopoulos;elm:context_link;itc:0;sec:content-canvas\" class=\"link \">Le rappeur Doums en garde \u00e0 vue pour des violences sur l\u2019actrice Ad\u00e8le Exarchopoulos<\/a><br \/><a href=\"https:\/\/www.20minutes.fr\/justice\/4195613-20260112-rappeur-doums-place-garde-vue-violences-conjugales?at_medium=RSS%20feed&amp;at_campaign=ynews&amp;utm_source=yahoo&amp;utm_medium=rss&amp;utm_campaign=news_feed&amp;utm_content=related_content_link\" rel=\"nofollow noopener\" target=\"_blank\" data-ylk=\"slk:Le rappeur Doums plac\u00e9 en garde \u00e0 vue pour violences conjugales;elm:context_link;itc:0;sec:content-canvas\" class=\"link \">Le rappeur Doums plac\u00e9 en garde \u00e0 vue pour violences conjugales <\/a><\/p>\n","protected":false},"excerpt":{"rendered":"Violences faites aux femmes &#8211; Mamadou Coulibaly de son vrai nom a \u00e9t\u00e9 plac\u00e9 en garde \u00e0 vue&hellip;\n","protected":false},"author":2,"featured_media":687047,"comment_status":"","ping_status":"","sticky":false,"template":"","format":"standard","meta":{"footnotes":""},"categories":[1359],"tags":[34114,58,78176,59,1011,27,7774,72626,973,798,797],"class_list":{"0":"post-687046","1":"post","2":"type-post","3":"status-publish","4":"format-standard","5":"has-post-thumbnail","7":"category-people","8":"tag-adele-exarchopoulos","9":"tag-divertissement","10":"tag-doums","11":"tag-entertainment","12":"tag-fr","13":"tag-france","14":"tag-garde-a-vue","15":"tag-mamadou-coulibaly","16":"tag-people","17":"tag-violences-conjugales","18":"tag-violences-faites-aux-femmes"},"share_on_mastodon":{"url":"https:\/\/pubeurope.com\/@fr\/115952627505046592","error":""},"_links":{"self":[{"href":"https:\/\/www.europesays.com\/fr\/wp-json\/wp\/v2\/posts\/687046","targetHints":{"allow":["GET"]}}],"collection":[{"href":"https:\/\/www.europesays.com\/fr\/wp-json\/wp\/v2\/posts"}],"about":[{"href":"https:\/\/www.europesays.com\/fr\/wp-json\/wp\/v2\/types\/post"}],"author":[{"embeddable":true,"href":"https:\/\/www.europesays.com\/fr\/wp-json\/wp\/v2\/users\/2"}],"replies":[{"embeddable":true,"href":"https:\/\/www.europesays.com\/fr\/wp-json\/wp\/v2\/comments?post=687046"}],"version-history":[{"count":0,"href":"https:\/\/www.europesays.com\/fr\/wp-json\/wp\/v2\/posts\/687046\/revisions"}],"wp:featuredmedia":[{"embeddable":true,"href":"https:\/\/www.europesays.com\/fr\/wp-json\/wp\/v2\/media\/687047"}],"wp:attachment":[{"href":"https:\/\/www.europesays.com\/fr\/wp-json\/wp\/v2\/media?parent=687046"}],"wp:term":[{"taxonomy":"category","embeddable":true,"href":"https:\/\/www.europesays.com\/fr\/wp-json\/wp\/v2\/categories?post=687046"},{"taxonomy":"post_tag","embeddable":true,"href":"https:\/\/www.europesays.com\/fr\/wp-json\/wp\/v2\/tags?post=687046"}],"curies":[{"name":"wp","href":"https:\/\/api.w.org\/{rel}","templated":true}]}}