{"id":68713,"date":"2025-05-02T06:50:08","date_gmt":"2025-05-02T06:50:08","guid":{"rendered":"https:\/\/www.europesays.com\/fr\/68713\/"},"modified":"2025-05-02T06:50:08","modified_gmt":"2025-05-02T06:50:08","slug":"les-europeens-preparent-de-nouvelles-sanctions-contre-la-russie-le-seul-obstacle-a-la-paix-en-ukraine-aujourdhui-cest-vladimir-poutine","status":"publish","type":"post","link":"https:\/\/www.europesays.com\/fr\/68713\/","title":{"rendered":"Les Europ\u00e9ens pr\u00e9parent de nouvelles sanctions contre la Russie\u00a0: \u00ab\u00a0Le seul obstacle \u00e0 la paix en Ukraine aujourd&rsquo;hui c&rsquo;est Vladimir Poutine\u00a0\u00bb"},"content":{"rendered":"<p class=\"ap-StoryElement ap-StoryElement--mb ap-StoryText\">\u00ab\u00a0Nous allons, nous Europ\u00e9ens, accompagner cette initiative am\u00e9ricaine avec un 17e paquet de sanctions et je me suis engag\u00e9 hier (mercredi) aupr\u00e8s de Lindsey Graham \u00e0 ce que nous tentions de coordonner, \u00e0 la fois sur la substance mais aussi sur le calendrier, ces deux paquets de sanctions\u00a0\u00bb, a d\u00e9clar\u00e9 le ministre fran\u00e7ais en r\u00e9f\u00e9rence au s\u00e9nateur r\u00e9publicain qui a propos\u00e9 cette semaine de durcir les sanctions am\u00e9ricaines contre Moscou.<\/p>\n<p>\u00ab\u00a0C&rsquo;est clair comme de l&rsquo;eau de roche\u00a0\u00bb<\/p>\n<p class=\"ap-StoryElement ap-StoryElement--mb ap-StoryText\">\u00ab\u00a0Il faut le reconna\u00eetre, je crois que d\u00e9sormais, c&rsquo;est clair comme de l&rsquo;eau de roche, que le seul obstacle \u00e0 la paix en Ukraine aujourd&rsquo;hui c&rsquo;est Vladimir Poutine\u00a0\u00bb, a-t-il d\u00e9clar\u00e9 dans une interview \u00e0 l&rsquo;AFP, en soulignant que l&rsquo;Ukraine avait \u00ab\u00a0tenu sa part du march\u00e9\u00a0\u00bb.<\/p>\n","protected":false},"excerpt":{"rendered":"\u00ab\u00a0Nous allons, nous Europ\u00e9ens, accompagner cette initiative am\u00e9ricaine avec un 17e paquet de sanctions et je me suis&hellip;\n","protected":false},"author":2,"featured_media":68714,"comment_status":"","ping_status":"","sticky":false,"template":"","format":"standard","meta":{"footnotes":""},"categories":[1591],"tags":[11,2120,312,1887,27,1146,12,1885,1886,132,1778,220],"class_list":{"0":"post-68713","1":"post","2":"type-post","3":"status-publish","4":"format-standard","5":"has-post-thumbnail","7":"category-russie","8":"tag-actualites","9":"tag-conflit","10":"tag-diplomatie","11":"tag-federation-de-russie","12":"tag-france","13":"tag-guerre","14":"tag-news","15":"tag-russia","16":"tag-russian-federation","17":"tag-russie","18":"tag-ue","19":"tag-ukraine"},"share_on_mastodon":{"url":"https:\/\/pubeurope.com\/@fr\/114436913458446180","error":""},"_links":{"self":[{"href":"https:\/\/www.europesays.com\/fr\/wp-json\/wp\/v2\/posts\/68713","targetHints":{"allow":["GET"]}}],"collection":[{"href":"https:\/\/www.europesays.com\/fr\/wp-json\/wp\/v2\/posts"}],"about":[{"href":"https:\/\/www.europesays.com\/fr\/wp-json\/wp\/v2\/types\/post"}],"author":[{"embeddable":true,"href":"https:\/\/www.europesays.com\/fr\/wp-json\/wp\/v2\/users\/2"}],"replies":[{"embeddable":true,"href":"https:\/\/www.europesays.com\/fr\/wp-json\/wp\/v2\/comments?post=68713"}],"version-history":[{"count":0,"href":"https:\/\/www.europesays.com\/fr\/wp-json\/wp\/v2\/posts\/68713\/revisions"}],"wp:featuredmedia":[{"embeddable":true,"href":"https:\/\/www.europesays.com\/fr\/wp-json\/wp\/v2\/media\/68714"}],"wp:attachment":[{"href":"https:\/\/www.europesays.com\/fr\/wp-json\/wp\/v2\/media?parent=68713"}],"wp:term":[{"taxonomy":"category","embeddable":true,"href":"https:\/\/www.europesays.com\/fr\/wp-json\/wp\/v2\/categories?post=68713"},{"taxonomy":"post_tag","embeddable":true,"href":"https:\/\/www.europesays.com\/fr\/wp-json\/wp\/v2\/tags?post=68713"}],"curies":[{"name":"wp","href":"https:\/\/api.w.org\/{rel}","templated":true}]}}