{"id":687149,"date":"2026-01-25T00:34:11","date_gmt":"2026-01-25T00:34:11","guid":{"rendered":"https:\/\/www.europesays.com\/fr\/687149\/"},"modified":"2026-01-25T00:34:11","modified_gmt":"2026-01-25T00:34:11","slug":"cyclisme-challenge-mallorca-maeva-squiban-bat-reusser-sur-le-trofeo-marratxi-felanitx","status":"publish","type":"post","link":"https:\/\/www.europesays.com\/fr\/687149\/","title":{"rendered":"Cyclisme. Challenge Mallorca &#8211; Ma\u00ebva Squiban bat Reusser sur le Trofeo Marratxi-Felanitx"},"content":{"rendered":"<p>R\u00e9v\u00e9lation de la saison 2025, <strong><a href=\"https:\/\/www.cyclismactu.net\/..\/news-tour-de-ardeche-feminin-route-maeva-squiban-pauline-m-a-donne-des-conseils-90040.html\" target=\"_blank\" rel=\"noopener\">Ma\u00ebva Squiban<\/a> <\/strong>commence 2026 sur les chapeaux de roues ! En effet, le Fran\u00e7aise de la formation <strong><a href=\"https:\/\/www.cyclismactu.net\/..\/news-tour-down-under-route-paula-blasi-la-communication-chez-uae-n-a-pas-ete-bonne-91632.html\" target=\"_blank\" rel=\"noopener\">UAE Team ADQ<\/a><\/strong> s&rsquo;est impos\u00e9e ce samedi pour sa course de reprise \u00e0 l&rsquo;occasion du <strong>Trofeo Marratxi-Felanitx<\/strong>, premi\u00e8re manche du\u00a0<strong>Challenge de Majorque<\/strong>. Impressionnante dans la mont\u00e9e finale du Puig de Sant Salvador (5,1km \u00e0 6,5%), <strong>Squiban <\/strong>a r\u00e9ussi \u00e0 d\u00e9crocher toutes ses concurrentes, hormis\u00a0<strong>Marlen Reusser<\/strong> (Movistar), avant de battre la Suissesse au sprint.<\/p>\n<p>Vid\u00e9o &#8211; Squiban, double vainqueure d&rsquo;\u00e9tapes sur le Tour de France Lire la suite de l&rsquo;article&#13;<\/p>\n<blockquote class=\"twitter-tweet\" style=\"width:100%!important;max-width:550px!important;min-width:250px;height:500px;\" data-media-max-width=\"560\"><p>&#13;<\/p>\n<p dir=\"ltr\" lang=\"es\">\u00a1Se destap\u00f3 en el Tour del curso pasado y hoy Ma\u00ebva Squiban le ha ganado de t\u00fa a t\u00fa a Marlen Reusser!<\/p>\n<p>Gran victoria de la francesa para llevarse el Trofeo Felanitx en el primero de estos tres d\u00edas de <a href=\"https:\/\/twitter.com\/ChallengeMca?ref_src=twsrc%5Etfw\" target=\"_blank\" rel=\"noopener\">@ChallengeMca<\/a> <a href=\"https:\/\/t.co\/ImrWmnS7Re\">pic.twitter.com\/ImrWmnS7Re<\/a><\/p>\n<p>&#13;<br \/>\n\u2014 Teledeporte (@teledeporte) <a href=\"https:\/\/twitter.com\/teledeporte\/status\/2015082380998910033?ref_src=twsrc%5Etfw\" target=\"_blank\" rel=\"noopener\">January 24, 2026<\/a><\/p><\/blockquote>\n<p>&#13;<br \/>\n&#13;<\/p>\n<p>\u00a0<\/p>\n<p>&#13;<br \/>\nLe show Squiban&#13;<\/p>\n<p>La Fran\u00e7aise a multipli\u00e9 les attaques dans la mont\u00e9e finale du Puig de Sant Salvador aux c\u00f4t\u00e9s de <strong>Marlen Reusser <\/strong>(Movistar Team). Une fois au sommet, <strong>Squiban <\/strong>s\u2019est montr\u00e9e la plus rapide dans le sprint \u00e0 deux et a d\u00e9croch\u00e9 la victoire. Elle a pu compter sur une d\u00e9monstration de travail collectif de ses co\u00e9quipi\u00e8res d\u2019<strong>UAE Team ADQ<\/strong>, <strong>Silvia Persico<\/strong> et <strong>Karlijn Swinkels<\/strong>, dans les pentes inf\u00e9rieures de cette ascension de cinq kilom\u00e8tres, avant de s\u2019isoler avec <strong>Reusser <\/strong>sous la flamme rouge. Malgr\u00e9 cet effort titanesque, <strong>Persico <\/strong>a r\u00e9ussi \u00e0 conserver la troisi\u00e8me place, \u00e0 30 secondes de la t\u00eate, tandis que <strong>Swinkels<\/strong> terminait \u00e9galement dans le top 5, \u00e0 la cinqui\u00e8me position.<\/p>\n<p>Trophee Marratxi-Felanitx (F) &#8211; Classement g\u00e9n\u00e9ral<script async src=\"https:\/\/platform.twitter.com\/widgets.js\" charset=\"utf-8\"><\/script><\/p>\n","protected":false},"excerpt":{"rendered":"R\u00e9v\u00e9lation de la saison 2025, Ma\u00ebva Squiban commence 2026 sur les chapeaux de roues ! En effet, le&hellip;\n","protected":false},"author":2,"featured_media":687150,"comment_status":"","ping_status":"","sticky":false,"template":"","format":"standard","meta":{"footnotes":""},"categories":[1411],"tags":[78364,1154,207,211,1011,27,209,60,210,212,208,213],"class_list":{"0":"post-687149","1":"post","2":"type-post","3":"status-publish","4":"format-standard","5":"has-post-thumbnail","7":"category-cyclisme","8":"tag-challenge-mallorca","9":"tag-cycling","10":"tag-cyclisme","11":"tag-ffc","12":"tag-fr","13":"tag-france","14":"tag-route","15":"tag-sports","16":"tag-tour-de-france","17":"tag-uci","18":"tag-velo","19":"tag-world-tour"},"share_on_mastodon":{"url":"https:\/\/pubeurope.com\/@fr\/115952934319985083","error":""},"_links":{"self":[{"href":"https:\/\/www.europesays.com\/fr\/wp-json\/wp\/v2\/posts\/687149","targetHints":{"allow":["GET"]}}],"collection":[{"href":"https:\/\/www.europesays.com\/fr\/wp-json\/wp\/v2\/posts"}],"about":[{"href":"https:\/\/www.europesays.com\/fr\/wp-json\/wp\/v2\/types\/post"}],"author":[{"embeddable":true,"href":"https:\/\/www.europesays.com\/fr\/wp-json\/wp\/v2\/users\/2"}],"replies":[{"embeddable":true,"href":"https:\/\/www.europesays.com\/fr\/wp-json\/wp\/v2\/comments?post=687149"}],"version-history":[{"count":0,"href":"https:\/\/www.europesays.com\/fr\/wp-json\/wp\/v2\/posts\/687149\/revisions"}],"wp:featuredmedia":[{"embeddable":true,"href":"https:\/\/www.europesays.com\/fr\/wp-json\/wp\/v2\/media\/687150"}],"wp:attachment":[{"href":"https:\/\/www.europesays.com\/fr\/wp-json\/wp\/v2\/media?parent=687149"}],"wp:term":[{"taxonomy":"category","embeddable":true,"href":"https:\/\/www.europesays.com\/fr\/wp-json\/wp\/v2\/categories?post=687149"},{"taxonomy":"post_tag","embeddable":true,"href":"https:\/\/www.europesays.com\/fr\/wp-json\/wp\/v2\/tags?post=687149"}],"curies":[{"name":"wp","href":"https:\/\/api.w.org\/{rel}","templated":true}]}}