{"id":687160,"date":"2026-01-25T00:41:24","date_gmt":"2026-01-25T00:41:24","guid":{"rendered":"https:\/\/www.europesays.com\/fr\/687160\/"},"modified":"2026-01-25T00:41:24","modified_gmt":"2026-01-25T00:41:24","slug":"un-de-mes-preferes-il-ne-vous-reste-que-quelques-semaines-pour-voir-ce-film-sublime-sur-netflix","status":"publish","type":"post","link":"https:\/\/www.europesays.com\/fr\/687160\/","title":{"rendered":"\u00ab\u00a0Un de mes pr\u00e9f\u00e9r\u00e9s\u00a0\u00bb : Il ne vous reste que quelques semaines pour voir ce film sublime sur Netflix"},"content":{"rendered":"<p>Ce tr\u00e8s beau film sorti en 2005 vit ses derni\u00e8res semaines sur la plateforme de streaming Netflix. Il ne reste donc plus beaucoup de temps pour voir ou revoir ce classique qui fait tant r\u00e9agir les internautes.<\/p>\n<p>Lorsque les productions ne sont pas produites par Netflix, les films qui sont pr\u00e9sents au sein du catalogue de la plateforme de streaming ne sont l\u00e0 que pour un temps. Succ\u00e8s ou pas, le g\u00e9ant de la SVOD doit les retirer au bout d\u2019un moment. Des retraits qui laissent forc\u00e9ment place \u00e0 des nouveaut\u00e9s par la suite. Par exemple, le 23 janvier 2026, c\u2019est <a href=\"https:\/\/www.programme-tv.net\/news\/cinema\/364769-j-ai-besoin-de-regarder-les-autres-gilles-lellouche-emu-en-evoquant-une-scene-importante-de-son-film-l-amour-ouf-video\/\" data-api-deeplink=\"teleloisirs:\/\/news\/364769\" target=\"_blank\" rel=\"noopener\">le film L\u2019amour ouf de Gilles Lellouche<\/a> qui sera ajout\u00e9 au catalogue du g\u00e9ant de la SVOD. Le m\u00eame jour, ce sont les deux volets de La panth\u00e8re rose qui seront mis en ligne. Quant au 31 janvier 2026, c\u2019est <a href=\"https:\/\/www.programme-tv.net\/news\/cinema\/370060-exclu-une-reussite-grand-corps-malade-fier-de-son-film-monsieur-aznavour-se-livre-sur-ses-reves-de-cesar-2025-avec-tahar-rahim\/\" data-api-deeplink=\"teleloisirs:\/\/news\/370060\" target=\"_blank\" rel=\"noopener\">Monsieur Aznavour de Grand Corps Malade qui sera ajout\u00e9 au catalogue et pour ce dernier, c&rsquo;est une vraie r\u00e9ussite.<\/a><\/p>\n<p>Ce film oscaris\u00e9 de 2005 vit ses derniers moments sur Netflix<\/p>\n<p>Du c\u00f4t\u00e9 des d\u00e9parts, il y en aura un qui va s\u00fbrement bouleverser les fans de Rob Marshall, puisqu\u2019il s\u2019agit de M\u00e9moire d\u2019une geisha, oscaris\u00e9 \u00e0 trois reprises et sorti en 2005 au cin\u00e9ma. <a href=\"https:\/\/www.programme-tv.net\/news\/cinema\/298214-memoires-dune-geisha-sur-netflix-pourquoi-le-film-a-t-il-cree-la-polemique-en-chine\/\" data-api-deeplink=\"teleloisirs:\/\/news\/298214\" target=\"_blank\" rel=\"noopener\">Le film, qui a fait pol\u00e9mique en Chine<\/a>, se d\u00e9roule avant la Seconde Guerre mondiale o\u00f9 Chiyo, une petite fille japonaise, est arrach\u00e9e \u00e0 sa famille pauvre pour aller travailler comme servante dans une maison de geishas. En grandissant, elle se plie avec docilit\u00e9 \u00e0 l\u2019initiation difficile qui fera d\u2019elle une vraie geisha. Apr\u00e8s des ann\u00e9es d\u2019un travail acharn\u00e9, elle devient alors la l\u00e9gendaire geisha Sayuri qui fascine les hommes les plus puissants. Si elle a l\u2019interdiction d\u2019aimer, Chiyo a toujours des sentiments enfouis en elle pour un homme qu\u2019elle ne peut pas atteindre. Juste avant son retrait de Netflix, les abonn\u00e9s de T\u00e9l\u00e9-Loisirs l\u2019ont \u00e9voqu\u00e9 sur Facebook et ils sont unanimes pour dire que l\u2019histoire racont\u00e9e est tr\u00e8s belle.<\/p>\n<p>Parmi les commentaires qui ont \u00e9t\u00e9 publi\u00e9s, on a notamment pu lire : \u00ab\u00a0Un de mes films pr\u00e9f\u00e9r\u00e9s, magnifique\u00a0\u00bb, \u00ab\u00a0Il est magnifique j\u2019avais vu le film et j\u2019ai lu le livre et je suis fan \u00e0 souhait\u00a0\u00bb, \u00ab\u00a0J\u2019ai ador\u00e9 ! Plein d\u2019\u00e9motions ce film\u00a0\u00bb, \u00ab\u00a0Un film dont on se souvient\u00a0\u00bb ou encore \u00ab\u00a0Tr\u00e8s belle histoire d\u2019amour.\u00a0\u00bb Malheureusement pour M\u00e9moire d\u2019une Geisha, le temps est donc compt\u00e9 sur Netflix. Le film sera retir\u00e9 de la plateforme de streaming le samedi 14 f\u00e9vrier prochain.<\/p>\n<p>Article \u00e9crit avec la collaboration de 6m\u00e9dias.<\/p>\n","protected":false},"excerpt":{"rendered":"Ce tr\u00e8s beau film sorti en 2005 vit ses derni\u00e8res semaines sur la plateforme de streaming Netflix. Il&hellip;\n","protected":false},"author":2,"featured_media":687161,"comment_status":"","ping_status":"","sticky":false,"template":"","format":"standard","meta":{"footnotes":""},"categories":[1354],"tags":[1409,244,58,59,1346,1011,27,78365,1360,78367,127,1722,46902,129,4582,78366],"class_list":{"0":"post-687160","1":"post","2":"type-post","3":"status-publish","4":"format-standard","5":"has-post-thumbnail","7":"category-films","8":"tag-bande-annonce","9":"tag-commentaire","10":"tag-divertissement","11":"tag-entertainment","12":"tag-films","13":"tag-fr","14":"tag-france","15":"tag-guid_3037819044001","16":"tag-movies","17":"tag-mu00e9moires-dune-geisha","18":"tag-netflix","19":"tag-pub-streaming-netflix","20":"tag-rob-marshall","21":"tag-svod","22":"tag-tel","23":"tag-uuid_03be7b1b-454f-4624-a9e4-fd6cb3cb4d5e"},"share_on_mastodon":{"url":"https:\/\/pubeurope.com\/@fr\/115952961871616441","error":""},"_links":{"self":[{"href":"https:\/\/www.europesays.com\/fr\/wp-json\/wp\/v2\/posts\/687160","targetHints":{"allow":["GET"]}}],"collection":[{"href":"https:\/\/www.europesays.com\/fr\/wp-json\/wp\/v2\/posts"}],"about":[{"href":"https:\/\/www.europesays.com\/fr\/wp-json\/wp\/v2\/types\/post"}],"author":[{"embeddable":true,"href":"https:\/\/www.europesays.com\/fr\/wp-json\/wp\/v2\/users\/2"}],"replies":[{"embeddable":true,"href":"https:\/\/www.europesays.com\/fr\/wp-json\/wp\/v2\/comments?post=687160"}],"version-history":[{"count":0,"href":"https:\/\/www.europesays.com\/fr\/wp-json\/wp\/v2\/posts\/687160\/revisions"}],"wp:featuredmedia":[{"embeddable":true,"href":"https:\/\/www.europesays.com\/fr\/wp-json\/wp\/v2\/media\/687161"}],"wp:attachment":[{"href":"https:\/\/www.europesays.com\/fr\/wp-json\/wp\/v2\/media?parent=687160"}],"wp:term":[{"taxonomy":"category","embeddable":true,"href":"https:\/\/www.europesays.com\/fr\/wp-json\/wp\/v2\/categories?post=687160"},{"taxonomy":"post_tag","embeddable":true,"href":"https:\/\/www.europesays.com\/fr\/wp-json\/wp\/v2\/tags?post=687160"}],"curies":[{"name":"wp","href":"https:\/\/api.w.org\/{rel}","templated":true}]}}