{"id":68717,"date":"2025-05-02T06:52:07","date_gmt":"2025-05-02T06:52:07","guid":{"rendered":"https:\/\/www.europesays.com\/fr\/68717\/"},"modified":"2025-05-02T06:52:07","modified_gmt":"2025-05-02T06:52:07","slug":"une-chatte-survit-a-une-chute-de-115-metres-pas-ses-proprietaires","status":"publish","type":"post","link":"https:\/\/www.europesays.com\/fr\/68717\/","title":{"rendered":"une chatte survit \u00e0 une chute de 115 m\u00e8tres, pas ses propri\u00e9taires"},"content":{"rendered":"<p>L\u2019animal a \u00e9t\u00e9 secouru au fond du Canyon Bryce, dans un parc national de l\u2019\u00c9tat de l\u2019Utah, \u00e0 c\u00f4t\u00e9 des corps sans vie de ses deux ma\u00eetres identifi\u00e9s comme \u00e9tant Matthew Nannen, 45 ans, et Bailee Crane, 58 ans.<\/p>\n<p class=\"fig-paragraph\">Une chatte d&rsquo;une douzaine d&rsquo;ann\u00e9es a surv\u00e9cu apr\u00e8s \u00eatre tomb\u00e9e du haut d&rsquo;un\u00a0<a href=\"http:\/\/www.lefigaro.fr\/voyages\/parmi-les-plus-profonds-d-europe-ces-canyons-francais-viennent-de-recevoir-un-label-prestigieux-20240606\" target=\"_blank\" data-fig-type=\"Article\" rel=\"noopener\" data-gtm-custom-categorie=\"navigation\" data-gtm-custom-action=\"crossclick\" data-gtm-custom-label=\"Contextuel\" data-gtm-event=\"customEventSPE\" data-fig-domain=\"LEFIGARO\">canyon<\/a>\u00a0de 115 m\u00e8tres de profondeur dans l&rsquo;ouest des\u00a0<a href=\"http:\/\/www.lefigaro.fr\/international\/je-fais-ce-pour-quoi-j-ai-ete-elu-aux-etats-unis-le-bras-entre-donald-trump-et-les-juges-sur-les-expulsions-d-immigres-20250430\" target=\"_blank\" data-fig-type=\"Article\" rel=\"noopener\" data-gtm-custom-categorie=\"navigation\" data-gtm-custom-action=\"crossclick\" data-gtm-custom-label=\"Contextuel\" data-gtm-event=\"customEventSPE\" data-fig-domain=\"LEFIGARO\">\u00c9tats-Unis<\/a>\u00a0avec ses deux propri\u00e9taires, qui ont pour leur part p\u00e9ri, a annonc\u00e9 ce jeudi une association de protection des animaux. Le f\u00e9lin \u00aba \u00e9t\u00e9 retrouv\u00e9 dans une cage de transport noire sale et ray\u00e9e, mais semblait avoir assez bien support\u00e9 la chute\u00bb, a rapport\u00e9 l&rsquo;organisation Best Friends Animal Society dans un communiqu\u00e9.<\/p>\n<p>Au fond du Canyon Bryce<\/p>\n<p class=\"fig-paragraph\">L&rsquo;animal a \u00e9t\u00e9 secouru ce mardi soir au fond du Canyon Bryce, dans un parc national de\u00a0<a href=\"http:\/\/www.lefigaro.fr\/flash-actu\/l-utah-premier-etat-americain-a-interdire-la-fluoration-de-l-eau-20250328\" target=\"_blank\" data-fig-type=\"NewsFlash\" rel=\"noopener\" data-gtm-custom-categorie=\"navigation\" data-gtm-custom-action=\"crossclick\" data-gtm-custom-label=\"Contextuel\" data-gtm-event=\"customEventSPE\" data-fig-domain=\"LEFIGARO\">l&rsquo;\u00c9tat de l&rsquo;Utah<\/a>, \u00e0 c\u00f4t\u00e9 des corps sans vie de ses deux propri\u00e9taires identifi\u00e9s comme \u00e9tant Matthew Nannen, 45 ans, et Bailee Crane, 58 ans, selon le bureau du sh\u00e9rif local.<\/p>\n<p class=\"fig-paragraph\">Le couple est mort entre ce lundi et mardi, a pr\u00e9cis\u00e9 le sh\u00e9rif dans un communiqu\u00e9. La chatte, d\u00e9sormais baptis\u00e9e \u00abMirage\u00bb, a \u00e9t\u00e9 confi\u00e9e par les autorit\u00e9s \u00e0 la Best Friends Animal Society. \u00abElle \u00e9tait un peu endolorie, mais s&rsquo;est montr\u00e9e amicale lorsqu&rsquo;on l&rsquo;a examin\u00e9e, et elle a bu et mang\u00e9 toute seule\u00bb, a racont\u00e9 l&rsquo;organisation.<\/p>\n","protected":false},"excerpt":{"rendered":"L\u2019animal a \u00e9t\u00e9 secouru au fond du Canyon Bryce, dans un parc national de l\u2019\u00c9tat de l\u2019Utah, \u00e0&hellip;\n","protected":false},"author":2,"featured_media":68718,"comment_status":"","ping_status":"","sticky":false,"template":"","format":"standard","meta":{"footnotes":""},"categories":[1589],"tags":[259,11,260,17049,73,1866,14,261,18,12,262,1864,1865,1863,308],"class_list":{"0":"post-68717","1":"post","2":"type-post","3":"status-publish","4":"format-standard","5":"has-post-thumbnail","7":"category-etats-unis","8":"tag-actualite-internationale","9":"tag-actualites","10":"tag-affaires-etrangeres","11":"tag-chats","12":"tag-etats-unis","13":"tag-etats-unis-damerique","14":"tag-international","15":"tag-ministere-des-affaires-etrangeres","16":"tag-mort","17":"tag-news","18":"tag-politique-etrangere","19":"tag-united-states","20":"tag-united-states-of-america","21":"tag-us","22":"tag-usa"},"share_on_mastodon":{"url":"https:\/\/pubeurope.com\/@fr\/114436921649461861","error":""},"_links":{"self":[{"href":"https:\/\/www.europesays.com\/fr\/wp-json\/wp\/v2\/posts\/68717","targetHints":{"allow":["GET"]}}],"collection":[{"href":"https:\/\/www.europesays.com\/fr\/wp-json\/wp\/v2\/posts"}],"about":[{"href":"https:\/\/www.europesays.com\/fr\/wp-json\/wp\/v2\/types\/post"}],"author":[{"embeddable":true,"href":"https:\/\/www.europesays.com\/fr\/wp-json\/wp\/v2\/users\/2"}],"replies":[{"embeddable":true,"href":"https:\/\/www.europesays.com\/fr\/wp-json\/wp\/v2\/comments?post=68717"}],"version-history":[{"count":0,"href":"https:\/\/www.europesays.com\/fr\/wp-json\/wp\/v2\/posts\/68717\/revisions"}],"wp:featuredmedia":[{"embeddable":true,"href":"https:\/\/www.europesays.com\/fr\/wp-json\/wp\/v2\/media\/68718"}],"wp:attachment":[{"href":"https:\/\/www.europesays.com\/fr\/wp-json\/wp\/v2\/media?parent=68717"}],"wp:term":[{"taxonomy":"category","embeddable":true,"href":"https:\/\/www.europesays.com\/fr\/wp-json\/wp\/v2\/categories?post=68717"},{"taxonomy":"post_tag","embeddable":true,"href":"https:\/\/www.europesays.com\/fr\/wp-json\/wp\/v2\/tags?post=68717"}],"curies":[{"name":"wp","href":"https:\/\/api.w.org\/{rel}","templated":true}]}}